{"id":456910,"date":"2025-10-12T07:40:12","date_gmt":"2025-10-12T07:40:12","guid":{"rendered":"https:\/\/www.europesays.com\/fr\/456910\/"},"modified":"2025-10-12T07:40:12","modified_gmt":"2025-10-12T07:40:12","slug":"f1-retour-sur-les-bevues-du-mauvais-eleve-de-singapour-liam-lawson","status":"publish","type":"post","link":"https:\/\/www.europesays.com\/fr\/456910\/","title":{"rendered":"F1 Retour sur les b\u00e9vues du mauvais \u00e9l\u00e8ve de Singapour, Liam Lawson"},"content":{"rendered":"<p>Deux crashs en deux jours, Liam Lawson a fait fort, lors du Grand-Prix de Singapour de F1 2025. On imagine, d\u2019ailleurs, que le fameux coup de fil, d\u2019Helmut Marko, a du tomber lundi dernier. Car, hasard malheureux, le N\u00e9o-Z\u00e9landais r\u00e9v\u00e9lait justement jeudi dernier, en conf\u00e9rence pr\u00e9-Grand-Prix, que l\u2019Autrichien ne l\u2019avait pas appel\u00e9 depuis longuement. Pr\u00e9cis\u00e9ment parce qu\u2019il n\u2019avait rien \u00e0 lui reprocher. Chose qui n\u2019est \u00e9videmment plus le cas, au retour de Singapour\u2026<\/p>\n<p>Grand-Prix F1 de Singapour : deux instants critiques, pour Lawson<\/p>\n<p>Place \u00e0 la premi\u00e8re s\u00e9quence \u00e0 savoir, le violent contact avec le rail du pilote Racing Bulls Honda, pendant les essais libres 2.<\/p>\n<blockquote class=\"twitter-tweet\">\n<p dir=\"ltr\" lang=\"en\">The barrier bites! \ud83d\ude31<\/p>\n<p>A premature end to FP2 for Liam Lawson after this spectacular moment \ud83d\udca5<a href=\"https:\/\/twitter.com\/hashtag\/F1?src=hash&amp;ref_src=twsrc%5Etfw\" target=\"_blank\" rel=\"noopener nofollow\">#F1<\/a> <a href=\"https:\/\/twitter.com\/hashtag\/SingaporeGP?src=hash&amp;ref_src=twsrc%5Etfw\" target=\"_blank\" rel=\"noopener nofollow\">#SingaporeGP<\/a> <a href=\"https:\/\/t.co\/38S47vVQ1c\" rel=\"nofollow\">pic.twitter.com\/38S47vVQ1c<\/a><\/p>\n<p>\u2014 Formula 1 (@F1) <a href=\"https:\/\/twitter.com\/F1\/status\/1974139126992810164?ref_src=twsrc%5Etfw\" target=\"_blank\" rel=\"noopener nofollow\">October 3, 2025<\/a><\/p>\n<\/blockquote>\n<p>Voici, enfin, le deuxi\u00e8me et dernier Crash de Liam Lawson, survenu lors des essais libres 3 du Grand-Prix de Singapour de F1.<\/p>\n<blockquote class=\"twitter-tweet\">\n<p dir=\"ltr\" lang=\"en\">A dramatic crash for Liam Lawson in FP3 \ud83d\udca5<\/p>\n<p>\ud83d\udcfb \u201cI just hit the kerb\u201d<a href=\"https:\/\/twitter.com\/hashtag\/F1?src=hash&amp;ref_src=twsrc%5Etfw\" target=\"_blank\" rel=\"noopener nofollow\">#F1<\/a> <a href=\"https:\/\/twitter.com\/hashtag\/SingaporeGP?src=hash&amp;ref_src=twsrc%5Etfw\" target=\"_blank\" rel=\"noopener nofollow\">#SingaporeGP<\/a> <a href=\"https:\/\/t.co\/zdbmAXdRFI\" rel=\"nofollow\">pic.twitter.com\/zdbmAXdRFI<\/a><\/p>\n<p>\u2014 Formula 1 (@F1) <a href=\"https:\/\/twitter.com\/F1\/status\/1974412362888401240?ref_src=twsrc%5Etfw\" target=\"_blank\" rel=\"noopener nofollow\">October 4, 2025<\/a><\/p>\n<\/blockquote>\n<p>Article publi\u00e9 le 12\/10\/2025 \u00e0 6h15<\/p>\n<p>                                            <img loading=\"lazy\" alt=\"\" class=\"avatar avatar-100 photo lazyload\" height=\"100\" width=\"100\" decoding=\"async\" src=\"https:\/\/www.europesays.com\/fr\/wp-content\/uploads\/2025\/10\/1760254812_994_ffbb894c35ea5189d599d4ea062c98b86ffb67cc602fa683ebcbf422a80fc47a\"  data-eio-rwidth=\"100\" data-eio-rheight=\"100\"\/><\/p>\n<p class=\"h2\">\n                                            Julien Barthet\n                                        <\/p>\n<p>R\u00e9dacteur professionnel, titulaire de la carte de presse pendant 3 ans. Fondateur\/Directeur et R\u00e9dacteur en chef Le Mag Sport Auto et LeMagJeuxHighTech.com.&#13;<br \/>\nEx-Pilote automobile : 55 courses (Formule Ford, F.Campus, Coupe 206 Sprint et Relais, Saxo, Ford Fiesta Allemagne, Mitjet) 1 Victoire. Essais F3, Nascar Euro, Caterham, F.Renault, etc.<\/p>\n<p>                                                                                                                            <a href=\"https:\/\/lemagsportauto.ouest-france.fr\/author\/lmsa_adm\/\" title=\"Julien Barthet\" rel=\"nofollow noopener\" target=\"_blank\"><br \/>\n                                                Voir les publications de l&rsquo;auteur<br \/>\n                                            <\/a><\/p>\n<p>                                <script async src=\"https:\/\/platform.twitter.com\/widgets.js\" charset=\"utf-8\"><\/script><\/p>\n","protected":false},"excerpt":{"rendered":"Deux crashs en deux jours, Liam Lawson a fait fort, lors du Grand-Prix de Singapour de F1 2025.&hellip;\n","protected":false},"author":2,"featured_media":456911,"comment_status":"","ping_status":"","sticky":false,"template":"","format":"standard","meta":{"footnotes":""},"categories":[1412],"tags":[1451,1452,1453,1454,1455,1011,27,2254,60],"class_list":{"0":"post-456910","1":"post","2":"type-post","3":"status-publish","4":"format-standard","5":"has-post-thumbnail","7":"category-f1","8":"tag-f1","9":"tag-formula-1","10":"tag-formula1","11":"tag-formule-1","12":"tag-formule1","13":"tag-fr","14":"tag-france","15":"tag-liam-lawson","16":"tag-sports"},"share_on_mastodon":{"url":"https:\/\/pubeurope.com\/@fr\/115360067229645465","error":""},"_links":{"self":[{"href":"https:\/\/www.europesays.com\/fr\/wp-json\/wp\/v2\/posts\/456910","targetHints":{"allow":["GET"]}}],"collection":[{"href":"https:\/\/www.europesays.com\/fr\/wp-json\/wp\/v2\/posts"}],"about":[{"href":"https:\/\/www.europesays.com\/fr\/wp-json\/wp\/v2\/types\/post"}],"author":[{"embeddable":true,"href":"https:\/\/www.europesays.com\/fr\/wp-json\/wp\/v2\/users\/2"}],"replies":[{"embeddable":true,"href":"https:\/\/www.europesays.com\/fr\/wp-json\/wp\/v2\/comments?post=456910"}],"version-history":[{"count":0,"href":"https:\/\/www.europesays.com\/fr\/wp-json\/wp\/v2\/posts\/456910\/revisions"}],"wp:featuredmedia":[{"embeddable":true,"href":"https:\/\/www.europesays.com\/fr\/wp-json\/wp\/v2\/media\/456911"}],"wp:attachment":[{"href":"https:\/\/www.europesays.com\/fr\/wp-json\/wp\/v2\/media?parent=456910"}],"wp:term":[{"taxonomy":"category","embeddable":true,"href":"https:\/\/www.europesays.com\/fr\/wp-json\/wp\/v2\/categories?post=456910"},{"taxonomy":"post_tag","embeddable":true,"href":"https:\/\/www.europesays.com\/fr\/wp-json\/wp\/v2\/tags?post=456910"}],"curies":[{"name":"wp","href":"https:\/\/api.w.org\/{rel}","templated":true}]}}