{"id":456912,"date":"2025-10-12T07:41:10","date_gmt":"2025-10-12T07:41:10","guid":{"rendered":"https:\/\/www.europesays.com\/fr\/456912\/"},"modified":"2025-10-12T07:41:10","modified_gmt":"2025-10-12T07:41:10","slug":"ils-ne-voulaient-pas-continuer-avec-moi-et-moi-non-plus-max-bock-ne-restera-pas-actualite","status":"publish","type":"post","link":"https:\/\/www.europesays.com\/fr\/456912\/","title":{"rendered":"\u00ab Ils ne voulaient pas continuer avec moi, et moi non plus \u00bb, Max Bock ne restera pas &#8211; Actualit\u00e9"},"content":{"rendered":"<p style=\"text-align: justify;\"><strong><a href=\"https:\/\/www.directvelo.com\/coureur\/50184\/max-bock\" target=\"_blank\" rel=\"noopener\">Max Bock<\/a><\/strong>\u00a0ach\u00e8ve un bel exercice 2025. Apr\u00e8s \u00eatre pass\u00e9 proche du Top 10 au Championnat du Monde Espoirs, l&rsquo;Allemand y est parvenu au Championnat d&rsquo;Europe, <strong><a href=\"https:\/\/www.directvelo.com\/actualite\/124434\/championnat-deurope-u23-hommes-classement\" target=\"_blank\" rel=\"noopener\">en terminant au 9e rang<\/a><\/strong>, mais dans le groupe qui s&rsquo;est jou\u00e9 la m\u00e9daille de bronze. \u00ab\u00a0C\u2019\u00e9tait un parcours tr\u00e8s difficile, surtout avec les trois longues mont\u00e9es, qui me conviennent bien. Pendant les deux premiers tours, il ne s\u2019est pas pass\u00e9 grand-chose, car beaucoup de coureurs revenaient toujours dans les descentes et sur les parties plates entre les mont\u00e9es. Mais \u00e7a s\u2019est fait dans la troisi\u00e8me mont\u00e9e, la mont\u00e9e finale o\u00f9 le rythme \u00e9tait tr\u00e8s \u00e9lev\u00e9, ainsi que dans les deux derni\u00e8res mont\u00e9es raides\u00a0\u00bb, d\u00e9taille-t-il.<\/p>\n<p>\u00c0 ce jeu-l\u00e0, dans la mont\u00e9e finale du Val d&rsquo;Enfer, c&rsquo;est Jarno Widar qui a fait la diff\u00e9rence sur ses adversaires. Jusqu&rsquo;alors, Max Bock \u00e9tait \u00e0 chaque fois parvenu \u00e0 suivre le Belge. Mais cette ultime attaque a \u00e9t\u00e9 celle de trop. \u00ab\u00a0Je suis content de ma performance, car je pense avoir fait une bonne course\u00a0\u00bb. Dans le sprint pour la m\u00e9daille de bronze, l&rsquo;habituel soci\u00e9taire de la Conti Groupama-FDJ n&rsquo;avait pas beaucoup d&rsquo;espoir. \u00ab\u00a0Je dois surtout faire la diff\u00e9rence dans les mont\u00e9es, je ne suis pas un sprinteur. Quand j\u2019arrive avec un groupe sur la ligne d\u2019arriv\u00e9e, je suis souvent l\u2019un des derniers. Mais c\u2019est comme \u00e7a, mes points forts sont dans les mont\u00e9es, pas dans les sprints sur le plat\u00a0\u00bb, sourit-il.<\/p>\n<p><strong>\u00ab JE POUVAIS COURIR EN TANT QUE LEADER \u00bb<\/strong><\/p>\n<p>Apr\u00e8s une premi\u00e8re saison sans grande performance, le grimpeur allemand a eu un d\u00e9clic au mois de mai de cette ann\u00e9e. \u00ab\u00a0Mon premier vrai bon r\u00e9sultat a \u00e9t\u00e9 \u00e0 l\u2019Alpe Is\u00e8re Tour, et \u00e0 partir de l\u00e0, mes r\u00e9sultats ont \u00e9t\u00e9 tr\u00e8s bons jusqu\u2019\u00e0 la fin de la saison. Je suis tr\u00e8s content de ma progression cette ann\u00e9e, qui est ma deuxi\u00e8me ann\u00e9e en moins de 23 ans, et j\u2019esp\u00e8re continuer comme \u00e7a l\u2019ann\u00e9e prochaine\u00a0\u00bb. Ce sera sous de nouvelles couleurs. Car Max Bock n&rsquo;\u00e9tait plus vraiment en odeur de saintet\u00e9 avec son \u00e9quipe fran\u00e7aise. \u00ab\u00a0Je suis un tr\u00e8s bon co\u00e9quipier, mais comme je l\u2019ai dit, chez Groupama c\u2019\u00e9tait un peu difficile pour beaucoup de raisons que je ne veux pas \u00e9voquer pour l\u2019instant. Ils ne voulaient pas continuer avec moi, et moi non plus, je ne voulais pas rester dans l\u2019\u00e9quipe\u00a0\u00bb.<\/p>\n<p>Max Bock d\u00e9voile quand m\u00eame quelques pistes sur ce qui ne lui a pas plu. \u00ab\u00a0Dans une \u00e9quipe fran\u00e7aise, je pense que c\u2019est normal que les coureurs fran\u00e7ais soient un peu \u00ab privil\u00e9gi\u00e9s \u00bb. C\u2019est un peu triste, car je pense que dans une \u00e9quipe internationale, chaque coureur devrait avoir les m\u00eames opportunit\u00e9s et le m\u00eame programme de courses. Chez Groupama, ce n\u2019\u00e9tait pas le cas\u00a0\u00bb. Le <a href=\"https:\/\/www.directvelo.com\/actualite\/121060\/alpes-isere-tour-et-5-classements\" target=\"_blank\" rel=\"noopener\"><strong>5e de l&rsquo;Alpes Is\u00e8re Tour<\/strong><\/a> a pu respirer davantage en fin de saison avec un autre maillot, comme au Tour de l&rsquo;Avenir, o\u00f9 il a pris la 8e place. \u00ab\u00a0J\u2019ai fait les derni\u00e8res courses uniquement avec l\u2019\u00e9quipe nationale, j\u2019\u00e9tais vraiment content car je pouvais aussi courir en tant que leader\u00a0\u00bb. Son horizon va d\u00e9sormais le mener vers une autre \u00e9quipe r\u00e9serve. \u00ab\u00a0J\u2019esp\u00e8re ensuite pouvoir passer en WorldTour en 2027\u00a0\u00bb, conclut Max Bock.<\/p>\n","protected":false},"excerpt":{"rendered":"Max Bock\u00a0ach\u00e8ve un bel exercice 2025. Apr\u00e8s \u00eatre pass\u00e9 proche du Top 10 au Championnat du Monde Espoirs,&hellip;\n","protected":false},"author":2,"featured_media":456913,"comment_status":"","ping_status":"","sticky":false,"template":"","format":"standard","meta":{"footnotes":""},"categories":[1411],"tags":[834,828,836,829,837,827,83,826,824,823,1154,207,814,817,815,816,822,821,832,211,839,1011,27,820,818,819,835,831,830,833,838,60,212,208,825],"class_list":{"0":"post-456912","1":"post","2":"type-post","3":"status-publish","4":"format-standard","5":"has-post-thumbnail","7":"category-cyclisme","8":"tag-attaque","9":"tag-belgique","10":"tag-braquet","11":"tag-bretagne","12":"tag-chute","13":"tag-competition","14":"tag-coupe-de-france","15":"tag-coureur","16":"tag-course-cyclisme","17":"tag-course-cycliste","18":"tag-cycling","19":"tag-cyclisme","20":"tag-direct","21":"tag-direct-velo","22":"tag-directvelo","23":"tag-directvelo-com","24":"tag-epreuve","25":"tag-epreuve-cycliste","26":"tag-federation-francaise-de-cyclisme","27":"tag-ffc","28":"tag-flandres","29":"tag-fr","30":"tag-france","31":"tag-live","32":"tag-live-course","33":"tag-live-epreuve","34":"tag-peloton","35":"tag-radio-peloton","36":"tag-radio-tour","37":"tag-ravitaillement","38":"tag-relance","39":"tag-sports","40":"tag-uci","41":"tag-velo","42":"tag-velos"},"share_on_mastodon":{"url":"","error":"Validation failed: Text character limit of 500 exceeded"},"_links":{"self":[{"href":"https:\/\/www.europesays.com\/fr\/wp-json\/wp\/v2\/posts\/456912","targetHints":{"allow":["GET"]}}],"collection":[{"href":"https:\/\/www.europesays.com\/fr\/wp-json\/wp\/v2\/posts"}],"about":[{"href":"https:\/\/www.europesays.com\/fr\/wp-json\/wp\/v2\/types\/post"}],"author":[{"embeddable":true,"href":"https:\/\/www.europesays.com\/fr\/wp-json\/wp\/v2\/users\/2"}],"replies":[{"embeddable":true,"href":"https:\/\/www.europesays.com\/fr\/wp-json\/wp\/v2\/comments?post=456912"}],"version-history":[{"count":0,"href":"https:\/\/www.europesays.com\/fr\/wp-json\/wp\/v2\/posts\/456912\/revisions"}],"wp:featuredmedia":[{"embeddable":true,"href":"https:\/\/www.europesays.com\/fr\/wp-json\/wp\/v2\/media\/456913"}],"wp:attachment":[{"href":"https:\/\/www.europesays.com\/fr\/wp-json\/wp\/v2\/media?parent=456912"}],"wp:term":[{"taxonomy":"category","embeddable":true,"href":"https:\/\/www.europesays.com\/fr\/wp-json\/wp\/v2\/categories?post=456912"},{"taxonomy":"post_tag","embeddable":true,"href":"https:\/\/www.europesays.com\/fr\/wp-json\/wp\/v2\/tags?post=456912"}],"curies":[{"name":"wp","href":"https:\/\/api.w.org\/{rel}","templated":true}]}}