{"id":456915,"date":"2025-10-12T07:43:11","date_gmt":"2025-10-12T07:43:11","guid":{"rendered":"https:\/\/www.europesays.com\/fr\/456915\/"},"modified":"2025-10-12T07:43:11","modified_gmt":"2025-10-12T07:43:11","slug":"deces-de-diane-keaton-lactrice-a-mene-un-long-combat-contre-la-maladie-avant-de-mourir-elle-a-decline-tres-soudainement","status":"publish","type":"post","link":"https:\/\/www.europesays.com\/fr\/456915\/","title":{"rendered":"D\u00e9c\u00e8s de Diane Keaton \u2013 L&rsquo;actrice a men\u00e9 un long combat contre la maladie avant de mourir\u00a0: \u00ab\u00a0Elle a d\u00e9clin\u00e9 tr\u00e8s soudainement\u00a0\u00bb"},"content":{"rendered":"<p><a href=\"https:\/\/www.parismatch.be\/culture\/cinema\/2025\/10\/11\/diane-keaton-veritable-legende-du-cinema-est-decedee-a-lage-de-79-ans-ANSQGPK5EFA7VO3WRHF7GUDN2I\/\" target=\"_blank\" rel=\"noopener noreferrer\" class=\"ap-StoryInterstitialLink ap-StoryElement ap-StoryElement--mb\">Diane Keaton, v\u00e9ritable l\u00e9gende du cin\u00e9ma, est d\u00e9c\u00e9d\u00e9e \u00e0 l&rsquo;\u00e2ge de 79 ans<\/a>L&rsquo;\u00e9tat de sant\u00e9 de Diane Keaton s&rsquo;est d\u00e9grad\u00e9 subitement<\/p>\n<p class=\"text-left ap-StoryElement ap-StoryElement--mb ap-StoryText\">\u00ab\u00a0Elle a d\u00e9clin\u00e9 tr\u00e8s soudainement, ce qui a \u00e9t\u00e9 d\u00e9chirant pour tous ceux qui l&rsquo;aimaient\u00a0\u00bb, a confi\u00e9 un ami de Diane Keaton. Ce d\u00e9clin \u00e9tait tout \u00e0 fait \u00ab\u00a0inattendu\u00a0\u00bb. Ce combat, l&rsquo;actrice avait toutefois choisi de ne pas le m\u00e9diatiser, et de le vivre de fa\u00e7on priv\u00e9e avec sa famille. \u00ab\u00a0Au cours de ses derniers mois, elle n&rsquo;\u00e9tait entour\u00e9e que de ses proches, qui ont choisi de pr\u00e9server leur intimit\u00e9. M\u00eame ses amis de longue date n&rsquo;\u00e9taient pas pleinement conscients de ce qui se passait.\u00a0\u00bb<\/p>\n<p class=\"ap-StoryElement ap-StoryElement--mb ap-StoryText\">Ces derniers mois, l&rsquo;actrice avait toutefois surpris par un geste significatif. En mars 2025, l&rsquo;actrice avait d\u00e9cid\u00e9 de vendre \u00ab\u00a0sa maison de r\u00eave\u00a0\u00bb \u00e0 Los Angeles, dans laquelle elle avait pourtant pr\u00e9vu de finir sa vie. Diane Keaton avait \u00e9galement arr\u00eat\u00e9 de promener son chien dans son quartier, une activit\u00e9 qu&rsquo;elle avait l&rsquo;habitude de faire quotidiennement. \u00ab\u00a0Il y a encore quelques mois, elle promenait son chien tous les jours. Elle \u00e9tait g\u00e9n\u00e9ralement habill\u00e9e de la m\u00eame fa\u00e7on, avec un chapeau et ses lunettes de soleil caract\u00e9ristiques, quel que soit le temps.\u00a0\u00bb<\/p>\n","protected":false},"excerpt":{"rendered":"Diane Keaton, v\u00e9ritable l\u00e9gende du cin\u00e9ma, est d\u00e9c\u00e9d\u00e9e \u00e0 l&rsquo;\u00e2ge de 79 ansL&rsquo;\u00e9tat de sant\u00e9 de Diane Keaton&hellip;\n","protected":false},"author":2,"featured_media":456916,"comment_status":"","ping_status":"","sticky":false,"template":"","format":"standard","meta":{"footnotes":""},"categories":[1359],"tags":[3983,58208,58,59,58209,1011,27,226,973],"class_list":{"0":"post-456915","1":"post","2":"type-post","3":"status-publish","4":"format-standard","5":"has-post-thumbnail","7":"category-people","8":"tag-deces","9":"tag-diane-keaton","10":"tag-divertissement","11":"tag-entertainment","12":"tag-etat-de-sante","13":"tag-fr","14":"tag-france","15":"tag-maladie","16":"tag-people"},"share_on_mastodon":{"url":"https:\/\/pubeurope.com\/@fr\/115360078671128846","error":""},"_links":{"self":[{"href":"https:\/\/www.europesays.com\/fr\/wp-json\/wp\/v2\/posts\/456915","targetHints":{"allow":["GET"]}}],"collection":[{"href":"https:\/\/www.europesays.com\/fr\/wp-json\/wp\/v2\/posts"}],"about":[{"href":"https:\/\/www.europesays.com\/fr\/wp-json\/wp\/v2\/types\/post"}],"author":[{"embeddable":true,"href":"https:\/\/www.europesays.com\/fr\/wp-json\/wp\/v2\/users\/2"}],"replies":[{"embeddable":true,"href":"https:\/\/www.europesays.com\/fr\/wp-json\/wp\/v2\/comments?post=456915"}],"version-history":[{"count":0,"href":"https:\/\/www.europesays.com\/fr\/wp-json\/wp\/v2\/posts\/456915\/revisions"}],"wp:featuredmedia":[{"embeddable":true,"href":"https:\/\/www.europesays.com\/fr\/wp-json\/wp\/v2\/media\/456916"}],"wp:attachment":[{"href":"https:\/\/www.europesays.com\/fr\/wp-json\/wp\/v2\/media?parent=456915"}],"wp:term":[{"taxonomy":"category","embeddable":true,"href":"https:\/\/www.europesays.com\/fr\/wp-json\/wp\/v2\/categories?post=456915"},{"taxonomy":"post_tag","embeddable":true,"href":"https:\/\/www.europesays.com\/fr\/wp-json\/wp\/v2\/tags?post=456915"}],"curies":[{"name":"wp","href":"https:\/\/api.w.org\/{rel}","templated":true}]}}