{"id":456919,"date":"2025-10-12T07:45:27","date_gmt":"2025-10-12T07:45:27","guid":{"rendered":"https:\/\/www.europesays.com\/fr\/456919\/"},"modified":"2025-10-12T07:45:27","modified_gmt":"2025-10-12T07:45:27","slug":"dans-son-dernier-livre-thomas-brosset-entre-dans-la-tete-dun-tueur","status":"publish","type":"post","link":"https:\/\/www.europesays.com\/fr\/456919\/","title":{"rendered":"dans son dernier livre, Thomas Brosset entre dans la t\u00eate d\u2019un tueur"},"content":{"rendered":"<p>Il s\u2019agit de son 49e ouvrage mais c\u2019est certainement celui qui lui tient le plus \u00e0 c\u0153ur. L\u2019auteur rochelais et ancien journaliste de \u00ab\u00a0Sud Ouest\u00a0\u00bb Thomas Brosset vient de publier \u00ab\u00a0Confession d\u2019un tueur en s\u00e9rie\u00a0\u00bb. Un polar inspir\u00e9 d\u2019une histoire vraie qu\u2019il a eu le temps de m\u00fbrir au cours des derni\u00e8res d\u00e9cennies. Car ce projet a plus de 30\u00a0ans.<\/p>\n<p>Au cours de sa carri\u00e8re, le journaliste a suivi deux proc\u00e8s qui l\u2019ont particuli\u00e8rement marqu\u00e9. Devant la cour d\u2019assises de Saintes d\u2019abord en 1985, puis \u00e0 Nancy en 2002 ensuite, le m\u00eame homme \u00e9tait accus\u00e9 d\u2019avoir tu\u00e9 et vol\u00e9 l\u2019identit\u00e9 de ses victimes. Acquitt\u00e9 en Charente-Maritime, il sera condamn\u00e9 \u00e0 la perp\u00e9tuit\u00e9 en Meurthe-et-Moselle. \u00ab\u00a0Cet homme a pass\u00e9 son existence en clandestin, t\u00e9moigne Thomas Brosset. Au cours de sa vie, il aurait utilis\u00e9 23 identit\u00e9s diff\u00e9rentes. C\u2019est un tueur en s\u00e9rie atypique. Ce livre est largement inspir\u00e9 de son histoire.\u00a0\u00bb<\/p>\n<p>Comme un journal intime<\/p>\n<p>Celui qu\u2019il appelle \u00ab\u00a0Brahim\u00a0\u00bb dans son livre parle \u00e0 la premi\u00e8re personne. Au cours des 216 pages du roman, le lecteur est lui-m\u00eame \u00e0 la fois usurpateur, tueur, escroc. \u00ab\u00a0Je voulais donner un c\u00f4t\u00e9 journal intime\u00a0\u00bb, pr\u00e9cise l\u2019auteur. Son personnage, dont toute ressemblance avec une personne r\u00e9elle n\u2019est pas fortuite, rep\u00e9rait ses victimes dans des h\u00f4pitaux psychiatriques o\u00f9 il se faisait interner volontairement. C\u2019est ici qu\u2019il se rapprochait de personnes socialement isol\u00e9es, que l\u2019on ne viendrait pas chercher, qui disparaissaient dans l\u2019indiff\u00e9rence g\u00e9n\u00e9rale.<\/p>\n<p>C\u2019est fascinant. \u00ab\u00a0Confessions d\u2019un tueur en s\u00e9rie\u00a0\u00bb, qui a \u00e9t\u00e9 pr\u00e9s\u00e9lectionn\u00e9 au festival de litt\u00e9rature et de cin\u00e9ma policiers Quais du polar de Lyon, tient ses promesses. Le lecteur entre dans la t\u00eate de celui qui a finalement r\u00e9ussi \u00e0 se faire un nom dans la rubrique justice.<\/p>\n<p>Thomas Brosset sera pr\u00e9sent aux salons du livre de Saint-Xandre le 19\u00a0octobre et de Fouras le 8\u00a0novembre.<\/p>\n<p>\u00ab\u00a0Confessions d\u2019un tueur en s\u00e9rie\u00a0\u00bb de Thomas Brosset aux \u00c9ditions Moissons Noire. 216 pages. 7,90\u00a0euros.<\/p>\n","protected":false},"excerpt":{"rendered":"Il s\u2019agit de son 49e ouvrage mais c\u2019est certainement celui qui lui tient le plus \u00e0 c\u0153ur. L\u2019auteur&hellip;\n","protected":false},"author":2,"featured_media":456920,"comment_status":"","ping_status":"","sticky":false,"template":"","format":"standard","meta":{"footnotes":""},"categories":[1357],"tags":[1379,58,59,1011,27,1380],"class_list":{"0":"post-456919","1":"post","2":"type-post","3":"status-publish","4":"format-standard","5":"has-post-thumbnail","7":"category-livres","8":"tag-books","9":"tag-divertissement","10":"tag-entertainment","11":"tag-fr","12":"tag-france","13":"tag-livres"},"share_on_mastodon":{"url":"https:\/\/pubeurope.com\/@fr\/115360086476521170","error":""},"_links":{"self":[{"href":"https:\/\/www.europesays.com\/fr\/wp-json\/wp\/v2\/posts\/456919","targetHints":{"allow":["GET"]}}],"collection":[{"href":"https:\/\/www.europesays.com\/fr\/wp-json\/wp\/v2\/posts"}],"about":[{"href":"https:\/\/www.europesays.com\/fr\/wp-json\/wp\/v2\/types\/post"}],"author":[{"embeddable":true,"href":"https:\/\/www.europesays.com\/fr\/wp-json\/wp\/v2\/users\/2"}],"replies":[{"embeddable":true,"href":"https:\/\/www.europesays.com\/fr\/wp-json\/wp\/v2\/comments?post=456919"}],"version-history":[{"count":0,"href":"https:\/\/www.europesays.com\/fr\/wp-json\/wp\/v2\/posts\/456919\/revisions"}],"wp:featuredmedia":[{"embeddable":true,"href":"https:\/\/www.europesays.com\/fr\/wp-json\/wp\/v2\/media\/456920"}],"wp:attachment":[{"href":"https:\/\/www.europesays.com\/fr\/wp-json\/wp\/v2\/media?parent=456919"}],"wp:term":[{"taxonomy":"category","embeddable":true,"href":"https:\/\/www.europesays.com\/fr\/wp-json\/wp\/v2\/categories?post=456919"},{"taxonomy":"post_tag","embeddable":true,"href":"https:\/\/www.europesays.com\/fr\/wp-json\/wp\/v2\/tags?post=456919"}],"curies":[{"name":"wp","href":"https:\/\/api.w.org\/{rel}","templated":true}]}}