{"id":456921,"date":"2025-10-12T07:46:10","date_gmt":"2025-10-12T07:46:10","guid":{"rendered":"https:\/\/www.europesays.com\/fr\/456921\/"},"modified":"2025-10-12T07:46:10","modified_gmt":"2025-10-12T07:46:10","slug":"mask-singer-8-bye-bye-le-dj-son-aventure-sarrete-juste-avant-la-demi-finale-kev-adams-est-le-seul-enqueteur-a-avoir-trouve-son-identite","status":"publish","type":"post","link":"https:\/\/www.europesays.com\/fr\/456921\/","title":{"rendered":"Mask Singer 8 : Bye bye le DJ, son aventure s&rsquo;arr\u00eate juste avant la demi-finale ! Kev Adams est le seul enqu\u00eateur \u00e0 avoir trouv\u00e9 son identit\u00e9"},"content":{"rendered":"<p>La suite apr\u00e8s la publicit\u00e9<\/p>\n<p>Samedi 11 octobre 2025, c&rsquo;\u00e9tait l&rsquo;heure de d\u00e9couvrir le quart de finale de Mask Singer 8, avec au programme une sp\u00e9ciale frissons o\u00f9 r\u00e9gnaient les fant\u00f4mes, esprits et mort-vivants. Les personnages toujours en comp\u00e9tition, \u00e0 savoir le Lapin, l\u2019Agneau, le Scarab\u00e9e, la Taupe et le DJ (on sait depuis le d\u00e9but de la saison <a href=\"https:\/\/www.purepeople.com\/article\/mask-singer-de-retour-sur-tf1-on-sait-qui-est-la-personnalite-sous-le-costume-du-dj_a542368\/1\" rel=\"nofollow noopener\" target=\"_blank\">de qui il s&rsquo;agit<\/a>), s&rsquo;affrontaient avec l&rsquo;objectif de se qualifier pour la demi-finale, puis la finale qui se tiendra le 24 octobre prochain sur TF1.\u00a0<\/p>\n<p><a href=\"https:\/\/www.purepeople.com\/article\/mask-singer-8-cest-une-fin-daventure-pour-le-doudou-un-celebre-acteur-qui-a-commence-sa-carriere-il-y-a-presque-60-ans_a543227\/1\" rel=\"nofollow noopener\" target=\"_blank\">La semaine derni\u00e8re, c&rsquo;est le Doudou qui a \u00e9t\u00e9 contraint de quitter ses camarades. Sous ce costume se cachait Francis Perrin<\/a>, un acteur qui, pensionnaire de la Com\u00e9die-Fran\u00e7aise \u00e0 partir de 1972, s&rsquo;est fait conna\u00eetre avec les pi\u00e8ces du r\u00e9pertoire avant de devenir c\u00e9l\u00e8bre au cin\u00e9ma pour ses personnages maladroits et attachants dans La Gifle (1974), Le Chasseur de chez Maxim&rsquo;s (1976) ou On a vol\u00e9 la cuisse de Jupiter (1980), avant d&rsquo;acc\u00e9der \u00e0 des premiers r\u00f4les comiques dans des succ\u00e8s tels que Le Roi des cons (1981), T\u00eate \u00e0 claques (1982) et Le Joli C\u0153ur (1984), d&rsquo;\u00eatre nomm\u00e9 au Moli\u00e8re du com\u00e9dien pour Sign\u00e9 Dumas, et bien s\u00fbr d&rsquo;incarner l\u2019inspecteur Mongeville dans la s\u00e9rie du m\u00eame nom. Il c\u00e9l\u00e8brera prochainement ses 60 ans de carri\u00e8re.<\/p>\n<p>Tibo In Shape \u00e9limin\u00e9 de Mask Singer 8 le 11 octobre 2025<\/p>\n<p>Durant cette sp\u00e9ciale frissons, d\u00e9cal\u00e9e \u00e0 samedi car vendredi soir se tenait le match de football opposant la France \u00e0 l&rsquo;Azerba\u00efdjan (Qualifications au Mondial 2026), Kev Adams, Chantal Ladesou, Micha\u00ebl Youn et Laurent Ruquier ont \u00e9t\u00e9 rejoints par un enqu\u00eateur myst\u00e8re qui a surgi des t\u00e9n\u00e8bres pour leur pr\u00eater main forte. Il s&rsquo;est d\u00e9masqu\u00e9 apr\u00e8s une seule performance et un magn\u00e9to indices. Et c&rsquo;est Marie s&rsquo;infiltre qui les a rejoints.<\/p>\n<p>Si le Lapin, le Scarab\u00e9e, l&rsquo;Agneau et la Taupe ont \u00e9t\u00e9 choisis pour aller en demi-finale la semaine prochaine, <strong>c&rsquo;est le DJ qui a remport\u00e9 le moins de suffrages du public et qui a \u00e9t\u00e9 contraint de se d\u00e9masquer. <\/strong>Le public savait donc d\u00e9j\u00e0 qu&rsquo;il s&rsquo;agissait de Tibo In Shape mais les enqu\u00eateurs ont eu bien du mal \u00e0 trouver son identit\u00e9.<strong> Seul Kev Adams avait trouv\u00e9 l&rsquo;identit\u00e9 du <\/strong><a href=\"https:\/\/www.purepeople.com\/article\/dans-cette-vie-et-dans-l-autre-juju-fitcats-et-tibo-inshape-sont-enfin-maries-les-images-des-youtubeurs-devoilees_a538527\/1\" rel=\"nofollow noopener\" target=\"_blank\">cr\u00e9ateur de contenus mari\u00e9 \u00e0 Juju Fitcats<\/a><strong> Chantal Ladesou l&rsquo;avait quant \u00e0 elle mis dans sa liste des personnalit\u00e9s possibles <\/strong>mais n&rsquo;\u00e9tait pas totalement sure. Kev Adams a une nouvelle fois prouv\u00e9 qu&rsquo;il est un enqu\u00eateur redoutable dans Mask Singer !\u00a0<\/p>\n<p>Du c\u00f4t\u00e9 des audiences, cette nouvelle soir\u00e9e de Mask Singer a \u00e9t\u00e9 suivie par 2,83 millions de t\u00e9l\u00e9spectateurs selon nos confr\u00e8res de Purem\u00e9dias soit 17,9% de PDA sur l&rsquo;ensemble du public et 16,4% de PDA sur les FRDA-50.<\/p>\n<p>\u00a0<\/p>\n","protected":false},"excerpt":{"rendered":"La suite apr\u00e8s la publicit\u00e9 Samedi 11 octobre 2025, c&rsquo;\u00e9tait l&rsquo;heure de d\u00e9couvrir le quart de finale de&hellip;\n","protected":false},"author":2,"featured_media":456922,"comment_status":"","ping_status":"","sticky":false,"template":"","format":"standard","meta":{"footnotes":""},"categories":[1356],"tags":[58,59,1011,27,252,1364],"class_list":{"0":"post-456921","1":"post","2":"type-post","3":"status-publish","4":"format-standard","5":"has-post-thumbnail","7":"category-television","8":"tag-divertissement","9":"tag-entertainment","10":"tag-fr","11":"tag-france","12":"tag-television","13":"tag-tv"},"share_on_mastodon":{"url":"https:\/\/pubeurope.com\/@fr\/115360090330035062","error":""},"_links":{"self":[{"href":"https:\/\/www.europesays.com\/fr\/wp-json\/wp\/v2\/posts\/456921","targetHints":{"allow":["GET"]}}],"collection":[{"href":"https:\/\/www.europesays.com\/fr\/wp-json\/wp\/v2\/posts"}],"about":[{"href":"https:\/\/www.europesays.com\/fr\/wp-json\/wp\/v2\/types\/post"}],"author":[{"embeddable":true,"href":"https:\/\/www.europesays.com\/fr\/wp-json\/wp\/v2\/users\/2"}],"replies":[{"embeddable":true,"href":"https:\/\/www.europesays.com\/fr\/wp-json\/wp\/v2\/comments?post=456921"}],"version-history":[{"count":0,"href":"https:\/\/www.europesays.com\/fr\/wp-json\/wp\/v2\/posts\/456921\/revisions"}],"wp:featuredmedia":[{"embeddable":true,"href":"https:\/\/www.europesays.com\/fr\/wp-json\/wp\/v2\/media\/456922"}],"wp:attachment":[{"href":"https:\/\/www.europesays.com\/fr\/wp-json\/wp\/v2\/media?parent=456921"}],"wp:term":[{"taxonomy":"category","embeddable":true,"href":"https:\/\/www.europesays.com\/fr\/wp-json\/wp\/v2\/categories?post=456921"},{"taxonomy":"post_tag","embeddable":true,"href":"https:\/\/www.europesays.com\/fr\/wp-json\/wp\/v2\/tags?post=456921"}],"curies":[{"name":"wp","href":"https:\/\/api.w.org\/{rel}","templated":true}]}}