{"id":456923,"date":"2025-10-12T07:47:12","date_gmt":"2025-10-12T07:47:12","guid":{"rendered":"https:\/\/www.europesays.com\/fr\/456923\/"},"modified":"2025-10-12T07:47:12","modified_gmt":"2025-10-12T07:47:12","slug":"la-premiere-rencontre-improbable-entre-nicky-doll-et-lady-gaga","status":"publish","type":"post","link":"https:\/\/www.europesays.com\/fr\/456923\/","title":{"rendered":"La premi\u00e8re rencontre improbable entre Nicky Doll et Lady Gaga"},"content":{"rendered":"<p>Fan de la premi\u00e8re heure de Lady Gaga, Nicky Doll \u2013 de son vrai nom Karl Sanchez \u2013 a rencontr\u00e9 son idole alors que celle-ci \u00e9tait encore une quasi-inconnue. <\/p>\n<p>Lors de la finale de \u00ab Drag Race France All Stars\u00a0\u00bb, diffus\u00e9e en ao\u00fbt dernier sur France 2, <a href=\"https:\/\/www.parismatch.com\/vivre\/bijoux-et-montres\/lady-gaga-le-diamant-qui-valait-un-oscar-254716\" target=\"_blank\" rel=\"nofollow noopener\">Lady Gaga<\/a> a fait une apparition inattendue \u2013 en vid\u00e9o -, pour encourager les candidates encore en lice. Un message personnalis\u00e9 qui a particuli\u00e8rement touch\u00e9 la pr\u00e9sentatrice de l\u2019\u00e9mission, Nicky Doll, fan de la premi\u00e8re heure de la chanteuse am\u00e9ricaine. <\/p>\n<p>Il faut remonter aux origines de Nicky Doll pour comprendre cette passion. Derri\u00e8re ce personnage sur talons hauts, il y a Karl Sanchez, 34 ans, dont le r\u00eave de gosse \u00e9tait de devenir une pop star. Marseillais d\u2019origine, il d\u00e9barque \u00e0 Paris, \u00e0 l\u2019\u00e2ge de 18 ans, pour se donner les moyens de ses ambitions. Rapidement, il va s\u2019initier \u00e0 la culture drag et faire na\u00eetre son alter-ego f\u00e9minin, Nicky Doll. <\/p>\n<p>    La suite apr\u00e8s cette publicit\u00e9<\/p>\n<p>\u00ab \u00c0 l&rsquo;\u00e9poque, elle n\u2019avait m\u00eame pas de manager ou de garde du corps\u00a0\u00bb<\/p>\n<p>\u00c0 la m\u00eame \u00e9poque, il \u00e9coute en boucle Lady Gaga, qui n\u2019a alors sorti qu\u2019une seule chanson et est quasi-inconnue en France. Interview\u00e9 par \u00ab\u00a0Paris Match\u00a0\u00bb, Karl se souvient avoir \u00e9t\u00e9 le seul \u00e0 faire le pied de grue devant les studios de Radio FG, lors de la premi\u00e8re venue de la chanteuse dans la capitale. <\/p>\n<p>    La suite apr\u00e8s cette publicit\u00e9<\/p>\n<p>\u00ab\u00a0Elle n\u2019avait m\u00eame pas de manager ou de garde du corps avec elle. Elle \u00e9tait tellement surprise de me voir qu\u2019elle m\u2019avait pris dans ses bras et m\u2019avait dit que j\u2019\u00e9tais son premier fan fran\u00e7ais. Je l\u2019ai revue plus tard, le succ\u00e8s \u00e9tait pass\u00e9 par l\u00e0, mais elle s\u2019en souvenait\u00a0\u00bb, nous raconte-t-il. <\/p>\n<p>Lady Gaga sera \u00e9videmment l\u2019une de ses grandes inspirations pour la suite de sa carri\u00e8re. Sur le premier album de Nicky Doll, \u00ab Apollo Artemis\u00a0\u00bb, paru en cette rentr\u00e9e, on entend quelques sonorit\u00e9s que ne renierait pas l\u2019interpr\u00e8te d\u2019\u00ab\u00a0Abracadabra\u00a0\u00bb. <\/p>\n<p>    La suite apr\u00e8s cette publicit\u00e9<\/p>\n<p>    La suite apr\u00e8s cette publicit\u00e9<\/p>\n<p>Pourrait-on esp\u00e9rer une autre surprise de la part de Lady Gaga \u00e0 l\u2019occasion du grand spectacle que les drag queens de \u00ab\u00a0Drag Race France\u00a0All Stars \u00bb, \u00e9videmment accompagn\u00e9es par Nicky Doll, donneront \u00e0 l\u2019Accor Arena, \u00e0 Paris, le 6 novembre prochain\u00a0? <\/p>\n","protected":false},"excerpt":{"rendered":"Fan de la premi\u00e8re heure de Lady Gaga, Nicky Doll \u2013 de son vrai nom Karl Sanchez \u2013&hellip;\n","protected":false},"author":2,"featured_media":456924,"comment_status":"","ping_status":"","sticky":false,"template":"","format":"standard","meta":{"footnotes":""},"categories":[1355],"tags":[58,59,1011,27,1361,873],"class_list":{"0":"post-456923","1":"post","2":"type-post","3":"status-publish","4":"format-standard","5":"has-post-thumbnail","7":"category-musique","8":"tag-divertissement","9":"tag-entertainment","10":"tag-fr","11":"tag-france","12":"tag-music","13":"tag-musique"},"share_on_mastodon":{"url":"https:\/\/pubeurope.com\/@fr\/115360094334907885","error":""},"_links":{"self":[{"href":"https:\/\/www.europesays.com\/fr\/wp-json\/wp\/v2\/posts\/456923","targetHints":{"allow":["GET"]}}],"collection":[{"href":"https:\/\/www.europesays.com\/fr\/wp-json\/wp\/v2\/posts"}],"about":[{"href":"https:\/\/www.europesays.com\/fr\/wp-json\/wp\/v2\/types\/post"}],"author":[{"embeddable":true,"href":"https:\/\/www.europesays.com\/fr\/wp-json\/wp\/v2\/users\/2"}],"replies":[{"embeddable":true,"href":"https:\/\/www.europesays.com\/fr\/wp-json\/wp\/v2\/comments?post=456923"}],"version-history":[{"count":0,"href":"https:\/\/www.europesays.com\/fr\/wp-json\/wp\/v2\/posts\/456923\/revisions"}],"wp:featuredmedia":[{"embeddable":true,"href":"https:\/\/www.europesays.com\/fr\/wp-json\/wp\/v2\/media\/456924"}],"wp:attachment":[{"href":"https:\/\/www.europesays.com\/fr\/wp-json\/wp\/v2\/media?parent=456923"}],"wp:term":[{"taxonomy":"category","embeddable":true,"href":"https:\/\/www.europesays.com\/fr\/wp-json\/wp\/v2\/categories?post=456923"},{"taxonomy":"post_tag","embeddable":true,"href":"https:\/\/www.europesays.com\/fr\/wp-json\/wp\/v2\/tags?post=456923"}],"curies":[{"name":"wp","href":"https:\/\/api.w.org\/{rel}","templated":true}]}}