{"id":456935,"date":"2025-10-12T07:53:11","date_gmt":"2025-10-12T07:53:11","guid":{"rendered":"https:\/\/www.europesays.com\/fr\/456935\/"},"modified":"2025-10-12T07:53:11","modified_gmt":"2025-10-12T07:53:11","slug":"thales-double-la-production-de-ses-sonars-bete-noire-des-sous-marins-actualites","status":"publish","type":"post","link":"https:\/\/www.europesays.com\/fr\/456935\/","title":{"rendered":"Thales double la production de ses sonars, b\u00eate noire des sous-marins : Actualit\u00e9s"},"content":{"rendered":"<p class=\"lead \">A quelques encablures de la base navale de Brest o\u00f9 sommeillent les sous-marins nucl\u00e9aires fran\u00e7ais, Thales intensifie la fabrication de sonars destin\u00e9s \u00e0 traquer les b\u00e2timents ennemis sous l&rsquo;eau, des \u00ab\u00a0poissons\u00a0\u00bb jaunes dont la demande explose sur les oc\u00e9ans. <\/p>\n<p class=\"lead \">Agrandis, les ateliers tournent \u00e0 plein r\u00e9gime. Le groupe de haute technologie et de d\u00e9fense a r\u00e9cemment vendu le centi\u00e8me sonar remorqu\u00e9 Captas, son produit vedette, qui \u00e9quipe dix-sept marines, dont celle des Etats-Unis. <\/p>\n<p class=\"lead \">\u00ab\u00a0Pour tenir compte de l&rsquo;augmentation de la demande\u00a0\u00bb, la capacit\u00e9 de production va \u00eatre multipli\u00e9e \u00ab\u00a0par 2 \u00e0 2,5\u00a0\u00bb entre 2024 et 2026, assure Emmanuel Michaud, vice-pr\u00e9sident du secteur sous-marins chez Thales. Une dynamique port\u00e9e par l\u2019augmentation des budgets de d\u00e9fense en Europe face \u00e0 la posture de plus en plus mena\u00e7ante de la Russie. <\/p>\n<p class=\"lead \">Thales, qui emploie plus de 1.800 personnes \u00e0 Brest, y a recrut\u00e9 120 personnes en 2024 et le m\u00eame nombre d&#8217;embauches est pr\u00e9vu en 2025.<\/p>\n<p class=\"lead \">&#8211;  Entendre l&rsquo;invisible &#8211;<\/p>\n<p class=\"lead \">Un sous-marin ne vaut que tant qu&rsquo;il est invisible: d\u00e8s qu&rsquo;il est rep\u00e9r\u00e9, il devient une cible. <\/p>\n<p class=\"lead \">\u00ab\u00a0Localiser et identifier le sous-matin ennemi vous donne un avantage strat\u00e9gique significatif\u00a0\u00bb, explique \u00e0 l&rsquo;AFP Kai Balder, sp\u00e9cialiste de la guerre anti-sous-marine au cabinet de conseil Roland Berger.  <\/p>\n<p class=\"lead \">R\u00e9cemment la fr\u00e9gate fran\u00e7aise multimission Alsace \u00e9quip\u00e9e de Captas a escort\u00e9 pendant plusieurs semaines un sous-marin russe dans l&rsquo;Atlantique.<\/p>\n<p class=\"lead \">\u00ab\u00a0Les sonars touchent directement \u00e0 la dissuasion. La lutte anti-sous-marine est un facteur d\u00e9terminant de la cr\u00e9dibilit\u00e9\u00a0\u00bb d&rsquo;une puissance nucl\u00e9aire, explique \u00e0 l&rsquo;AFP l&rsquo;amiral Eric Chaperon, conseiller d\u00e9fense de Thales.  <\/p>\n<p class=\"lead \">Dans cette lutte, Thales figure \u00ab\u00a0parmi les meilleurs fournisseurs de sonars au monde, non seulement en France, mais aussi au Royaume-Uni, et m\u00eame dans certaines parties aux Etats-Unis qui pr\u00e9f\u00e8rent traditionnellement leurs fabricants nationaux\u00a0\u00bb, remarque Kai Balder.<\/p>\n<p class=\"lead \">Mis \u00e0 l\u2019eau depuis l\u2019arri\u00e8re d&rsquo;une fr\u00e9gate, le Captas scrute les profondeurs en \u00e9mettant des ondes de tr\u00e8s basse fr\u00e9quence \u00e0 grande distance pour d\u00e9tecter les \u00e9chos dans les profondeurs.<\/p>\n<p class=\"lead \">\u00ab\u00a0Le sous-marin a beau \u00eatre silencieux, il va \u00eatre touch\u00e9\u00a0\u00bb, dit Eric Chaperon. <\/p>\n<p class=\"lead \">En compl\u00e9ment, la bou\u00e9e sonar de Thales Sonoflash, qui peut \u00eatre transport\u00e9e par h\u00e9licopt\u00e8re puis largu\u00e9e dans l&rsquo;eau, affine la localisation.<\/p>\n<p class=\"lead \">Ce dispositif \u00ab\u00a0permet de d\u00e9tecter, de pister et, le cas \u00e9ch\u00e9ant, d\u2019engager un armement une fois que la cible est identifi\u00e9e\u00a0\u00bb, explique Emmanuel Michaud.<\/p>\n<p class=\"lead \">&#8211; March\u00e9 \u00ab\u00a0attrayant\u00a0\u00bb &#8211; <\/p>\n<p class=\"lead \">Thales d\u00e9veloppe aussi des outils de lutte contre les mines sous-marines, misant sur les drones pour tenir les \u00e9quipages \u00e0 l\u2019\u00e9cart du danger.<\/p>\n<p class=\"lead \">Le sonar tract\u00e9 Tsam, remorqu\u00e9 sur un drone de surface, peut trouver des objets \u00ab\u00a0de l&rsquo;ordre d&rsquo;une carte bancaire sous l&rsquo;eau\u00a0\u00bb, explique Anthony Loussaut, responsable des sonars pour le projet de la lutte contre les mines franco-britannique MMCM visant \u00e0 remplacer les chasseurs de mines traditionnels par des syst\u00e8mes autonomes.<\/p>\n<p class=\"lead \">Thales qui a d\u00e9j\u00e0 vendu plus de 300 sonars de chasse aux mines \u00e0 une cinquantaine de marines, a livr\u00e9 pour la premi\u00e8re fois un syst\u00e8me autonome \u00e0 la Marine nationale fin 2024 puis \u00e0 la Royal Navy en f\u00e9vrier 2025. Leur mise en service est pr\u00e9vu en 2026.<\/p>\n<p class=\"lead \">Mais la concurrence fait rage, reconna\u00eet Beno\u00eet Drier de Laforte, conseiller en guerre des mines de Thales.<\/p>\n<p class=\"lead \">Le groupe franco-belge Exail qui fabrique des drones marins chasseurs de mines revendique ainsi des solutions moins ch\u00e8res et un carnet de commande \u00ab\u00a0multipli\u00e9 par dix\u00a0\u00bb depuis un contrat en 2019 avec les marines belge et n\u00e9erlandaise. <\/p>\n<p class=\"lead \">\u00ab\u00a0Thales a une vraie capacit\u00e9 d&rsquo;int\u00e9gration de bout en bout, ils savent coordonner les drones, la connectivit\u00e9, les capteurs, le traitement de donn\u00e9es&#8230; Exail est plut\u00f4t champion dans le domaine des v\u00e9hicules non-habit\u00e9s\u00a0\u00bb, d\u00e9taille Xavier Tytelman, expert d\u00e9fense et ancien aviateur de la patrouille maritime interrog\u00e9 par l&rsquo;AFP.  <\/p>\n<p class=\"lead \">De fa\u00e7on g\u00e9n\u00e9rale, \u00ab\u00a0la demande pour ce type de solutions cro\u00eet rapidement, c&rsquo;est un march\u00e9 attrayant\u00a0\u00bb, conclut Kai Balder.<\/p>\n<p class=\"small font-weight-bold text-gray3 \"> publi\u00e9 le 12 octobre \u00e0 08h40, AFP<\/p>\n<p>                             Partager<\/p>\n","protected":false},"excerpt":{"rendered":"A quelques encablures de la base navale de Brest o\u00f9 sommeillent les sous-marins nucl\u00e9aires fran\u00e7ais, Thales intensifie la&hellip;\n","protected":false},"author":2,"featured_media":456936,"comment_status":"","ping_status":"","sticky":false,"template":"","format":"standard","meta":{"footnotes":""},"categories":[6],"tags":[35,19711,33,34,1011,27,6228,693,132,308],"class_list":{"0":"post-456935","1":"post","2":"type-post","3":"status-publish","4":"format-standard","5":"has-post-thumbnail","7":"category-economie","8":"tag-business","9":"tag-dfense","10":"tag-economie","11":"tag-economy","12":"tag-fr","13":"tag-france","14":"tag-gb","15":"tag-industrie","16":"tag-russie","17":"tag-usa"},"share_on_mastodon":{"url":"https:\/\/pubeurope.com\/@fr\/115360117780664911","error":""},"_links":{"self":[{"href":"https:\/\/www.europesays.com\/fr\/wp-json\/wp\/v2\/posts\/456935","targetHints":{"allow":["GET"]}}],"collection":[{"href":"https:\/\/www.europesays.com\/fr\/wp-json\/wp\/v2\/posts"}],"about":[{"href":"https:\/\/www.europesays.com\/fr\/wp-json\/wp\/v2\/types\/post"}],"author":[{"embeddable":true,"href":"https:\/\/www.europesays.com\/fr\/wp-json\/wp\/v2\/users\/2"}],"replies":[{"embeddable":true,"href":"https:\/\/www.europesays.com\/fr\/wp-json\/wp\/v2\/comments?post=456935"}],"version-history":[{"count":0,"href":"https:\/\/www.europesays.com\/fr\/wp-json\/wp\/v2\/posts\/456935\/revisions"}],"wp:featuredmedia":[{"embeddable":true,"href":"https:\/\/www.europesays.com\/fr\/wp-json\/wp\/v2\/media\/456936"}],"wp:attachment":[{"href":"https:\/\/www.europesays.com\/fr\/wp-json\/wp\/v2\/media?parent=456935"}],"wp:term":[{"taxonomy":"category","embeddable":true,"href":"https:\/\/www.europesays.com\/fr\/wp-json\/wp\/v2\/categories?post=456935"},{"taxonomy":"post_tag","embeddable":true,"href":"https:\/\/www.europesays.com\/fr\/wp-json\/wp\/v2\/tags?post=456935"}],"curies":[{"name":"wp","href":"https:\/\/api.w.org\/{rel}","templated":true}]}}