{"id":456941,"date":"2025-10-12T07:56:12","date_gmt":"2025-10-12T07:56:12","guid":{"rendered":"https:\/\/www.europesays.com\/fr\/456941\/"},"modified":"2025-10-12T07:56:12","modified_gmt":"2025-10-12T07:56:12","slug":"en-direct-presse-par-le-temps-sebastien-lecornu-en-quete-dun-nouveau-gouvernement-liberation","status":"publish","type":"post","link":"https:\/\/www.europesays.com\/fr\/456941\/","title":{"rendered":"EN DIRECT &#8211; Press\u00e9 par le temps, S\u00e9bastien Lecornu en qu\u00eate d\u2019un nouveau gouvernement \u2013 Lib\u00e9ration"},"content":{"rendered":"<p class=\"sc-cPiKLX AiZTS text-element\">\u00abJe prends acte, avec mon groupe parlementaire, de la renomination de S\u00e9bastien Lecornu comme Premier ministre.\u00bb Dans une longue tirade <a href=\"https:\/\/x.com\/MFesneau\/status\/1977270005763838299\" target=\"_blank\" rel=\"noreferrer\" title=\"https:\/\/x.com\/MFesneau\/status\/1977270005763838299\">post\u00e9e sur les r\u00e9seaux sociaux<\/a> ce dimanche, Marc Fesneau, pr\u00e9sident des D\u00e9mocrates (MoDem) \u00e0 l\u2019Assembl\u00e9e nationale, a dit vouloir \u00abconna\u00eetre plus clairement les intentions du gouvernement\u00bb. \u00abC\u2019est sur cette base que nous d\u00e9terminerons, en toute loyaut\u00e9 et en toute transparence, la nature de notre soutien\u00bb, ajoute-t-il, pr\u00e9cisant avoir \u00aben ligne de mire\u00bb la \u00abr\u00e9ussite du futur gouvernement et un budget pour la France\u00bb. Le chef de file du petit groupe de 36 d\u00e9put\u00e9s laisse dor\u00e9navant la porte ouverte \u00e0 un \u00abd\u00e9bat sur notre syst\u00e8me de retraites\u00bb. <\/p>\n","protected":false},"excerpt":{"rendered":"\u00abJe prends acte, avec mon groupe parlementaire, de la renomination de S\u00e9bastien Lecornu comme Premier ministre.\u00bb Dans une&hellip;\n","protected":false},"author":2,"featured_media":456942,"comment_status":"","ping_status":"","sticky":false,"template":"","format":"standard","meta":{"footnotes":""},"categories":[2],"tags":[11,1011,27,418,12,11067],"class_list":{"0":"post-456941","1":"post","2":"type-post","3":"status-publish","4":"format-standard","5":"has-post-thumbnail","7":"category-actualites","8":"tag-actualites","9":"tag-fr","10":"tag-france","11":"tag-gouvernement","12":"tag-news","13":"tag-sebastien-lecornu"},"share_on_mastodon":{"url":"https:\/\/pubeurope.com\/@fr\/115360130069888984","error":""},"_links":{"self":[{"href":"https:\/\/www.europesays.com\/fr\/wp-json\/wp\/v2\/posts\/456941","targetHints":{"allow":["GET"]}}],"collection":[{"href":"https:\/\/www.europesays.com\/fr\/wp-json\/wp\/v2\/posts"}],"about":[{"href":"https:\/\/www.europesays.com\/fr\/wp-json\/wp\/v2\/types\/post"}],"author":[{"embeddable":true,"href":"https:\/\/www.europesays.com\/fr\/wp-json\/wp\/v2\/users\/2"}],"replies":[{"embeddable":true,"href":"https:\/\/www.europesays.com\/fr\/wp-json\/wp\/v2\/comments?post=456941"}],"version-history":[{"count":0,"href":"https:\/\/www.europesays.com\/fr\/wp-json\/wp\/v2\/posts\/456941\/revisions"}],"wp:featuredmedia":[{"embeddable":true,"href":"https:\/\/www.europesays.com\/fr\/wp-json\/wp\/v2\/media\/456942"}],"wp:attachment":[{"href":"https:\/\/www.europesays.com\/fr\/wp-json\/wp\/v2\/media?parent=456941"}],"wp:term":[{"taxonomy":"category","embeddable":true,"href":"https:\/\/www.europesays.com\/fr\/wp-json\/wp\/v2\/categories?post=456941"},{"taxonomy":"post_tag","embeddable":true,"href":"https:\/\/www.europesays.com\/fr\/wp-json\/wp\/v2\/tags?post=456941"}],"curies":[{"name":"wp","href":"https:\/\/api.w.org\/{rel}","templated":true}]}}