{"id":456943,"date":"2025-10-12T07:57:43","date_gmt":"2025-10-12T07:57:43","guid":{"rendered":"https:\/\/www.europesays.com\/fr\/456943\/"},"modified":"2025-10-12T07:57:43","modified_gmt":"2025-10-12T07:57:43","slug":"en-images-dedicaces-animations-theatre-la-foule-au-rendez-vous-de-fete-du-livre-de-saint-etienne-ce-samedi","status":"publish","type":"post","link":"https:\/\/www.europesays.com\/fr\/456943\/","title":{"rendered":"En images. D\u00e9dicaces, animations, th\u00e9\u00e2tre&#8230; La foule au rendez-vous de F\u00eate du livre de Saint-Etienne ce samedi"},"content":{"rendered":"<p>&#13;<br \/>\n              Le Progr\u00e8s  &#8211; &#13;<br \/>\n        &#13;<br \/>\n          Hier \u00e0 19:29&#13;<br \/>\n    &#13;<br \/>\n                  | mis \u00e0 jour aujourd&rsquo;hui \u00e0 08:49&#13;<br \/>\n              &#8211; Temps de lecture : &#13;<br \/>\n  &#13;\n<\/p>\n<ul class=\"galerieContent carousel-wrapper__slides\" id=\"0d68b2af-126d-42fa-b0f2-0dc2e9f6c470\">        &#13;<\/p>\n<li class=\"carousel-wrapper__slides--slide item\" id=\"slide-1\">&#13;<br \/>\n                                    &#13;<br \/>\n                        <a class=\"chocolat-image GA-tracking\" data-ga_type=\"click\" data-ga_category=\"D\u00e9tail\" data-ga_action=\"zoomer\" data-ga_label=\"aggrandir image\" href=\"https:\/\/cdn-s-www.leprogres.fr\/images\/AD2F8331-A888-4719-B937-35E378EBBA96\/NW_raw\/la-gayola-accueille-du-theatre-place-jean-jaures-photo-sonia-barcet-1760204427.jpg\" title=\"La Gayola accueille du th\u00e9\u00e2tre place Jean-Jaur\u00e8s. Photo Sonia Barcet\" target=\"_blank\" rel=\"noopener\">&#13;<br \/>\n                            <img decoding=\"async\" src=\"https:\/\/www.europesays.com\/fr\/wp-content\/uploads\/2025\/10\/la-gayola-accueille-du-theatre-place-jean-jaures-photo-sonia-barcet-1760204427.jpg\"   alt=\"La Gayola accueille du th\u00e9\u00e2tre place Jean-Jaur\u00e8s. Photo Sonia Barcet\" fetchpriority=\"high\" data-mobile=\"NW_detail_M|1760204427\" data-base=\"NW_detail|1760204427\"\/>&#13;<br \/>\n                        <\/a>&#13;<\/p>\n<p>La Gayola accueille du th\u00e9\u00e2tre place Jean-Jaur\u00e8s. Photo Sonia Barcet<\/p>\n<p>                        &#13;<br \/>\n                                           &#13;\n                <\/li>\n<p>&#13;<br \/>\n            &#13;<\/p>\n<li class=\"carousel-wrapper__slides--slide item slideWithPub\" id=\"slide-2\">&#13;<br \/>\n                        &#13;<br \/>\n                            <a class=\"chocolat-image\" title=\"Publicit\u00e9\" href=\"data:image\/gif;base64,R0lGODlhAQABAAD\/ACwAAAAAAQABAAACADs=\">&#13;<br \/>\n                                <img decoding=\"async\" src=\"data:image\/gif;base64,R0lGODlhAQABAAD\/ACwAAAAAAQABAAACADs=\" alt=\"Publicit\u00e9\" loading=\"lazy\" fetchpriority=\"low\"\/>&#13;<br \/>\n                            <\/a>&#13;<br \/>\n                        &#13;\n                    <\/li>\n<p>&#13;<\/p>\n<li class=\"carousel-wrapper__slides--slide item\" id=\"slide-3\">&#13;<br \/>\n                                    &#13;<br \/>\n                        <a class=\"chocolat-image GA-tracking\" data-ga_type=\"click\" data-ga_category=\"D\u00e9tail\" data-ga_action=\"zoomer\" data-ga_label=\"aggrandir image\" href=\"https:\/\/cdn-s-www.leprogres.fr\/images\/31EE907A-A436-47E8-AEC5-CB9787F4939B\/NW_raw\/les-recettes-de-la-loire-chez-les-auteurs-de-litterature-locale-place-de-l-hotel-de-ville-photo-sonia-barcet-1760206866.jpg\" title=\"Les recettes de la Loire chez les auteurs de litt\u00e9rature locale, place de l&#039;H\u00f4tel-de-Ville. Photo Sonia Barcet\" target=\"_blank\" rel=\"noopener\">&#13;<br \/>\n                            <img decoding=\"async\" src=\"https:\/\/www.europesays.com\/fr\/wp-content\/uploads\/2025\/10\/les-recettes-de-la-loire-chez-les-auteurs-de-litterature-locale-place-de-l-hotel-de-ville-photo-soni.jpeg\"   alt=\"Les recettes de la Loire chez les auteurs de litt\u00e9rature locale, place de l'H\u00f4tel-de-Ville. Photo Sonia Barcet\" loading=\"lazy\" fetchpriority=\"low\" data-mobile=\"NW_detail_M|1760206866\" data-base=\"NW_detail|1760206866\"\/>&#13;<br \/>\n                        <\/a>&#13;<\/p>\n<p>Les recettes de la Loire chez les auteurs de litt\u00e9rature locale, place de l&rsquo;H\u00f4tel-de-Ville. Photo Sonia Barcet<\/p>\n<p>                        &#13;<br \/>\n                                           &#13;\n                <\/li>\n<p>&#13;<br \/>\n            &#13;<\/p>\n<li class=\"carousel-wrapper__slides--slide item\" id=\"slide-4\">&#13;<br \/>\n                                    &#13;<br \/>\n                        <a class=\"chocolat-image GA-tracking\" data-ga_type=\"click\" data-ga_category=\"D\u00e9tail\" data-ga_action=\"zoomer\" data-ga_label=\"aggrandir image\" href=\"https:\/\/cdn-s-www.leprogres.fr\/images\/585BC512-69DE-4097-8189-1546DDE84546\/NW_raw\/dedicace-illustree-de-zac-deloupy-auteur-et-illustrateur-aux-editions-jarjille-photo-sonia-barcet-1760204427.jpg\" title=\"D\u00e9dicace illustr\u00e9e de Zac Deloupy, auteur et illustrateur aux \u00e9ditions Jarjille. Photo Sonia Barcet\" target=\"_blank\" rel=\"noopener\">&#13;<br \/>\n                            <img decoding=\"async\" src=\"https:\/\/www.europesays.com\/fr\/wp-content\/uploads\/2025\/10\/dedicace-illustree-de-zac-deloupy-auteur-et-illustrateur-aux-editions-jarjille-photo-sonia-barcet-17.jpeg\"   alt=\"D\u00e9dicace illustr\u00e9e de Zac Deloupy, auteur et illustrateur aux \u00e9ditions Jarjille. Photo Sonia Barcet\" loading=\"lazy\" fetchpriority=\"low\" data-mobile=\"NW_detail_M|1760204427\" data-base=\"NW_detail|1760204427\"\/>&#13;<br \/>\n                        <\/a>&#13;<\/p>\n<p>D\u00e9dicace illustr\u00e9e de Zac Deloupy, auteur et illustrateur aux \u00e9ditions Jarjille. Photo Sonia Barcet<\/p>\n<p>                        &#13;<br \/>\n                                           &#13;\n                <\/li>\n<p>&#13;<br \/>\n            &#13;<\/p>\n<li class=\"carousel-wrapper__slides--slide item\" id=\"slide-5\">&#13;<br \/>\n                                    &#13;<br \/>\n                        <a class=\"chocolat-image GA-tracking\" data-ga_type=\"click\" data-ga_category=\"D\u00e9tail\" data-ga_action=\"zoomer\" data-ga_label=\"aggrandir image\" href=\"https:\/\/cdn-s-www.leprogres.fr\/images\/B7777839-129F-42FF-9FEC-A186629919AC\/NW_raw\/beaucoup-de-personnes-se-sont-deplacees-pour-cette-39e-edition-photo-sonia-barcet-1760206866.jpg\" title=\"Beaucoup de personnes se sont d\u00e9plac\u00e9es pour cette 39e \u00e9dition. Photo Sonia Barcet\" target=\"_blank\" rel=\"noopener\">&#13;<br \/>\n                            <img decoding=\"async\" src=\"https:\/\/www.europesays.com\/fr\/wp-content\/uploads\/2025\/10\/beaucoup-de-personnes-se-sont-deplacees-pour-cette-39e-edition-photo-sonia-barcet-1760206866.jpg\"   alt=\"Beaucoup de personnes se sont d\u00e9plac\u00e9es pour cette 39e \u00e9dition. Photo Sonia Barcet\" loading=\"lazy\" fetchpriority=\"low\" data-mobile=\"NW_detail_M|1760206866\" data-base=\"NW_detail|1760206866\"\/>&#13;<br \/>\n                        <\/a>&#13;<\/p>\n<p>Beaucoup de personnes se sont d\u00e9plac\u00e9es pour cette 39e \u00e9dition. Photo Sonia Barcet<\/p>\n<p>                        &#13;<br \/>\n                                           &#13;\n                <\/li>\n<p>&#13;<br \/>\n            &#13;<\/p>\n<li class=\"carousel-wrapper__slides--slide item\" id=\"slide-6\">&#13;<br \/>\n                                    &#13;<br \/>\n                        <a class=\"chocolat-image GA-tracking\" data-ga_type=\"click\" data-ga_category=\"D\u00e9tail\" data-ga_action=\"zoomer\" data-ga_label=\"aggrandir image\" href=\"https:\/\/cdn-s-www.leprogres.fr\/images\/D39E0632-E238-41AC-9800-C7BB7F37C3AC\/NW_raw\/paul-gasnier-chroniqueur-de-l-emission-quotidien-de-yann-barthes-est-un-auteur-convoite-photo-sonia-barcet-1760204427.jpg\" title=\"Paul Gasnier, chroniqueur de l&#039;\u00e9mission Quotidien de Yann Barth\u00e8s, est un auteur convoit\u00e9. Photo Sonia Barcet\" target=\"_blank\" rel=\"noopener\">&#13;<br \/>\n                            <img decoding=\"async\" src=\"https:\/\/www.europesays.com\/fr\/wp-content\/uploads\/2025\/10\/paul-gasnier-chroniqueur-de-l-emission-quotidien-de-yann-barthes-est-un-auteur-convoite-photo-sonia-.jpeg\"   alt=\"Paul Gasnier, chroniqueur de l'\u00e9mission Quotidien de Yann Barth\u00e8s, est un auteur convoit\u00e9. Photo Sonia Barcet\" loading=\"lazy\" fetchpriority=\"low\" data-mobile=\"NW_detail_M|1760204427\" data-base=\"NW_detail|1760204427\"\/>&#13;<br \/>\n                        <\/a>&#13;<\/p>\n<p>Paul Gasnier, chroniqueur de l&rsquo;\u00e9mission Quotidien de Yann Barth\u00e8s, est un auteur convoit\u00e9. Photo Sonia Barcet<\/p>\n<p>                        &#13;<br \/>\n                                           &#13;\n                <\/li>\n<p>&#13;<br \/>\n            &#13;<\/p>\n<li class=\"carousel-wrapper__slides--slide item slideWithPub\" id=\"slide-7\">&#13;<br \/>\n                        &#13;<br \/>\n                            <a class=\"chocolat-image\" title=\"Publicit\u00e9\" href=\"data:image\/gif;base64,R0lGODlhAQABAAD\/ACwAAAAAAQABAAACADs=\">&#13;<br \/>\n                                <img decoding=\"async\" src=\"data:image\/gif;base64,R0lGODlhAQABAAD\/ACwAAAAAAQABAAACADs=\" alt=\"Publicit\u00e9\" loading=\"lazy\" fetchpriority=\"low\"\/>&#13;<br \/>\n                            <\/a>&#13;<br \/>\n                        &#13;\n                    <\/li>\n<p>&#13;<\/p>\n<li class=\"carousel-wrapper__slides--slide item\" id=\"slide-8\">&#13;<br \/>\n                                    &#13;<br \/>\n                        <a class=\"chocolat-image GA-tracking\" data-ga_type=\"click\" data-ga_category=\"D\u00e9tail\" data-ga_action=\"zoomer\" data-ga_label=\"aggrandir image\" href=\"https:\/\/cdn-s-www.leprogres.fr\/images\/43BD27A3-5131-4AA5-B13F-3048416B61EA\/NW_raw\/beaucoup-de-personnes-se-sont-deplacees-pour-cette-39e-edition-photo-sonia-barcet-1760204427.jpg\" title=\"Beaucoup de personnes se sont d\u00e9plac\u00e9es pour cette 39e \u00e9dition. Photo Sonia Barcet\" target=\"_blank\" rel=\"noopener\">&#13;<br \/>\n                            <img decoding=\"async\" src=\"https:\/\/www.europesays.com\/fr\/wp-content\/uploads\/2025\/10\/beaucoup-de-personnes-se-sont-deplacees-pour-cette-39e-edition-photo-sonia-barcet-1760204427.jpg\"   alt=\"Beaucoup de personnes se sont d\u00e9plac\u00e9es pour cette 39e \u00e9dition. Photo Sonia Barcet\" loading=\"lazy\" fetchpriority=\"low\" data-mobile=\"NW_detail_M|1760204427\" data-base=\"NW_detail|1760204427\"\/>&#13;<br \/>\n                        <\/a>&#13;<\/p>\n<p>Beaucoup de personnes se sont d\u00e9plac\u00e9es pour cette 39e \u00e9dition. Photo Sonia Barcet<\/p>\n<p>                        &#13;<br \/>\n                                           &#13;\n                <\/li>\n<p>&#13;<br \/>\n            &#13;<\/p>\n<li class=\"carousel-wrapper__slides--slide item\" id=\"slide-9\">&#13;<br \/>\n                                    &#13;<br \/>\n                        <a class=\"chocolat-image GA-tracking\" data-ga_type=\"click\" data-ga_category=\"D\u00e9tail\" data-ga_action=\"zoomer\" data-ga_label=\"aggrandir image\" href=\"https:\/\/cdn-s-www.leprogres.fr\/images\/E4F55DD2-2A03-47F5-AF1E-2940D5E80B17\/NW_raw\/michel-bussi-auteur-de-best-sellers-est-de-retour-a-la-fete-du-livre-photo-sonia-barcet-1760204427.jpg\" title=\"Michel Bussi, auteur de best-sellers, est de retour \u00e0 la F\u00eate du livre. Photo Sonia Barcet\" target=\"_blank\" rel=\"noopener\">&#13;<br \/>\n                            <img decoding=\"async\" src=\"https:\/\/www.europesays.com\/fr\/wp-content\/uploads\/2025\/10\/michel-bussi-auteur-de-best-sellers-est-de-retour-a-la-fete-du-livre-photo-sonia-barcet-1760204427.j.jpeg\"   alt=\"Michel Bussi, auteur de best-sellers, est de retour \u00e0 la F\u00eate du livre. Photo Sonia Barcet\" loading=\"lazy\" fetchpriority=\"low\" data-mobile=\"NW_detail_M|1760204427\" data-base=\"NW_detail|1760204427\"\/>&#13;<br \/>\n                        <\/a>&#13;<\/p>\n<p>Michel Bussi, auteur de best-sellers, est de retour \u00e0 la F\u00eate du livre. Photo Sonia Barcet<\/p>\n<p>                        &#13;<br \/>\n                                           &#13;\n                <\/li>\n<p>&#13;<br \/>\n            &#13;<\/p>\n<li class=\"carousel-wrapper__slides--slide item\" id=\"slide-10\">&#13;<br \/>\n                                    &#13;<br \/>\n                        <a class=\"chocolat-image GA-tracking\" data-ga_type=\"click\" data-ga_category=\"D\u00e9tail\" data-ga_action=\"zoomer\" data-ga_label=\"aggrandir image\" href=\"https:\/\/cdn-s-www.leprogres.fr\/images\/9689A12F-6D8E-4B9C-828E-3797EE81DB67\/NW_raw\/des-lecteurs-contents-place-de-l-hotel-de-ville-photo-sonia-barcet-1760204427.jpg\" title=\"Des lecteurs contents place de l&#039;H\u00f4tel-de-Ville. Photo Sonia Barcet\" target=\"_blank\" rel=\"noopener\">&#13;<br \/>\n                            <img decoding=\"async\" src=\"https:\/\/www.europesays.com\/fr\/wp-content\/uploads\/2025\/10\/des-lecteurs-contents-place-de-l-hotel-de-ville-photo-sonia-barcet-1760204427.jpg\"   alt=\"Des lecteurs contents place de l'H\u00f4tel-de-Ville. Photo Sonia Barcet\" loading=\"lazy\" fetchpriority=\"low\" data-mobile=\"NW_detail_M|1760204427\" data-base=\"NW_detail|1760204427\"\/>&#13;<br \/>\n                        <\/a>&#13;<\/p>\n<p>Des lecteurs contents place de l&rsquo;H\u00f4tel-de-Ville. Photo Sonia Barcet<\/p>\n<p>                        &#13;<br \/>\n                                           &#13;\n                <\/li>\n<p>&#13;<br \/>\n            &#13;<\/p>\n<li class=\"carousel-wrapper__slides--slide item\" id=\"slide-11\">&#13;<br \/>\n                                    &#13;<br \/>\n                        <a class=\"chocolat-image GA-tracking\" data-ga_type=\"click\" data-ga_category=\"D\u00e9tail\" data-ga_action=\"zoomer\" data-ga_label=\"aggrandir image\" href=\"https:\/\/cdn-s-www.leprogres.fr\/images\/61474C7E-7622-4E3F-B3BC-B9B8C5A59DBD\/NW_raw\/mirion-malle-aa-beaucoup-de-succes-egalement-sous-le-chapiteau-photo-sonia-barcet-1760204427.jpg\" title=\"Mirion Malle aa beaucoup de succ\u00e8s \u00e9galement sous le chapiteau. Photo Sonia Barcet\" target=\"_blank\" rel=\"noopener\">&#13;<br \/>\n                            <img decoding=\"async\" src=\"https:\/\/www.europesays.com\/fr\/wp-content\/uploads\/2025\/10\/mirion-malle-aa-beaucoup-de-succes-egalement-sous-le-chapiteau-photo-sonia-barcet-1760204427.jpg\"   alt=\"Mirion Malle aa beaucoup de succ\u00e8s \u00e9galement sous le chapiteau. Photo Sonia Barcet\" loading=\"lazy\" fetchpriority=\"low\" data-mobile=\"NW_detail_M|1760204427\" data-base=\"NW_detail|1760204427\"\/>&#13;<br \/>\n                        <\/a>&#13;<\/p>\n<p>Mirion Malle aa beaucoup de succ\u00e8s \u00e9galement sous le chapiteau. Photo Sonia Barcet<\/p>\n<p>                        &#13;<br \/>\n                                           &#13;\n                <\/li>\n<p>&#13;<br \/>\n            &#13;<\/p>\n<li class=\"carousel-wrapper__slides--slide item slideWithPub\" id=\"slide-12\">&#13;<br \/>\n                        &#13;<br \/>\n                            <a class=\"chocolat-image\" title=\"Publicit\u00e9\" href=\"data:image\/gif;base64,R0lGODlhAQABAAD\/ACwAAAAAAQABAAACADs=\">&#13;<br \/>\n                                <img decoding=\"async\" src=\"data:image\/gif;base64,R0lGODlhAQABAAD\/ACwAAAAAAQABAAACADs=\" alt=\"Publicit\u00e9\" loading=\"lazy\" fetchpriority=\"low\"\/>&#13;<br \/>\n                            <\/a>&#13;<br \/>\n                        &#13;\n                    <\/li>\n<p>&#13;<\/p>\n<li class=\"carousel-wrapper__slides--slide item\" id=\"slide-13\">&#13;<br \/>\n                                    &#13;<br \/>\n                        <a class=\"chocolat-image GA-tracking\" data-ga_type=\"click\" data-ga_category=\"D\u00e9tail\" data-ga_action=\"zoomer\" data-ga_label=\"aggrandir image\" href=\"https:\/\/cdn-s-www.leprogres.fr\/images\/1A2A8C4A-B02C-44DB-96D7-08B56ACFF3FC\/NW_raw\/les-bd-les-petits-mythos-ont-fait-la-joie-des-enfants-sur-la-place-chavanelle-photo-sonia-barcet-1760204427.jpg\" title=\"Les BD Les Petits Mythos ont fait la joie des enfants sur la place Chavanelle. Photo Sonia Barcet\" target=\"_blank\" rel=\"noopener\">&#13;<br \/>\n                            <img decoding=\"async\" src=\"https:\/\/www.europesays.com\/fr\/wp-content\/uploads\/2025\/10\/les-bd-les-petits-mythos-ont-fait-la-joie-des-enfants-sur-la-place-chavanelle-photo-sonia-barcet-176.jpeg\"   alt=\"Les BD Les Petits Mythos ont fait la joie des enfants sur la place Chavanelle. Photo Sonia Barcet\" loading=\"lazy\" fetchpriority=\"low\" data-mobile=\"NW_detail_M|1760204427\" data-base=\"NW_detail|1760204427\"\/>&#13;<br \/>\n                        <\/a>&#13;<\/p>\n<p>Les BD Les Petits Mythos ont fait la joie des enfants sur la place Chavanelle. Photo Sonia Barcet<\/p>\n<p>                        &#13;<br \/>\n                                           &#13;\n                <\/li>\n<p>&#13;<br \/>\n            &#13;<\/p>\n<li class=\"carousel-wrapper__slides--slide item\" id=\"slide-14\">&#13;<br \/>\n                                    &#13;<br \/>\n                        <a class=\"chocolat-image GA-tracking\" data-ga_type=\"click\" data-ga_category=\"D\u00e9tail\" data-ga_action=\"zoomer\" data-ga_label=\"aggrandir image\" href=\"https:\/\/cdn-s-www.leprogres.fr\/images\/92AFF714-42C2-4903-9E93-9709BA42864B\/NW_raw\/les-enfants-font-la-queue-pour-se-faire-dedicacer-bd-et-poster-cizo-photo-sonia-barcet-1760204427.jpg\" title=\"Les enfants font la queue pour se faire d\u00e9dicacer BD et poster Cizo. Photo Sonia Barcet\" target=\"_blank\" rel=\"noopener\">&#13;<br \/>\n                            <img decoding=\"async\" src=\"https:\/\/www.europesays.com\/fr\/wp-content\/uploads\/2025\/10\/les-enfants-font-la-queue-pour-se-faire-dedicacer-bd-et-poster-cizo-photo-sonia-barcet-1760204427.jp.jpeg\"   alt=\"Les enfants font la queue pour se faire d\u00e9dicacer BD et poster Cizo. Photo Sonia Barcet\" loading=\"lazy\" fetchpriority=\"low\" data-mobile=\"NW_detail_M|1760204427\" data-base=\"NW_detail|1760204427\"\/>&#13;<br \/>\n                        <\/a>&#13;<\/p>\n<p>Les enfants font la queue pour se faire d\u00e9dicacer BD et poster Cizo. Photo Sonia Barcet<\/p>\n<p>                        &#13;<br \/>\n                                           &#13;\n                <\/li>\n<p>&#13;<br \/>\n            &#13;<\/p>\n<li class=\"carousel-wrapper__slides--slide item\" id=\"slide-15\">&#13;<br \/>\n                                    &#13;<br \/>\n                        <a class=\"chocolat-image GA-tracking\" data-ga_type=\"click\" data-ga_category=\"D\u00e9tail\" data-ga_action=\"zoomer\" data-ga_label=\"aggrandir image\" href=\"https:\/\/cdn-s-www.leprogres.fr\/images\/03A9F01D-23F3-45FE-8CE8-5D240917599B\/NW_raw\/les-enfants-font-la-queue-pour-se-faire-dedicacer-bd-et-poster-cizo-photo-sonia-barcet-1760204427.jpg\" title=\"Les enfants font la queue pour se faire d\u00e9dicacer BD et poster Cizo. Photo Sonia Barcet\" target=\"_blank\" rel=\"noopener\">&#13;<br \/>\n                            <img decoding=\"async\" src=\"https:\/\/www.europesays.com\/fr\/wp-content\/uploads\/2025\/10\/1760255853_939_les-enfants-font-la-queue-pour-se-faire-dedicacer-bd-et-poster-cizo-photo-sonia-barcet-1760204427.jp.jpeg\"   alt=\"Les enfants font la queue pour se faire d\u00e9dicacer BD et poster Cizo. Photo Sonia Barcet\" loading=\"lazy\" fetchpriority=\"low\" data-mobile=\"NW_detail_M|1760204427\" data-base=\"NW_detail|1760204427\"\/>&#13;<br \/>\n                        <\/a>&#13;<\/p>\n<p>Les enfants font la queue pour se faire d\u00e9dicacer BD et poster Cizo. Photo Sonia Barcet<\/p>\n<p>                        &#13;<br \/>\n                                           &#13;\n                <\/li>\n<p>&#13;<br \/>\n            &#13;<\/p>\n<li class=\"carousel-wrapper__slides--slide item\" id=\"slide-16\">&#13;<br \/>\n                                    &#13;<br \/>\n                        <a class=\"chocolat-image GA-tracking\" data-ga_type=\"click\" data-ga_category=\"D\u00e9tail\" data-ga_action=\"zoomer\" data-ga_label=\"aggrandir image\" href=\"https:\/\/cdn-s-www.leprogres.fr\/images\/BE7ADB55-25E0-4AC1-91CC-C852868F74D5\/NW_raw\/dans-ce-livre-l-auteur-jean-baptiste-drouot-nous-signale-qu-on-peut-mettre-les-doigts-dans-le-nez-du-cochon-photo-sonia-barcet-1760204427.jpg\" title=\"Dans ce livre, l&#039;auteur Jean-Baptiste Drouot nous signale qu&#039;on peut mettre les doigts dans le nez du cochon. Photo Sonia Barcet\" target=\"_blank\" rel=\"noopener\">&#13;<br \/>\n                            <img decoding=\"async\" src=\"https:\/\/www.europesays.com\/fr\/wp-content\/uploads\/2025\/10\/dans-ce-livre-l-auteur-jean-baptiste-drouot-nous-signale-qu-on-peut-mettre-les-doigts-dans-le-nez-du.jpeg\"   alt=\"Dans ce livre, l'auteur Jean-Baptiste Drouot nous signale qu'on peut mettre les doigts dans le nez du cochon. Photo Sonia Barcet\" loading=\"lazy\" fetchpriority=\"low\" data-mobile=\"NW_detail_M|1760204427\" data-base=\"NW_detail|1760204427\"\/>&#13;<br \/>\n                        <\/a>&#13;<\/p>\n<p>Dans ce livre, l&rsquo;auteur Jean-Baptiste Drouot nous signale qu&rsquo;on peut mettre les doigts dans le nez du cochon. Photo Sonia Barcet<\/p>\n<p>                        &#13;<br \/>\n                                           &#13;\n                <\/li>\n<p>&#13;<br \/>\n            &#13;<\/p>\n<li class=\"carousel-wrapper__slides--slide item slideWithPub\" id=\"slide-17\">&#13;<br \/>\n                        &#13;<br \/>\n                            <a class=\"chocolat-image\" title=\"Publicit\u00e9\" href=\"data:image\/gif;base64,R0lGODlhAQABAAD\/ACwAAAAAAQABAAACADs=\">&#13;<br \/>\n                                <img decoding=\"async\" src=\"data:image\/gif;base64,R0lGODlhAQABAAD\/ACwAAAAAAQABAAACADs=\" alt=\"Publicit\u00e9\" loading=\"lazy\" fetchpriority=\"low\"\/>&#13;<br \/>\n                            <\/a>&#13;<br \/>\n                        &#13;\n                    <\/li>\n<p>&#13;<\/p>\n<li class=\"carousel-wrapper__slides--slide item\" id=\"slide-18\">&#13;<br \/>\n                                    &#13;<br \/>\n                        <a class=\"chocolat-image GA-tracking\" data-ga_type=\"click\" data-ga_category=\"D\u00e9tail\" data-ga_action=\"zoomer\" data-ga_label=\"aggrandir image\" href=\"https:\/\/cdn-s-www.leprogres.fr\/images\/D008A12C-357B-4603-865F-801B2C43B6A6\/NW_raw\/les-livres-illustres-de-judith-chomel-autrice-et-illustratrice-de-saint-etienne-place-chavanelle-photo-sonia-barcet-1760204427.jpg\" title=\"Les livres illustr\u00e9s de Judith Chomel, autrice et illustratrice de Saint-Etienne, place Chavanelle. Photo Sonia Barcet\" target=\"_blank\" rel=\"noopener\">&#13;<br \/>\n                            <img decoding=\"async\" src=\"https:\/\/www.europesays.com\/fr\/wp-content\/uploads\/2025\/10\/les-livres-illustres-de-judith-chomel-autrice-et-illustratrice-de-saint-etienne-place-chavanelle-pho.jpeg\"   alt=\"Les livres illustr\u00e9s de Judith Chomel, autrice et illustratrice de Saint-Etienne, place Chavanelle. Photo Sonia Barcet\" loading=\"lazy\" fetchpriority=\"low\" data-mobile=\"NW_detail_M|1760204427\" data-base=\"NW_detail|1760204427\"\/>&#13;<br \/>\n                        <\/a>&#13;<\/p>\n<p>Les livres illustr\u00e9s de Judith Chomel, autrice et illustratrice de Saint-Etienne, place Chavanelle. Photo Sonia Barcet<\/p>\n<p>                        &#13;<br \/>\n                                           &#13;\n                <\/li>\n<p>&#13;<br \/>\n            &#13;<\/p>\n<li class=\"carousel-wrapper__slides--slide item\" id=\"slide-19\">&#13;<br \/>\n                                    &#13;<br \/>\n                        <a class=\"chocolat-image GA-tracking\" data-ga_type=\"click\" data-ga_category=\"D\u00e9tail\" data-ga_action=\"zoomer\" data-ga_label=\"aggrandir image\" href=\"https:\/\/cdn-s-www.leprogres.fr\/images\/26B87E48-2F3D-447F-A971-AAACE42C753F\/NW_raw\/espace-detente-lecture-sous-le-chapiteau-de-chavanelle-photo-sonia-barcet-1760204427.jpg\" title=\"Espace d\u00e9tente\/lecture sous le chapiteau de Chavanelle. Photo Sonia Barcet\" target=\"_blank\" rel=\"noopener\">&#13;<br \/>\n                            <img decoding=\"async\" src=\"https:\/\/www.europesays.com\/fr\/wp-content\/uploads\/2025\/10\/espace-detente-lecture-sous-le-chapiteau-de-chavanelle-photo-sonia-barcet-1760204427.jpg\"   alt=\"Espace d\u00e9tente\/lecture sous le chapiteau de Chavanelle. Photo Sonia Barcet\" loading=\"lazy\" fetchpriority=\"low\" data-mobile=\"NW_detail_M|1760204427\" data-base=\"NW_detail|1760204427\"\/>&#13;<br \/>\n                        <\/a>&#13;<\/p>\n<p>Espace d\u00e9tente\/lecture sous le chapiteau de Chavanelle. Photo Sonia Barcet<\/p>\n<p>                        &#13;<br \/>\n                                           &#13;\n                <\/li>\n<p>&#13;<br \/>\n            &#13;<\/p>\n<li class=\"carousel-wrapper__slides--slide item\" id=\"slide-20\">&#13;<br \/>\n                                    &#13;<br \/>\n                        <a class=\"chocolat-image GA-tracking\" data-ga_type=\"click\" data-ga_category=\"D\u00e9tail\" data-ga_action=\"zoomer\" data-ga_label=\"aggrandir image\" href=\"https:\/\/cdn-s-www.leprogres.fr\/images\/9CB3A24A-4124-4F3B-9ACA-863BA7D54F80\/NW_raw\/place-chavanelle-les-bd-ont-une-place-importante-photo-sonia-barcet-1760204427.jpg\" title=\"Place Chavanelle, les BD ont une place importante. Photo Sonia Barcet\" target=\"_blank\" rel=\"noopener\">&#13;<br \/>\n                            <img decoding=\"async\" src=\"https:\/\/www.europesays.com\/fr\/wp-content\/uploads\/2025\/10\/place-chavanelle-les-bd-ont-une-place-importante-photo-sonia-barcet-1760204427.jpg\"   alt=\"Place Chavanelle, les BD ont une place importante. Photo Sonia Barcet\" loading=\"lazy\" fetchpriority=\"low\" data-mobile=\"NW_detail_M|1760204427\" data-base=\"NW_detail|1760204427\"\/>&#13;<br \/>\n                        <\/a>&#13;<\/p>\n<p>Place Chavanelle, les BD ont une place importante. Photo Sonia Barcet<\/p>\n<p>                        &#13;<br \/>\n                                           &#13;\n                <\/li>\n<p>&#13;<br \/>\n            &#13;<\/p>\n<li class=\"carousel-wrapper__slides--slide item\" id=\"slide-21\">&#13;<br \/>\n                                    &#13;<br \/>\n                        <a class=\"chocolat-image GA-tracking\" data-ga_type=\"click\" data-ga_category=\"D\u00e9tail\" data-ga_action=\"zoomer\" data-ga_label=\"aggrandir image\" href=\"https:\/\/cdn-s-www.leprogres.fr\/images\/E8D9BDFE-7DE1-4F2F-8340-02A11A636626\/NW_raw\/la-place-dorian-abrite-les-editeurs-locaux-notamment-le-journal-independant-en-version-papier-la-breche-photo-sonia-barcet-1760204427.jpg\" title=\"La place Dorian abrite les \u00e9diteurs locaux, notamment le journal ind\u00e9pendant en version papier La Br\u00e8che. Photo Sonia Barcet\" target=\"_blank\" rel=\"noopener\">&#13;<br \/>\n                            <img decoding=\"async\" src=\"https:\/\/www.europesays.com\/fr\/wp-content\/uploads\/2025\/10\/la-place-dorian-abrite-les-editeurs-locaux-notamment-le-journal-independant-en-version-papier-la-bre.jpeg\"   alt=\"La place Dorian abrite les \u00e9diteurs locaux, notamment le journal ind\u00e9pendant en version papier La Br\u00e8che. Photo Sonia Barcet\" loading=\"lazy\" fetchpriority=\"low\" data-mobile=\"NW_detail_M|1760204427\" data-base=\"NW_detail|1760204427\"\/>&#13;<br \/>\n                        <\/a>&#13;<\/p>\n<p>La place Dorian abrite les \u00e9diteurs locaux, notamment le journal ind\u00e9pendant en version papier La Br\u00e8che. Photo Sonia Barcet<\/p>\n<p>                        &#13;<br \/>\n                                           &#13;\n                <\/li>\n<p>&#13;<br \/>\n            &#13;<\/p>\n<li class=\"carousel-wrapper__slides--slide item slideWithPub\" id=\"slide-22\">&#13;<br \/>\n                        &#13;<br \/>\n                            <a class=\"chocolat-image\" title=\"Publicit\u00e9\" href=\"data:image\/gif;base64,R0lGODlhAQABAAD\/ACwAAAAAAQABAAACADs=\">&#13;<br \/>\n                                <img decoding=\"async\" src=\"data:image\/gif;base64,R0lGODlhAQABAAD\/ACwAAAAAAQABAAACADs=\" alt=\"Publicit\u00e9\" loading=\"lazy\" fetchpriority=\"low\"\/>&#13;<br \/>\n                            <\/a>&#13;<br \/>\n                        &#13;\n                    <\/li>\n<p>&#13;<\/p>\n<li class=\"carousel-wrapper__slides--slide item\" id=\"slide-23\">&#13;<br \/>\n                                    &#13;<br \/>\n                        <a class=\"chocolat-image GA-tracking\" data-ga_type=\"click\" data-ga_category=\"D\u00e9tail\" data-ga_action=\"zoomer\" data-ga_label=\"aggrandir image\" href=\"https:\/\/cdn-s-www.leprogres.fr\/images\/951B02DC-771B-4C84-AB42-1A17258DBEE2\/NW_raw\/agnes-ledig-est-la-marraine-de-la-39e-fete-du-livre-photo-sonia-barcet-1760204427.jpg\" title=\"Agn\u00e8s Ledig est la marraine de la 39e F\u00eate du livre. Photo Sonia Barcet\" target=\"_blank\" rel=\"noopener\">&#13;<br \/>\n                            <img decoding=\"async\" src=\"https:\/\/www.europesays.com\/fr\/wp-content\/uploads\/2025\/10\/agnes-ledig-est-la-marraine-de-la-39e-fete-du-livre-photo-sonia-barcet-1760204427.jpg\"   alt=\"Agn\u00e8s Ledig est la marraine de la 39e F\u00eate du livre. Photo Sonia Barcet\" loading=\"lazy\" fetchpriority=\"low\" data-mobile=\"NW_detail_M|1760204427\" data-base=\"NW_detail|1760204427\"\/>&#13;<br \/>\n                        <\/a>&#13;<\/p>\n<p>Agn\u00e8s Ledig est la marraine de la 39e F\u00eate du livre. Photo Sonia Barcet<\/p>\n<p>                        &#13;<br \/>\n                                           &#13;\n                <\/li>\n<p>&#13;<br \/>\n            &#13;<\/p>\n<li class=\"carousel-wrapper__slides--slide item\" id=\"slide-24\">&#13;<br \/>\n                                    &#13;<br \/>\n                        <a class=\"chocolat-image GA-tracking\" data-ga_type=\"click\" data-ga_category=\"D\u00e9tail\" data-ga_action=\"zoomer\" data-ga_label=\"aggrandir image\" href=\"https:\/\/cdn-s-www.leprogres.fr\/images\/5B389D68-4B01-4936-83C3-9AD0B50BC9FD\/NW_raw\/la-securite-a-l-entree-des-chapiteaux-avec-le-sourire-photo-sonia-barcet-1760204427.jpg\" title=\"La s\u00e9curit\u00e9 \u00e0 l&#039;entr\u00e9e des chapiteaux, avec le sourire. Photo Sonia Barcet\" target=\"_blank\" rel=\"noopener\">&#13;<br \/>\n                            <img decoding=\"async\" src=\"https:\/\/www.europesays.com\/fr\/wp-content\/uploads\/2025\/10\/la-securite-a-l-entree-des-chapiteaux-avec-le-sourire-photo-sonia-barcet-1760204427.jpg\"   alt=\"La s\u00e9curit\u00e9 \u00e0 l'entr\u00e9e des chapiteaux, avec le sourire. Photo Sonia Barcet\" loading=\"lazy\" fetchpriority=\"low\" data-mobile=\"NW_detail_M|1760204427\" data-base=\"NW_detail|1760204427\"\/>&#13;<br \/>\n                        <\/a>&#13;<\/p>\n<p>La s\u00e9curit\u00e9 \u00e0 l&rsquo;entr\u00e9e des chapiteaux, avec le sourire. Photo Sonia Barcet<\/p>\n<p>                        &#13;<br \/>\n                                           &#13;\n                <\/li>\n<p>&#13;<br \/>\n            &#13;<\/p>\n<li class=\"carousel-wrapper__slides--slide item\" id=\"slide-25\">&#13;<br \/>\n                                    &#13;<br \/>\n                        <a class=\"chocolat-image GA-tracking\" data-ga_type=\"click\" data-ga_category=\"D\u00e9tail\" data-ga_action=\"zoomer\" data-ga_label=\"aggrandir image\" href=\"https:\/\/cdn-s-www.leprogres.fr\/images\/6FFA4FED-B9C2-4B08-974C-890477A5E4EE\/NW_raw\/l-exposition-de-benjamin-lacombe-l-encyclopedie-du-merveilleux-est-visible-dans-les-locaux-de-la-mairie-photo-sonia-barcet-1760204427.jpg\" title=\"L&#039;exposition de Benjamin Lacombe, \u00ab\u00a0L&#039;Encyclop\u00e9die du merveilleux\u00a0\u00bb, est visible dans les locaux de la mairie. Photo Sonia Barcet\" target=\"_blank\" rel=\"noopener\">&#13;<br \/>\n                            <img decoding=\"async\" src=\"https:\/\/www.europesays.com\/fr\/wp-content\/uploads\/2025\/10\/l-exposition-de-benjamin-lacombe-l-encyclopedie-du-merveilleux-est-visible-dans-les-locaux-de-la-mai.jpeg\"   alt=\"L'exposition de Benjamin Lacombe, \u00ab\u00a0L'Encyclop\u00e9die du merveilleux\u00a0\u00bb, est visible dans les locaux de la mairie. Photo Sonia Barcet\" loading=\"lazy\" fetchpriority=\"low\" data-mobile=\"NW_detail_M|1760204427\" data-base=\"NW_detail|1760204427\"\/>&#13;<br \/>\n                        <\/a>&#13;<\/p>\n<p>L&rsquo;exposition de Benjamin Lacombe, \u00ab\u00a0L&rsquo;Encyclop\u00e9die du merveilleux\u00a0\u00bb, est visible dans les locaux de la mairie. Photo Sonia Barcet<\/p>\n<p>                        &#13;<br \/>\n                                           &#13;\n                <\/li>\n<p>&#13;<br \/>\n            &#13;<\/p>\n<li class=\"carousel-wrapper__slides--slide item\" id=\"slide-26\">&#13;<br \/>\n                                    &#13;<br \/>\n                        <a class=\"chocolat-image GA-tracking\" data-ga_type=\"click\" data-ga_category=\"D\u00e9tail\" data-ga_action=\"zoomer\" data-ga_label=\"aggrandir image\" href=\"https:\/\/cdn-s-www.leprogres.fr\/images\/CD9C6B73-3AEC-4B15-B658-6331BD0E4B2F\/NW_raw\/les-benevoles-renseignent-avec-le-sourire-place-jean-jaures-photo-sonia-barcet-1760204427.jpg\" title=\"Les b\u00e9n\u00e9voles renseignent avec le sourire place Jean-Jaur\u00e8s. Photo Sonia Barcet\" target=\"_blank\" rel=\"noopener\">&#13;<br \/>\n                            <img decoding=\"async\" src=\"https:\/\/www.europesays.com\/fr\/wp-content\/uploads\/2025\/10\/les-benevoles-renseignent-avec-le-sourire-place-jean-jaures-photo-sonia-barcet-1760204427.jpg\"   alt=\"Les b\u00e9n\u00e9voles renseignent avec le sourire place Jean-Jaur\u00e8s. Photo Sonia Barcet\" loading=\"lazy\" fetchpriority=\"low\" data-mobile=\"NW_detail_M|1760204427\" data-base=\"NW_detail|1760204427\"\/>&#13;<br \/>\n                        <\/a>&#13;<\/p>\n<p>Les b\u00e9n\u00e9voles renseignent avec le sourire place Jean-Jaur\u00e8s. Photo Sonia Barcet<\/p>\n<p>                        &#13;<br \/>\n                                           &#13;\n                <\/li>\n<p>&#13;<br \/>\n            &#13;<\/p>\n<li class=\"carousel-wrapper__slides--slide item slideWithPub\" id=\"slide-27\">&#13;<br \/>\n                        &#13;<br \/>\n                            <a class=\"chocolat-image\" title=\"Publicit\u00e9\" href=\"data:image\/gif;base64,R0lGODlhAQABAAD\/ACwAAAAAAQABAAACADs=\">&#13;<br \/>\n                                <img decoding=\"async\" src=\"data:image\/gif;base64,R0lGODlhAQABAAD\/ACwAAAAAAQABAAACADs=\" alt=\"Publicit\u00e9\" loading=\"lazy\" fetchpriority=\"low\"\/>&#13;<br \/>\n                            <\/a>&#13;<br \/>\n                        &#13;\n                    <\/li>\n<p>&#13;<\/p>\n<li class=\"carousel-wrapper__slides--slide item\" id=\"slide-28\">&#13;<br \/>\n                                    &#13;<br \/>\n                        <a class=\"chocolat-image GA-tracking\" data-ga_type=\"click\" data-ga_category=\"D\u00e9tail\" data-ga_action=\"zoomer\" data-ga_label=\"aggrandir image\" href=\"https:\/\/cdn-s-www.leprogres.fr\/images\/07C6ED16-5C54-4902-8726-26A812D205CF\/NW_raw\/la-place-jean-jaures-etait-bien-garnie-ce-samedi-photo-sonia-barcet-1760204427.jpg\" title=\"La place Jean-Jaur\u00e8s \u00e9tait bien garnie ce samedi. Photo Sonia Barcet\" target=\"_blank\" rel=\"noopener\">&#13;<br \/>\n                            <img decoding=\"async\" src=\"https:\/\/www.europesays.com\/fr\/wp-content\/uploads\/2025\/10\/la-place-jean-jaures-etait-bien-garnie-ce-samedi-photo-sonia-barcet-1760204427.jpg\"   alt=\"La place Jean-Jaur\u00e8s \u00e9tait bien garnie ce samedi. Photo Sonia Barcet\" loading=\"lazy\" fetchpriority=\"low\" data-mobile=\"NW_detail_M|1760204427\" data-base=\"NW_detail|1760204427\"\/>&#13;<br \/>\n                        <\/a>&#13;<\/p>\n<p>La place Jean-Jaur\u00e8s \u00e9tait bien garnie ce samedi. Photo Sonia Barcet<\/p>\n<p>                        &#13;<br \/>\n                                           &#13;\n                <\/li>\n<p>&#13;<br \/>\n            &#13;\n                <\/ul>\n","protected":false},"excerpt":{"rendered":"&#13; Le Progr\u00e8s &#8211; &#13; &#13; Hier \u00e0 19:29&#13; &#13; | mis \u00e0 jour aujourd&rsquo;hui \u00e0 08:49&#13; &#8211;&hellip;\n","protected":false},"author":2,"featured_media":456944,"comment_status":"","ping_status":"","sticky":false,"template":"","format":"standard","meta":{"footnotes":""},"categories":[9653],"tags":[1111,11,2430,1687,7539,1777,674,57546,1011,27,2798,3367,12,25,4001],"class_list":{"0":"post-456943","1":"post","2":"type-post","3":"status-publish","4":"format-standard","5":"has-post-thumbnail","7":"category-saint-etienne","8":"tag-actu","9":"tag-actualites","10":"tag-auvergne-rhone-alpes","11":"tag-culture-loisirs","12":"tag-edition-loire-sud","13":"tag-eu","14":"tag-europe","15":"tag-fete-du-livre-de-saint-etienne","16":"tag-fr","17":"tag-france","18":"tag-galerie-photo","19":"tag-loire","20":"tag-news","21":"tag-republique-francaise","22":"tag-saint-etienne"},"share_on_mastodon":{"url":"https:\/\/pubeurope.com\/@fr\/115360134614888165","error":""},"_links":{"self":[{"href":"https:\/\/www.europesays.com\/fr\/wp-json\/wp\/v2\/posts\/456943","targetHints":{"allow":["GET"]}}],"collection":[{"href":"https:\/\/www.europesays.com\/fr\/wp-json\/wp\/v2\/posts"}],"about":[{"href":"https:\/\/www.europesays.com\/fr\/wp-json\/wp\/v2\/types\/post"}],"author":[{"embeddable":true,"href":"https:\/\/www.europesays.com\/fr\/wp-json\/wp\/v2\/users\/2"}],"replies":[{"embeddable":true,"href":"https:\/\/www.europesays.com\/fr\/wp-json\/wp\/v2\/comments?post=456943"}],"version-history":[{"count":0,"href":"https:\/\/www.europesays.com\/fr\/wp-json\/wp\/v2\/posts\/456943\/revisions"}],"wp:featuredmedia":[{"embeddable":true,"href":"https:\/\/www.europesays.com\/fr\/wp-json\/wp\/v2\/media\/456944"}],"wp:attachment":[{"href":"https:\/\/www.europesays.com\/fr\/wp-json\/wp\/v2\/media?parent=456943"}],"wp:term":[{"taxonomy":"category","embeddable":true,"href":"https:\/\/www.europesays.com\/fr\/wp-json\/wp\/v2\/categories?post=456943"},{"taxonomy":"post_tag","embeddable":true,"href":"https:\/\/www.europesays.com\/fr\/wp-json\/wp\/v2\/tags?post=456943"}],"curies":[{"name":"wp","href":"https:\/\/api.w.org\/{rel}","templated":true}]}}