{"id":456945,"date":"2025-10-12T07:58:18","date_gmt":"2025-10-12T07:58:18","guid":{"rendered":"https:\/\/www.europesays.com\/fr\/456945\/"},"modified":"2025-10-12T07:58:18","modified_gmt":"2025-10-12T07:58:18","slug":"ligue-2-les-concurrents-de-lasse-se-perfectionnent","status":"publish","type":"post","link":"https:\/\/www.europesays.com\/fr\/456945\/","title":{"rendered":"Ligue 2 : Les concurrents de l&rsquo;ASSE se perfectionnent"},"content":{"rendered":"<p><strong>Alors que la tr\u00eave internationale offre une parenth\u00e8se bienvenue au calendrier de la Ligue 2, plusieurs clubs du championnat en ont profit\u00e9 pour disputer des rencontres amicales. Objectif : maintenir le rythme, offrir du temps de jeu aux rempla\u00e7ants et travailler certains automatismes avant <a href=\"https:\/\/ligue1.com\/fr\/competitions\/ligue2bkt?tab=results\" target=\"_blank\" rel=\"noreferrer nofollow noopener\">la reprise le week-end prochain<\/a>.<\/strong><\/p>\n<p>L\u2019USL Dunkerque a parfaitement profit\u00e9 de ce test amical pour se rassurer. Oppos\u00e9 au Cercle Bruges ce mercredi 8 octobre, le club nordiste s\u2019est impos\u00e9 sur le score net de 3-0. D\u00e8s la huiti\u00e8me minute, Eddy Sylvestre a ouvert la marque. Un but sous forme de r\u00e9compense d&rsquo;un bon d\u00e9but de match de ses co\u00e9quipiers.<\/p>\n<p>Le match a toutefois bascul\u00e9 dans un climat plus tendu lorsque Christian Ravych s\u2019est rendu coupable d\u2019un tacle tr\u00e8s dangereux sur Sylvestre, contraint de sortir sur blessure. Le d\u00e9fenseur belge a logiquement \u00e9t\u00e9 expuls\u00e9 apr\u00e8s plusieurs minutes d\u2019interruption.<\/p>\n<p>R\u00e9duits \u00e0 dix, les visiteurs ont subi les assauts dunkerquois : Anto Sekongo a doubl\u00e9 la mise avant la pause, et Thomas Robinet a inscrit le troisi\u00e8me but dans le temps additionnel. Une victoire nette et utile pour l\u2019USLD, actuellement 10e de Ligue 2, qui pr\u00e9pare son retour \u00e0 la comp\u00e9tition dans de bonnes dispositions.<\/p>\n<p>Le Stade de Reims a \u00e9galement disput\u00e9 une rencontre amicale ce jeudi au Centre de Vie Raymond Kopa, face au Royal Charleroi SC. Fid\u00e8le \u00e0 sa m\u00e9thode, Karel Geraerts a profit\u00e9 de l\u2019occasion pour effectuer une large revue d\u2019effectif.<\/p>\n<p>Dominateurs, les R\u00e9mois ont longtemps but\u00e9 sur une d\u00e9fense belge bien en place, malgr\u00e9 plusieurs occasions franches, dont une t\u00eate d\u2019Hafiz Ibrahim sur le poteau. Le score est rest\u00e9 vierge jusqu\u2019en fin de match, avant que Patrick Zabi ne d\u00e9livre les siens \u00e0 la 85e minute, reprenant un centre parfait d\u2019Antoine Leautey, entr\u00e9 un peu plus t\u00f4t.<\/p>\n<p>Cette courte victoire (1-0) offre une dose de confiance bienvenue avant un d\u00e9placement d\u00e9licat sur la pelouse de Rodez en championnat.<\/p>\n","protected":false},"excerpt":{"rendered":"Alors que la tr\u00eave internationale offre une parenth\u00e8se bienvenue au calendrier de la Ligue 2, plusieurs clubs du&hellip;\n","protected":false},"author":2,"featured_media":456946,"comment_status":"","ping_status":"","sticky":false,"template":"","format":"standard","meta":{"footnotes":""},"categories":[9653],"tags":[1111,11,2430,1777,674,1011,27,12,25,4001],"class_list":{"0":"post-456945","1":"post","2":"type-post","3":"status-publish","4":"format-standard","5":"has-post-thumbnail","7":"category-saint-etienne","8":"tag-actu","9":"tag-actualites","10":"tag-auvergne-rhone-alpes","11":"tag-eu","12":"tag-europe","13":"tag-fr","14":"tag-france","15":"tag-news","16":"tag-republique-francaise","17":"tag-saint-etienne"},"share_on_mastodon":{"url":"https:\/\/pubeurope.com\/@fr\/115360137659278370","error":""},"_links":{"self":[{"href":"https:\/\/www.europesays.com\/fr\/wp-json\/wp\/v2\/posts\/456945","targetHints":{"allow":["GET"]}}],"collection":[{"href":"https:\/\/www.europesays.com\/fr\/wp-json\/wp\/v2\/posts"}],"about":[{"href":"https:\/\/www.europesays.com\/fr\/wp-json\/wp\/v2\/types\/post"}],"author":[{"embeddable":true,"href":"https:\/\/www.europesays.com\/fr\/wp-json\/wp\/v2\/users\/2"}],"replies":[{"embeddable":true,"href":"https:\/\/www.europesays.com\/fr\/wp-json\/wp\/v2\/comments?post=456945"}],"version-history":[{"count":0,"href":"https:\/\/www.europesays.com\/fr\/wp-json\/wp\/v2\/posts\/456945\/revisions"}],"wp:featuredmedia":[{"embeddable":true,"href":"https:\/\/www.europesays.com\/fr\/wp-json\/wp\/v2\/media\/456946"}],"wp:attachment":[{"href":"https:\/\/www.europesays.com\/fr\/wp-json\/wp\/v2\/media?parent=456945"}],"wp:term":[{"taxonomy":"category","embeddable":true,"href":"https:\/\/www.europesays.com\/fr\/wp-json\/wp\/v2\/categories?post=456945"},{"taxonomy":"post_tag","embeddable":true,"href":"https:\/\/www.europesays.com\/fr\/wp-json\/wp\/v2\/tags?post=456945"}],"curies":[{"name":"wp","href":"https:\/\/api.w.org\/{rel}","templated":true}]}}