{"id":456951,"date":"2025-10-12T08:02:14","date_gmt":"2025-10-12T08:02:14","guid":{"rendered":"https:\/\/www.europesays.com\/fr\/456951\/"},"modified":"2025-10-12T08:02:14","modified_gmt":"2025-10-12T08:02:14","slug":"lete-indien-des-portraits-illumine-sanary-et-ses-quais-et-cest-a-decouvrir-jusquau-2-novembre","status":"publish","type":"post","link":"https:\/\/www.europesays.com\/fr\/456951\/","title":{"rendered":"l\u2019\u00e9t\u00e9 indien des portraits illumine Sanary et ses quais, et c\u2019est \u00e0 d\u00e9couvrir jusqu\u2019au 2\u00a0novembre"},"content":{"rendered":"<p class=\"fs-5 \">Un jeu de piste photographique. Diss\u00e9min\u00e9s dans la ville jusqu\u2019au 2 novembre, pr\u00e8s d\u2019un millier de portraits illuminent du talent de leurs auteurs le port et ses quais, jusqu\u2019\u00e0 la mont\u00e9e des Oratoires, ainsi que quelques places et rues.<\/p>\n<p class=\"fs-5 \">Inaugur\u00e9e vendredi matin sur le parvis de la mairie, la biennale \u00ab L\u2019\u00e9t\u00e9 indien des portraits \u00bb, revient pour une nouvelle \u00e9dition color\u00e9e, tandis que se pose la question de sa p\u00e9rennit\u00e9.<\/p>\n<p class=\"fs-5 \">\u00ab J\u2019esp\u00e8re que l\u2019on va trouver la rel\u00e8ve \u00bb, a souhait\u00e9 le maire Daniel Alsters dans un discours, lors du vernissage qui s\u2019est tenu sur le parvis de la mairie, en f\u00e9licitant Jean-No\u00ebl et Marie-Claire Perez, les tr\u00e8s connus artisans photographes sanaryens retrait\u00e9s, organisateurs de cette biennale, qui souhaitent passer le relais.<\/p>\n<p>                                                                                \u00ab Vous n\u2019avez pas le droit d\u2019arr\u00eater ! \u00bb<\/p>\n<p class=\"fs-5 \">\u00ab Vous n\u2019avez pas le droit d\u2019arr\u00eater ! \u00bb a-t-il lanc\u00e9 dans un trait d\u2019humour, apr\u00e8s avoir relev\u00e9 le superbe \u00e9crin que forme le port requalifi\u00e9 pour cette exposition.<\/p>\n<p class=\"fs-5 \">\u00c0 son tour, aux c\u00f4t\u00e9s de son \u00e9poux, Marie-Claire Perez remerciant G\u00e9rard Cimeti\u00e8re, initiateur de la manifestation en 2004, et Serge Loigne, qui a assur\u00e9 logistique, coordination et mise en place des portraits, sans oublier les employ\u00e9s municipaux et les photographes expos\u00e9s, a exprim\u00e9 son \u00e9motion : \u00ab Depuis plusieurs ann\u00e9es, cette exposition a illumin\u00e9 notre ville : des visages, des sourires, des histoires. Un vrai lien entre les habitants, les visiteurs et les artistes. Nos rues sont devenues le temps d\u2019un automne, une galerie \u00e0 ciel ouvert \u00bb. Et de conclure : \u00ab Cette derni\u00e8re \u00e9dition marque la fin d\u2019un cycle, mais aussi la trace durable d\u2019une belle aventure humaine. \u00bb<\/p>\n<p>                                                                                \u00ab L\u2019humain et la transmission \u00bb<\/p>\n<p class=\"fs-5 \">Jean-No\u00ebl Perez, meilleur ouvrier de France, et son \u00e9pouse Marie-Claire, portraitiste de France, ont tenu la boutique Studio Jean-No\u00ebl, place Cavet, pendant 42 ans o\u00f9 ils ont tir\u00e9 le portrait de g\u00e9n\u00e9rations de Sanaryens avant de faire valoir leurs droits \u00e0 la retraite en 2024. Tous deux esp\u00e8rent \u00e9galement qu\u2019un jeune photographe prendra leur rel\u00e8ve pour l\u2019organisation de la biennale.<\/p>\n<p class=\"fs-5 \">L\u2019exposition de Sanary est le copi\u00e9-coll\u00e9 de la manifestation \u00ab L\u2019\u00e9t\u00e9 des portraits \u00bb de Bourbon-Lancy (Sa\u00f4ne-et-Loire) qui, tous les deux ans, accueille dans ses rues les \u0153uvres des centaines de photographes professionnels mettant en avant des portraits du monde entier\u2026 \u00ab Nous y avons particip\u00e9 \u00bb, rel\u00e8vent les deux photographes.<\/p>\n<p class=\"fs-5 \">Ainsi, ann\u00e9e impaire oblige, les portraits expos\u00e9s \u00e0 Sanary ont fait les belles heures de Bourbon- Lancy en 2024 (ann\u00e9e paire), dont la manifestation s\u2019est impos\u00e9e comme premier Festival europ\u00e9en du portrait photographique.<\/p>\n<p class=\"fs-5 \">\u00ab Vous ne verrez que des portraits r\u00e9alis\u00e9s par des artisans photographes, pr\u00e9cisent les organisateurs, qui ont fait le choix de retirer quelques photos pouvant \u00eatre jug\u00e9es \u00ab choquantes \u00bb. \u00ab Tous les th\u00e8mes sont repr\u00e9sent\u00e9s, avec des mod\u00e8les de tous les \u00e2ges, de nouveau-n\u00e9 \u00e0 77 ans ; les photographes sont europ\u00e9ens, il y en a un de Nouvelle-Cal\u00e9donie. \u00bb<\/p>\n<p class=\"fs-5 \">Et de conclure : \u00ab Cette exposition refl\u00e8te nos valeurs : pour nous le plus important c\u2019est l\u2019humain et la transmission \u00bb.<\/p>\n","protected":false},"excerpt":{"rendered":"Un jeu de piste photographique. Diss\u00e9min\u00e9s dans la ville jusqu\u2019au 2 novembre, pr\u00e8s d\u2019un millier de portraits illuminent&hellip;\n","protected":false},"author":2,"featured_media":456952,"comment_status":"","ping_status":"","sticky":false,"template":"","format":"standard","meta":{"footnotes":""},"categories":[9619],"tags":[1111,11,1777,674,1011,27,12,882,25,2310],"class_list":{"0":"post-456951","1":"post","2":"type-post","3":"status-publish","4":"format-standard","5":"has-post-thumbnail","7":"category-toulon","8":"tag-actu","9":"tag-actualites","10":"tag-eu","11":"tag-europe","12":"tag-fr","13":"tag-france","14":"tag-news","15":"tag-provence-alpes-cote-dazur","16":"tag-republique-francaise","17":"tag-toulon"},"share_on_mastodon":{"url":"https:\/\/pubeurope.com\/@fr\/115360153231623554","error":""},"_links":{"self":[{"href":"https:\/\/www.europesays.com\/fr\/wp-json\/wp\/v2\/posts\/456951","targetHints":{"allow":["GET"]}}],"collection":[{"href":"https:\/\/www.europesays.com\/fr\/wp-json\/wp\/v2\/posts"}],"about":[{"href":"https:\/\/www.europesays.com\/fr\/wp-json\/wp\/v2\/types\/post"}],"author":[{"embeddable":true,"href":"https:\/\/www.europesays.com\/fr\/wp-json\/wp\/v2\/users\/2"}],"replies":[{"embeddable":true,"href":"https:\/\/www.europesays.com\/fr\/wp-json\/wp\/v2\/comments?post=456951"}],"version-history":[{"count":0,"href":"https:\/\/www.europesays.com\/fr\/wp-json\/wp\/v2\/posts\/456951\/revisions"}],"wp:featuredmedia":[{"embeddable":true,"href":"https:\/\/www.europesays.com\/fr\/wp-json\/wp\/v2\/media\/456952"}],"wp:attachment":[{"href":"https:\/\/www.europesays.com\/fr\/wp-json\/wp\/v2\/media?parent=456951"}],"wp:term":[{"taxonomy":"category","embeddable":true,"href":"https:\/\/www.europesays.com\/fr\/wp-json\/wp\/v2\/categories?post=456951"},{"taxonomy":"post_tag","embeddable":true,"href":"https:\/\/www.europesays.com\/fr\/wp-json\/wp\/v2\/tags?post=456951"}],"curies":[{"name":"wp","href":"https:\/\/api.w.org\/{rel}","templated":true}]}}