{"id":456957,"date":"2025-10-12T08:05:13","date_gmt":"2025-10-12T08:05:13","guid":{"rendered":"https:\/\/www.europesays.com\/fr\/456957\/"},"modified":"2025-10-12T08:05:13","modified_gmt":"2025-10-12T08:05:13","slug":"sortir-a-montpellier-foire-jeunes-generations-aimer-des-idees-du-lundi-13-au-mercredi-15-octobre","status":"publish","type":"post","link":"https:\/\/www.europesays.com\/fr\/456957\/","title":{"rendered":"Sortir \u00e0 Montpellier\u00a0: Foire, jeunes g\u00e9n\u00e9rations, Aimer\u2026 des id\u00e9es du lundi\u00a013 au mercredi 15\u00a0octobre"},"content":{"rendered":"<p>\n                                                                Foire de Montpellier, \u00ab\u00a0Pourquoi on se bat\u00a0\u00bb \u00e0 Saint-Charles, Theodora\u00a0\u00e0 l\u2019Op\u00e9ra, David Rycroft \u00e0 la\u00a0Galerie de l\u2019Ancien Courrier, \u00ab\u00a0We Love Catastrophe\u00a0\u00bb \u00e0 l\u2019Atrium, avant-premi\u00e8re d\u2019Arco au Diagonal, Sarah Chiche chez Sauramps, jeune cr\u00e9ation avec Cinemed \u00e0 la Panac\u00e9e ou\u00a0Festival (A) venir au Trioletto.\n                            <\/p>\n<p>D\u00e9couvrez notre s\u00e9lection de sorties pour ce d\u00e9but de semaine du c\u00f4t\u00e9 de <a href=\"https:\/\/www.midilibre.fr\/herault\/montpellier\/\" target=\"_blank\" rel=\"nofollow noopener\">Montpellier<\/a> et faites le plein d\u2019id\u00e9es avec <a href=\"https:\/\/www.midilibre.fr\/agenda\/?path=&amp;q=&amp;where=herault%3Amontpellier&amp;insee=34172&amp;from=2025-10-13&amp;to=2025-10-15&amp;agendapg=37#2083029\" target=\"_blank\" rel=\"nofollow noopener\">notre agenda en ligne<\/a>.<\/p>\n<p>Lundi 13\u00a0octobre<\/p>\n<p>Foire de Montpellier<\/p>\n<p><strong><a href=\"https:\/\/www.midilibre.fr\/recherche?q=Foire+internationale+de+Montpellier&amp;type=&amp;where=&amp;year=&amp;month=&amp;day=\" target=\"_blank\" rel=\"nofollow noopener\">Foire<\/a>.<\/strong>\u00a0Durant 11 jours, le Parc des expositions de Montpellier se transforme en une immense vitrine commerciale d\u00e9clin\u00e9e autour de plusieurs univers. L\u2019occasion de d\u00e9nicher des produits que l\u2019on ne trouve parfois nulle part ailleurs.<\/p>\n<p>&gt;\u00a0<a href=\"https:\/\/www.foire-montpellier.com\/\" target=\"_blank\" rel=\"nofollow noopener\">Foire internationale de Montpellier<\/a>\u00a0du vendredi\u00a010 au lundi 20\u00a0octobre. Lundi 13\u00a0octobre de 10\u00a0h \u00e0 19\u00a0heures au parc des expositions de Montpellier, route de la Foire \u00e0 <a href=\"https:\/\/www.midilibre.fr\/herault\/perols\/\" target=\"_blank\" rel=\"nofollow noopener\">P\u00e9rols<\/a>. <a href=\"https:\/\/www.foire-montpellier.com\/infos-pratiques\/horaires-et-tarifs\/\" target=\"_blank\" rel=\"nofollow noopener\">Billetterie\u00a0<\/a>: tarif normal aux caisses 8\u00a0\u20ac, \u2013 50\u00a0% pour les plus de 60 ans\u00a0ce lundi, tarif r\u00e9duit et web 6\u00a0\u20ac.<\/p>\n<p>Projection-d\u00e9bat \u00ab\u00a0Pourquoi on se bat\u00a0\u00bb<\/p>\n<p><strong><a href=\"https:\/\/www.univ-montp3.fr\/fr\/communiques\/red%C3%A9marrage-du-cycle-de-conf%C3%A9rences-mots-durables#:~:text=Port%C3%A9%20par%20l&#039;Universit%C3%A9%20de,grands%20enjeux%20du%20d%C3%A9veloppement%20durable.\" target=\"_blank\" rel=\"nofollow noopener\">Mots durables<\/a><\/strong>. Film de Camille \u00c9tienne et Solal Moisan (1h12). Figure de la jeunesse climatique, Camille \u00c9tienne donne voix \u00e0 une g\u00e9n\u00e9ration en lutte. Ce documentaire intimiste et politique retrace son parcours et interroge les formes de l\u2019engagement face \u00e0 l\u2019effondrement. Un appel vibrant \u00e0 agir, port\u00e9 par l\u2019urgence et l\u2019esp\u00e9rance.<\/p>\n<p>&gt;\u00a0Lundi 13\u00a0octobre de 17\u00a0h\u00a030 \u00e0 19\u00a0heures \u00e0 l\u2019auditorium du site Saint-Charles 2 de l\u2019universit\u00e9 Paul-Val\u00e9ry, rue du Professeur-Henri-Serre \u00e0 <a href=\"https:\/\/www.midilibre.fr\/herault\/montpellier\/\" target=\"_blank\" rel=\"nofollow noopener\">Montpellier<\/a>. Gratuit, ouvert \u00e0 tous.<\/p>\n<p>\u00ab\u00a0Theodora\u00a0\u00bb, version de concert<\/p>\n<p><strong>Op\u00e9ra. <\/strong>Place \u00e0 l\u2019avant-dernier oratorio de Haendel par la jeune g\u00e9n\u00e9ration baroque\u00a0! En 2018, Thomas Dunford a r\u00e9uni les membres de son ensemble Jupiter, r\u00e9pondant au d\u00e9sir d\u2019insuffler une nouvelle vie aux chefs-d\u2019\u0153uvre du baroque. Ils portent la majestueuse Theodora \u00e0 incandescence. Haendel et son librettiste Thomas Morell se concentrent sur le conflit int\u00e9rieur de la jeune princesse pers\u00e9cut\u00e9e.<\/p>\n<p>&gt;\u00a0Lundi 13\u00a0octobre \u00e0 19\u00a0heures \u00e0 l\u2019<a href=\"https:\/\/www.opera-orchestre-montpellier.fr\/\" target=\"_blank\" rel=\"nofollow noopener\">Op\u00e9ra Com\u00e9die<\/a>, place de la Com\u00e9die \u00e0 <a href=\"https:\/\/www.midilibre.fr\/herault\/montpellier\/\" target=\"_blank\" rel=\"nofollow noopener\">Montpellier<\/a>. De 28 \u00e0 47\u00a0\u20ac. Contact au\u00a004\u00a067\u00a060\u00a019\u00a099.<\/p>\n<p>Mardi 14\u00a0octobre<\/p>\n<p>\u00ab\u00a0Ici comme en Arcadie\u00a0\u00bb, David Rycroft<\/p>\n<p>        <img decoding=\"async\" class=\"std-img__img responsive-img\" src=\"https:\/\/www.europesays.com\/fr\/wp-content\/uploads\/2025\/10\/1760256313_966_image.jpg\" alt=\"&quot;No ego in Arcadia&quot;, acrylique sur toile (150 x 200\u00a0cm).\"\/><\/p>\n<p>                \u00ab\u00a0No ego in Arcadia\u00a0\u00bb, acrylique sur toile (150 x 200\u00a0cm).<\/p>\n<p><strong>Exposition.<\/strong> David Rycroft peint avec le c\u0153ur. Il peint sur le motif, jouissant de sa libert\u00e9 d\u2019interpr\u00e9ter, en direct, le paysage avec ses propres couleurs, \u00e9clatantes. Il aime rendre la lumi\u00e8re, et excelle dans sa fa\u00e7on de repr\u00e9senter l\u2019\u00e9l\u00e9ment insaisissable qu\u2019est l\u2019eau. Arpentant les paysages h\u00e9raultais David Rycroft leur donne des airs d\u2019Arcadie.<\/p>\n<p>&gt;\u00a0Du mardi au jeudi de 14\u00a0h \u00e0 18\u00a0h\u00a030 et vendredi et samedi de 10\u00a0h \u00e0 12\u00a0h\u00a030 et de 14\u00a0h \u00e0 18\u00a0h\u00a030 jusqu\u2019au 5\u00a0novembre \u00e0 la<a href=\"https:\/\/www.galerieanciencourrier.com\/\" target=\"_blank\" rel=\"nofollow noopener\">\u00a0Galerie de l\u2019Ancien Courrier<\/a> (G.A.C), 3\u00a0rue de l\u2019Ancien Courrier \u00e0 <a href=\"https:\/\/www.midilibre.fr\/herault\/montpellier\/\" target=\"_blank\" rel=\"nofollow noopener\">Montpellier<\/a>. Entr\u00e9e libre. Contact au 04\u00a067\u00a060\u00a071\u00a088.<\/p>\n<p>We Love Catastrophe<\/p>\n<p><strong>Performance in situ.<\/strong> Le collectif A\/R prend comme point de d\u00e9part les connexions \u00e9troites qui relient les corps dansants, la musique live et le lieu du spectacle. Jou\u00e9e en ext\u00e9rieur, la pi\u00e8ce investit l\u2019espace choisi, un espace public, partag\u00e9, commun et travers\u00e9, o\u00f9 la danse contemporaine, la batterie et le violoncelle \u00e9lectrique tissent de nouvelles configurations avec le public.<\/p>\n<p>&gt;\u00a0Mardi 14\u00a0octobre \u00e0 19\u00a0h\u00a015 sur le parvis de l\u2019<a href=\"https:\/\/bibliotheques.univ-montp3.fr\/bu-atrium\" target=\"_blank\" rel=\"nofollow noopener\">Atrium<\/a>, 199 route de Mende \u00e0 <a href=\"https:\/\/www.midilibre.fr\/herault\/montpellier\/\" target=\"_blank\" rel=\"nofollow noopener\">Montpellier<\/a>. Gratuit, acc\u00e8s libre.<\/p>\n<p>Avant-premi\u00e8re\u00a0: \u00ab\u00a0Arco\u00a0\u00bb<\/p>\n<p><strong>Cin\u00e9ma.<\/strong> S\u00e9ance en pr\u00e9sence de F\u00e9lix de Givry, producteur et co-sc\u00e9nariste et producteur du film. En partenariat avec l\u2019\u00e9cole ARTFX de Montpellier. Animation, aventure, science-fiction d\u2019Ugo Bienvenu, avec Swann Arlaud, Alma Jodorowsky. En 2075, une petite fille de 10 ans, Iris, voit un myst\u00e9rieux gar\u00e7on v\u00eatu d\u2019une combinaison arc-en-ciel tomber du ciel. C\u2019est Arco. Il vient d\u2019un futur lointain et idyllique o\u00f9 voyager dans le temps est possible.<\/p>\n<p>&gt;\u00a0Mardi 14\u00a0octobre\u00a0\u00e0 20\u00a0heures au <a href=\"https:\/\/www.cinediagonal.com\/\" target=\"_blank\" rel=\"nofollow noopener\">cin\u00e9ma Diagonal<\/a>, 5 rue de Verdun \u00e0 <a href=\"https:\/\/www.midilibre.fr\/herault\/montpellier\/\" target=\"_blank\" rel=\"nofollow noopener\">Montpellier<\/a>. Tarif normal 8\u00a0\u20ac, \u00e9tudiant 6\u00a0\u20ac, Yoot 3,90\u00a0\u20ac. Contact au\u00a004\u00a067\u00a058\u00a058\u00a010.<\/p>\n<p>Mercredi 15\u00a0octobre<\/p>\n<p>Rencontre avec Sarah Chiche<\/p>\n<p><strong>Livre.<\/strong> Autour de son livre \u00ab\u00a0Aimer\u00a0\u00bb, paru aux \u00e9ditions Julliard. 1984. Quand Margaux, 9 ans, se jette dans les eaux glac\u00e9es du lac L\u00e9man, le p\u00e8re d\u2019Henri, son camarade de classe, la sauve. Une complicit\u00e9 vibrante na\u00eet entre les deux enfants. Quarante ans plus tard, ils se retrouvent par hasard. Lui, ancien consultant, est rong\u00e9 par la culpabilit\u00e9 d\u2019un scandale sanitaire. Elle est devenue \u00e9crivaine apr\u00e8s une enfance dramatique. Entre eux, l\u2019amour est intact.<\/p>\n<p>&gt;\u00a0Mercredi 15\u00a0octobre \u00e0 18\u00a0heures \u00e0 la <a href=\"https:\/\/www.sauramps.com\/posts\/30\/Nos-evenements\" target=\"_blank\" rel=\"nofollow noopener\">librairie Sauramps Com\u00e9die<\/a>, all\u00e9e Jules-Milhau \u00e0 <a href=\"https:\/\/www.midilibre.fr\/herault\/montpellier\/\" target=\"_blank\" rel=\"nofollow noopener\">Montpellier<\/a>.<\/p>\n<p>Rendez-vous jeune cr\u00e9ation<\/p>\n<p><strong>Projection. <\/strong>Cinemed met en avant la jeune cr\u00e9ation locale. Projection des courts m\u00e9trages issus d\u2019ateliers, de concours ou fabriqu\u00e9s en autoproduction par de jeunes cin\u00e9astes d\u2019Occitanie.<\/p>\n<p>&gt;\u00a0Mercredi 15\u00a0octobre\u00a0\u00e0 19\u00a0heures \u00e0 l\u2019auditorium de la Panac\u00e9e, 14 rue Ecole-de-Pharmacie \u00e0 <a href=\"https:\/\/www.midilibre.fr\/herault\/montpellier\/\" target=\"_blank\" rel=\"nofollow noopener\">Montpellier<\/a>. Gratuit, entr\u00e9e libre. Contact au\u00a004\u00a099\u00a013\u00a073\u00a073.<\/p>\n<p>Festival (A) venir<\/p>\n<p><strong>Th\u00e9\u00e2tre.<\/strong> D\u00e9couvrez chaque soir quatre jeunes compagnies locales venues pr\u00e9senter des formes th\u00e9\u00e2trales courtes encore en construction. Restitutions suivies de rencontres conviviales avec les artistes.<\/p>\n<p>&gt;\u00a0Mercredi\u00a015 et jeudi 16\u00a0octobre \u00e0 20\u00a0heures au\u00a0<a href=\"https:\/\/www.crous-montpellier.fr\/sortir-bouger-creer\/culture-sortir\/trioletto-jeune-creation-creation-etudiante\/\" target=\"_blank\" rel=\"nofollow noopener\">Trioletto<\/a>, 75 avenue Augustin Fliche \u00e0 Montpellier. Gratuit, <a href=\"https:\/\/yp.events\/03b07558-d3a8-47c3-9a6b-fc470943627d\/Festival-A-venir\" target=\"_blank\" rel=\"nofollow noopener\">sur r\u00e9servation<\/a>. Contact au\u00a004\u00a067\u00a041\u00a050\u00a076.<\/p>\n","protected":false},"excerpt":{"rendered":"Foire de Montpellier, \u00ab\u00a0Pourquoi on se bat\u00a0\u00bb \u00e0 Saint-Charles, Theodora\u00a0\u00e0 l\u2019Op\u00e9ra, David Rycroft \u00e0 la\u00a0Galerie de l\u2019Ancien Courrier,&hellip;\n","protected":false},"author":2,"featured_media":456958,"comment_status":"","ping_status":"","sticky":false,"template":"","format":"standard","meta":{"footnotes":""},"categories":[9599],"tags":[1111,11,1777,674,1011,27,2208,12,2680,25],"class_list":{"0":"post-456957","1":"post","2":"type-post","3":"status-publish","4":"format-standard","5":"has-post-thumbnail","7":"category-montpellier","8":"tag-actu","9":"tag-actualites","10":"tag-eu","11":"tag-europe","12":"tag-fr","13":"tag-france","14":"tag-montpellier","15":"tag-news","16":"tag-occitanie","17":"tag-republique-francaise"},"share_on_mastodon":{"url":"https:\/\/pubeurope.com\/@fr\/115360165669485365","error":""},"_links":{"self":[{"href":"https:\/\/www.europesays.com\/fr\/wp-json\/wp\/v2\/posts\/456957","targetHints":{"allow":["GET"]}}],"collection":[{"href":"https:\/\/www.europesays.com\/fr\/wp-json\/wp\/v2\/posts"}],"about":[{"href":"https:\/\/www.europesays.com\/fr\/wp-json\/wp\/v2\/types\/post"}],"author":[{"embeddable":true,"href":"https:\/\/www.europesays.com\/fr\/wp-json\/wp\/v2\/users\/2"}],"replies":[{"embeddable":true,"href":"https:\/\/www.europesays.com\/fr\/wp-json\/wp\/v2\/comments?post=456957"}],"version-history":[{"count":0,"href":"https:\/\/www.europesays.com\/fr\/wp-json\/wp\/v2\/posts\/456957\/revisions"}],"wp:featuredmedia":[{"embeddable":true,"href":"https:\/\/www.europesays.com\/fr\/wp-json\/wp\/v2\/media\/456958"}],"wp:attachment":[{"href":"https:\/\/www.europesays.com\/fr\/wp-json\/wp\/v2\/media?parent=456957"}],"wp:term":[{"taxonomy":"category","embeddable":true,"href":"https:\/\/www.europesays.com\/fr\/wp-json\/wp\/v2\/categories?post=456957"},{"taxonomy":"post_tag","embeddable":true,"href":"https:\/\/www.europesays.com\/fr\/wp-json\/wp\/v2\/tags?post=456957"}],"curies":[{"name":"wp","href":"https:\/\/api.w.org\/{rel}","templated":true}]}}