{"id":456959,"date":"2025-10-12T08:06:11","date_gmt":"2025-10-12T08:06:11","guid":{"rendered":"https:\/\/www.europesays.com\/fr\/456959\/"},"modified":"2025-10-12T08:06:11","modified_gmt":"2025-10-12T08:06:11","slug":"pourquoi-trouve-t-on-le-plus-grand-cimetiere-militaire-britannique-de-france-rive-gauche-a-rouen","status":"publish","type":"post","link":"https:\/\/www.europesays.com\/fr\/456959\/","title":{"rendered":"Pourquoi trouve-t-on le plus grand cimeti\u00e8re militaire britannique de France rive gauche \u00e0 Rouen\u00a0?"},"content":{"rendered":"<p>            Par<br \/>\n        <strong><br \/>\n            <a href=\"https:\/\/actu.fr\/auteur\/fmass\" title=\"Consulter tous les articles de Fabien Massin\" rel=\"nofollow noopener\" target=\"_blank\">Fabien Massin<\/a><br \/>\n        <\/strong><\/p>\n<p>        Publi\u00e9 le<\/p>\n<p>            12 oct. 2025 \u00e0 9h34        <\/p>\n<p>Le lieu est impressionnant et sa pr\u00e9sence \u00e9tonnante autant que m\u00e9connue. Des milliers de tombes identiques sur une vaste emprise de six hectares dans l\u2019agglo de <a href=\"https:\/\/actu.fr\/normandie\/rouen_76540\" rel=\"nofollow noopener\" target=\"_blank\">Rouen (Seine-Maritime)<\/a>, derri\u00e8re le stade Diochon, en grande partie sur le territoire de la commune du Petit-Quevilly. Nous sommes ici au <strong>cimeti\u00e8re militaire britannique de Saint-Sever<\/strong> \u2014 o\u00f9 reposent des morts de la <a href=\"https:\/\/actu.fr\/tag\/premiere-guerre-mondiale\" rel=\"nofollow noopener\" target=\"_blank\">Premi\u00e8re Guerre mondiale<\/a> \u2014 le plus important de France et le deuxi\u00e8me \u00e0 l\u2019\u00e9chelle europ\u00e9enne. Mais comment expliquer sa pr\u00e9sence ici dans la capitale normande\u2009?<\/p>\n<p>Rouen base logistique britannique majeure<\/p>\n<p class=\" wall-content\">\u00ab\u2009Pendant la Premi\u00e8re Guerre mondiale, le conflit n\u2019\u00e9tait pas directement pr\u00e9sent \u00e0 Rouen, mais l\u2019\u00e9tait par la pr\u00e9sence d\u2019h\u00f4pitaux militaires du Commonwealth et d\u2019infrastructures (usines, stockage, entrep\u00f4ts)<strong> qui ont fait de la ville une base logistique britannique majeure<\/strong>, l\u2019une des quatre plus importantes en France\u2009\u00bb, explique l\u2019historien rouennais Paul le Tr\u00e9vier, auteur de Le jardin aux 12\u2009000 pierres, <a href=\"https:\/\/actu.fr\/normandie\/rouen_76540\/livre-destins-meconnus-soldats-anglais-enterres-cimetiere-saint-sever-pres-rouen_19302650.html\" rel=\"nofollow noopener\" target=\"_blank\">ouvrage de r\u00e9f\u00e9rence sur le cimeti\u00e8re Saint-Sever<\/a>.<\/p>\n<blockquote class=\"ac-article-quote wall-content\">\n<p>Dans ces h\u00f4pitaux qui accueillaient les bless\u00e9s au combat, il y avait \u00e9videmment des morts. En ville \u00e9galement, dans les usines et entrep\u00f4ts, il y avait des d\u00e9c\u00e8s dus \u00e0 des maladies ou \u00e0 des accidents. Et dans la philosophie britannique, on ne rapatriait pas les corps au pays mais on les inhumait imm\u00e9diatement sur place.<\/p>\n<p>    <strong>Paul Le Tr\u00e9vier<\/strong><br \/>\n        HIstorien    <\/p><\/blockquote>\n<p class=\" wall-content\">Des d\u00e9funts des diff\u00e9rentes nations du Commonwealth <strong>(Royaume-Uni, Australie, Afrique du Sud, Canada, Inde, Nouvelle-Z\u00e9lande)<\/strong>, mais aussi d\u2019autres contr\u00e9es <strong>(Cara\u00efbes, Italie, Pologne, Y\u00e9men, Egypte\u2026<\/strong>) trouvent ainsi leur derni\u00e8re demeure \u00e0 Rouen. La zone est conc\u00e9d\u00e9e \u00e0 la Couronne et encore aujourd\u2019hui, c\u2019est l\u2019organisation britannique Commonwealth war grave commission (CWGC)* qui g\u00e8re la zone.<\/p>\n<p class=\" wall-content\">\u00c0 Rouen, 11\u2009769 personnes sont ainsi enterr\u00e9es et comm\u00e9mor\u00e9es, auxquelles il faut ajouter 313 morts de la <a href=\"https:\/\/actu.fr\/tag\/seconde-guerre-mondiale\" rel=\"nofollow noopener\" target=\"_blank\">Seconde Guerre mondiale<\/a>. \u00ab\u2009Dans son aspect actuel, le cimeti\u00e8re date des ann\u00e9es 1922-1927, avec <strong>les tombes en pierre blanche calcaire datant du jurassique<\/strong>, il y a 158\u00a0millions d\u2019ann\u00e9es\u2009\u00bb, pr\u00e9cise Paul Le Tr\u00e9vier.<\/p>\n<p class=\" wall-content\">Parmi les soldats inhum\u00e9s, certains sont tr\u00e8s jeunes, 16 ans tout au plus pour l\u2019un d\u2019entre eux, le plus \u00e2g\u00e9 \u00e9tant un vieux colonel de 65 ans. Il y a aussi quelques femmes, infirmi\u00e8res ou travailleuses civiles.<\/p>\n<p>    <img   decoding=\"async\" loading=\"lazy\" src=\"https:\/\/www.europesays.com\/fr\/wp-content\/uploads\/2025\/10\/letrevier-cpresse-130833-ok-1-960x640.jpg\" alt=\"Paul Le Tr\u00e9vier, auteur de l'ouvrage de r\u00e9f\u00e9rence sur le cimeti\u00e8re Saint-Sever. \" width=\"960\" height=\"640\"\/><br \/>\n    Paul Le Tr\u00e9vier, auteur de l\u2019ouvrage de r\u00e9f\u00e9rence sur le cimeti\u00e8re Saint-Sever, Le jardin aux 12\u2009000 pierres. (\u00a9Document transmis)<\/p>\n<p>Votre r\u00e9gion, votre actu !<\/p>\n<p>Recevez chaque jour les infos qui comptent pour vous.<\/p>\n<p>\t<a href=\"https:\/\/actu.fr\/newsletter\" class=\"ac-btn ac-btn--corner ac-btn--medium ac-btn--blue800\" rel=\"nofollow noopener\" target=\"_blank\">S&rsquo;incrire<\/a><\/p>\n<p class=\" wall-content\">*C\u2019est elle qui g\u00e8re le cimeti\u00e8re Saint-Sever et qui honore la m\u00e9moire de 1,7\u00a0million de personnes tomb\u00e9es au service de la couronne britannique, dont 575\u2009000 en France. En France la CWGC g\u00e8re environ 3000 sites dont 800 cimeti\u00e8res et 2200 carr\u00e9s militaires (dans des cimeti\u00e8res civils).<\/p>\n<p>Le jardin aux 12\u2009000 pierres, par Paul Le Tr\u00e9vier, 320 pages, dont 16 en couleur. Tarif\u2009: 22\u00a0euros<\/p>\n<p>Suivez l\u2019actualit\u00e9 de Rouen sur notre <a href=\"https:\/\/www.whatsapp.com\/channel\/0029VaKfnf99hXF2ddApFB1D\" rel=\"nofollow noopener\" target=\"_blank\">cha\u00eene WhatsApp<\/a> et sur notre <a href=\"https:\/\/www.tiktok.com\/@76actu.fr?lang=fr\" rel=\"nofollow noopener\" target=\"_blank\">compte TikTok<\/a><\/p>\n<p class=\" wall-content\">Personnalisez votre actualit\u00e9 en ajoutant vos villes et m\u00e9dias en favori avec <a href=\"https:\/\/moncompte.actu.fr\" title=\"D\u00e9couvez Mon Actu\" rel=\"nofollow noopener\" data-trk=\"{&quot;cta&quot;:{&quot;action&quot;:&quot;https:\\\/\\\/moncompte.actu.fr&quot;,&quot;category&quot;:&quot;mon compte&quot;,&quot;from&quot;:&quot;article footer&quot;,&quot;name&quot;:&quot;Mon actu&quot;,&quot;type&quot;:&quot;cta&quot;}}\" target=\"_blank\">Mon Actu<\/a>.<\/p>\n<p>                    <script async src=\"\/\/www.tiktok.com\/embed.js\"><\/script><\/p>\n","protected":false},"excerpt":{"rendered":"Par Fabien Massin Publi\u00e9 le 12 oct. 2025 \u00e0 9h34 Le lieu est impressionnant et sa pr\u00e9sence \u00e9tonnante&hellip;\n","protected":false},"author":2,"featured_media":456960,"comment_status":"","ping_status":"","sticky":false,"template":"","format":"standard","meta":{"footnotes":""},"categories":[9587],"tags":[1111,11,1777,674,1011,27,100,12,5161,2384,25,9590,58211,104],"class_list":{"0":"post-456959","1":"post","2":"type-post","3":"status-publish","4":"format-standard","5":"has-post-thumbnail","7":"category-rouen","8":"tag-actu","9":"tag-actualites","10":"tag-eu","11":"tag-europe","12":"tag-fr","13":"tag-france","14":"tag-hopital","15":"tag-news","16":"tag-normandie","17":"tag-premiere-guerre-mondiale","18":"tag-republique-francaise","19":"tag-rouen","20":"tag-saint-sever","21":"tag-societe"},"share_on_mastodon":{"url":"https:\/\/pubeurope.com\/@fr\/115360169374539685","error":""},"_links":{"self":[{"href":"https:\/\/www.europesays.com\/fr\/wp-json\/wp\/v2\/posts\/456959","targetHints":{"allow":["GET"]}}],"collection":[{"href":"https:\/\/www.europesays.com\/fr\/wp-json\/wp\/v2\/posts"}],"about":[{"href":"https:\/\/www.europesays.com\/fr\/wp-json\/wp\/v2\/types\/post"}],"author":[{"embeddable":true,"href":"https:\/\/www.europesays.com\/fr\/wp-json\/wp\/v2\/users\/2"}],"replies":[{"embeddable":true,"href":"https:\/\/www.europesays.com\/fr\/wp-json\/wp\/v2\/comments?post=456959"}],"version-history":[{"count":0,"href":"https:\/\/www.europesays.com\/fr\/wp-json\/wp\/v2\/posts\/456959\/revisions"}],"wp:featuredmedia":[{"embeddable":true,"href":"https:\/\/www.europesays.com\/fr\/wp-json\/wp\/v2\/media\/456960"}],"wp:attachment":[{"href":"https:\/\/www.europesays.com\/fr\/wp-json\/wp\/v2\/media?parent=456959"}],"wp:term":[{"taxonomy":"category","embeddable":true,"href":"https:\/\/www.europesays.com\/fr\/wp-json\/wp\/v2\/categories?post=456959"},{"taxonomy":"post_tag","embeddable":true,"href":"https:\/\/www.europesays.com\/fr\/wp-json\/wp\/v2\/tags?post=456959"}],"curies":[{"name":"wp","href":"https:\/\/api.w.org\/{rel}","templated":true}]}}