{"id":456961,"date":"2025-10-12T08:07:13","date_gmt":"2025-10-12T08:07:13","guid":{"rendered":"https:\/\/www.europesays.com\/fr\/456961\/"},"modified":"2025-10-12T08:07:13","modified_gmt":"2025-10-12T08:07:13","slug":"cest-merveilleux-fantastique-pour-alencon-tombeur-de-rouen","status":"publish","type":"post","link":"https:\/\/www.europesays.com\/fr\/456961\/","title":{"rendered":"\u00ab\u00a0C&rsquo;est merveilleux, fantastique\u00a0\u00bb pour Alen\u00e7on, tombeur de Rouen"},"content":{"rendered":"<p><img loading=\"lazy\" decoding=\"async\" width=\"696\" height=\"426\" class=\"lazyload entry-thumb\" src=\"https:\/\/www.europesays.com\/fr\/wp-content\/uploads\/2025\/10\/US-Alencon-coupe-de-France--696x426.jpg\" alt=\"\" title=\"US Alen\u00e7on coupe de France\"\/>Cr\u00e9dit photo : US Alen\u00e7on<\/p>\n<p style=\"font-size:20px\"><strong>L\u2019entra\u00eeneur de l\u2019US Alen\u00e7on Vincent Laigneau s\u2019est exprim\u00e9 dans les colonnes de <a href=\"https:\/\/www.ouest-france.fr\/sport\/football\/alencon-us\/coupe-de-france-beaucoup-de-fierte-les-reactions-apres-lexploit-de-lus-alencon-contre-rouen-01109a64-a6d9-11f0-aa8e-e39f42e4d309\" target=\"_blank\" rel=\"noreferrer noopener\">notre partenaire Ouest-France<\/a> apr\u00e8s l\u2019exploit de son \u00e9quipe qui a sorti le FC Rouen, leader du National, lors du 5\u00e8me tour de la coupe de France ce samedi 11 octobre 2025. <\/strong><\/p>\n<p>&gt;&gt; <a href=\"https:\/\/footamateur.ouest-france.fr\/coupe-de-france-les-resultats-des-clubs-de-national-lors-du-5eme-tour\/\" target=\"_blank\" rel=\"noopener\">Les r\u00e9sultats des clubs de National au 5\u00e8me tour de la coupe de France <\/a><\/p>\n<p>\u00ab\u00a0C\u2019est merveilleux, fantastique. Ces \u00e9motions-l\u00e0, on va les chercher. On avait en t\u00eate que si l\u2019on tenait, on avait les moyens d\u2019en marquer. On a manqu\u00e9 de justesse sur la premi\u00e8re p\u00e9riode. On d\u00e9fend bien, on sort, mais on a cinq, six ballons que l\u2019on doit mieux g\u00e9rer sur les phases de finition dans la derni\u00e8re passe.<\/p>\n<p>En deuxi\u00e8me, on n\u2019a pas l\u00e2ch\u00e9. Le but est incroyable, je pensais qu\u2019Hakim allait le lober car le gardien \u00e9tait un peu avanc\u00e9. Je le vois qui garde le ballon et met un caviar \u00e0 Nohan Traor\u00e9. Apr\u00e8s, il fallait tenir. Je suis tellement content pour ce groupe. M\u00eame si on n\u2019est qu\u2019au 5e tour.\u00a0\u00bb<\/p>\n<p><a href=\"https:\/\/footamateur.ouest-france.fr\/author\/fred\/\" class=\"url\" title=\"Fr\u00e9d\u00e9ric Sougey\" target=\"_blank\" rel=\"noopener\"> <img decoding=\"async\" src=\"https:\/\/www.europesays.com\/fr\/wp-content\/uploads\/2025\/04\/gnlpcfya_400x400.jpg\" class=\"lazyload photo\" width=\"250\" alt=\"Fr\u00e9d\u00e9ric Sougey\"\/><\/a><\/p>\n<p>Journaliste chez Sports M\u00e9dia<\/p>\n<p>Elev\u00e9 au c\u0153ur des Alpes, Fred quitte (temporairement) son Grenoble ador\u00e9 pour pr\u00eater sa plume et son regard au monde amateur et plus particuli\u00e8rement au Championnat National dont il est un assidu observateur. Fan de tartiflette, de Karim Mokeddem et de Mulholland Drive. Les bonnes choses de la vie, en somme.<\/p>\n<p><a href=\"https:\/\/footamateur.ouest-france.fr\/author\/fred\/\" class=\"url\" title=\"Fr\u00e9d\u00e9ric Sougey\" target=\"_blank\" rel=\"noopener\"><img decoding=\"async\" src=\"https:\/\/www.europesays.com\/fr\/wp-content\/uploads\/2025\/04\/gnlpcfya_400x400.jpg\" class=\"lazyload photo\" width=\"250\" alt=\"Fr\u00e9d\u00e9ric Sougey\"\/><\/a>Les derniers articles par Fr\u00e9d\u00e9ric Sougey (<a href=\"https:\/\/footamateur.ouest-france.fr\/author\/fred\/\" target=\"_blank\" rel=\"noopener\">tout voir<\/a>)<\/p>\n","protected":false},"excerpt":{"rendered":"Cr\u00e9dit photo : US Alen\u00e7on L\u2019entra\u00eeneur de l\u2019US Alen\u00e7on Vincent Laigneau s\u2019est exprim\u00e9 dans les colonnes de notre&hellip;\n","protected":false},"author":2,"featured_media":456962,"comment_status":"","ping_status":"","sticky":false,"template":"","format":"standard","meta":{"footnotes":""},"categories":[9587],"tags":[1111,11,1777,674,13096,1011,27,12,5161,25,9590,57269],"class_list":{"0":"post-456961","1":"post","2":"type-post","3":"status-publish","4":"format-standard","5":"has-post-thumbnail","7":"category-rouen","8":"tag-actu","9":"tag-actualites","10":"tag-eu","11":"tag-europe","12":"tag-fc-rouen-1899","13":"tag-fr","14":"tag-france","15":"tag-news","16":"tag-normandie","17":"tag-republique-francaise","18":"tag-rouen","19":"tag-us-alencon"},"share_on_mastodon":{"url":"https:\/\/pubeurope.com\/@fr\/115360172965346134","error":""},"_links":{"self":[{"href":"https:\/\/www.europesays.com\/fr\/wp-json\/wp\/v2\/posts\/456961","targetHints":{"allow":["GET"]}}],"collection":[{"href":"https:\/\/www.europesays.com\/fr\/wp-json\/wp\/v2\/posts"}],"about":[{"href":"https:\/\/www.europesays.com\/fr\/wp-json\/wp\/v2\/types\/post"}],"author":[{"embeddable":true,"href":"https:\/\/www.europesays.com\/fr\/wp-json\/wp\/v2\/users\/2"}],"replies":[{"embeddable":true,"href":"https:\/\/www.europesays.com\/fr\/wp-json\/wp\/v2\/comments?post=456961"}],"version-history":[{"count":0,"href":"https:\/\/www.europesays.com\/fr\/wp-json\/wp\/v2\/posts\/456961\/revisions"}],"wp:featuredmedia":[{"embeddable":true,"href":"https:\/\/www.europesays.com\/fr\/wp-json\/wp\/v2\/media\/456962"}],"wp:attachment":[{"href":"https:\/\/www.europesays.com\/fr\/wp-json\/wp\/v2\/media?parent=456961"}],"wp:term":[{"taxonomy":"category","embeddable":true,"href":"https:\/\/www.europesays.com\/fr\/wp-json\/wp\/v2\/categories?post=456961"},{"taxonomy":"post_tag","embeddable":true,"href":"https:\/\/www.europesays.com\/fr\/wp-json\/wp\/v2\/tags?post=456961"}],"curies":[{"name":"wp","href":"https:\/\/api.w.org\/{rel}","templated":true}]}}