{"id":456963,"date":"2025-10-12T08:10:11","date_gmt":"2025-10-12T08:10:11","guid":{"rendered":"https:\/\/www.europesays.com\/fr\/456963\/"},"modified":"2025-10-12T08:10:11","modified_gmt":"2025-10-12T08:10:11","slug":"il-est-exceptionnel-a-grenoble-ce-pretre-de-100-ans-exerce-toujours","status":"publish","type":"post","link":"https:\/\/www.europesays.com\/fr\/456963\/","title":{"rendered":"\u00ab\u00a0Il est exceptionnel\u00a0!\u00a0\u00bb \u00c0 Grenoble, ce pr\u00eatre de 100\u00a0ans exerce toujours"},"content":{"rendered":"<p class=\"paragraph text_align_left lp-f-body-02\">Ce n\u2019est pas une messe comme les autres qui s\u2019est d\u00e9roul\u00e9e le dimanche 5 octobre dernier \u00e0 l\u2019\u00e9glise Saint-Luc, \u00e0 Grenoble (Is\u00e8re). En plus de c\u00e9l\u00e9brer le jour du Seigneur, les paroissiens ont f\u00eat\u00e9 les cent ans de leur pr\u00eatre, le p\u00e8re Francis Verstraete. Malgr\u00e9 son \u00e2ge canonique, il officie toujours, sans rien d\u00e9l\u00e9guer, avec une \u00e9nergie que lui envient nombre de ses fid\u00e8les.<\/p>\n<p class=\"paragraph text_align_left lp-f-body-02\">\u00ab Il est exceptionnel ! \u00bb, s\u2019exclame Odette, 75 ans, en entrant dans l\u2019\u00e9glise Saint-Luc, \u00e9trangement lov\u00e9e sous un immeuble. \u00ab C\u2019est un centenaire qui est bien plus en forme que beaucoup d\u2019entre nous, poursuit-elle. Il a surtout une approche tr\u00e8s humaine de la religion, gr\u00e2ce \u00e0 tout ce qu\u2019il a v\u00e9cu. Ses sermons ne sont pas juste de la th\u00e9ologie. \u00bb<\/p>\n","protected":false},"excerpt":{"rendered":"Ce n\u2019est pas une messe comme les autres qui s\u2019est d\u00e9roul\u00e9e le dimanche 5 octobre dernier \u00e0 l\u2019\u00e9glise&hellip;\n","protected":false},"author":2,"featured_media":456964,"comment_status":"","ping_status":"","sticky":false,"template":"","format":"standard","meta":{"footnotes":""},"categories":[9566],"tags":[1111,917,11,2430,459,1777,674,1011,27,2731,13028,12,25,104],"class_list":{"0":"post-456963","1":"post","2":"type-post","3":"status-publish","4":"format-standard","5":"has-post-thumbnail","7":"category-grenoble","8":"tag-actu","9":"tag-actu-locale","10":"tag-actualites","11":"tag-auvergne-rhone-alpes","12":"tag-departements-horsidfo","13":"tag-eu","14":"tag-europe","15":"tag-fr","16":"tag-france","17":"tag-grenoble","18":"tag-isere-38","19":"tag-news","20":"tag-republique-francaise","21":"tag-societe"},"share_on_mastodon":{"url":"https:\/\/pubeurope.com\/@fr\/115360187093357647","error":""},"_links":{"self":[{"href":"https:\/\/www.europesays.com\/fr\/wp-json\/wp\/v2\/posts\/456963","targetHints":{"allow":["GET"]}}],"collection":[{"href":"https:\/\/www.europesays.com\/fr\/wp-json\/wp\/v2\/posts"}],"about":[{"href":"https:\/\/www.europesays.com\/fr\/wp-json\/wp\/v2\/types\/post"}],"author":[{"embeddable":true,"href":"https:\/\/www.europesays.com\/fr\/wp-json\/wp\/v2\/users\/2"}],"replies":[{"embeddable":true,"href":"https:\/\/www.europesays.com\/fr\/wp-json\/wp\/v2\/comments?post=456963"}],"version-history":[{"count":0,"href":"https:\/\/www.europesays.com\/fr\/wp-json\/wp\/v2\/posts\/456963\/revisions"}],"wp:featuredmedia":[{"embeddable":true,"href":"https:\/\/www.europesays.com\/fr\/wp-json\/wp\/v2\/media\/456964"}],"wp:attachment":[{"href":"https:\/\/www.europesays.com\/fr\/wp-json\/wp\/v2\/media?parent=456963"}],"wp:term":[{"taxonomy":"category","embeddable":true,"href":"https:\/\/www.europesays.com\/fr\/wp-json\/wp\/v2\/categories?post=456963"},{"taxonomy":"post_tag","embeddable":true,"href":"https:\/\/www.europesays.com\/fr\/wp-json\/wp\/v2\/tags?post=456963"}],"curies":[{"name":"wp","href":"https:\/\/api.w.org\/{rel}","templated":true}]}}