{"id":456976,"date":"2025-10-12T08:17:09","date_gmt":"2025-10-12T08:17:09","guid":{"rendered":"https:\/\/www.europesays.com\/fr\/456976\/"},"modified":"2025-10-12T08:17:09","modified_gmt":"2025-10-12T08:17:09","slug":"avant-la-construction-de-ce-lycee-public-pres-de-nantes-une-serie-damenagements-en-vue","status":"publish","type":"post","link":"https:\/\/www.europesays.com\/fr\/456976\/","title":{"rendered":"Avant la construction de ce lyc\u00e9e public pr\u00e8s de Nantes, une s\u00e9rie d\u2019am\u00e9nagements en vue"},"content":{"rendered":"<p>            Par<br \/>\n        <strong><br \/>\n            <a href=\"https:\/\/actu.fr\/auteur\/laurent-fortin\" title=\"Consulter tous les articles de Laurent Fortin\" target=\"_blank\" rel=\"noopener\">Laurent Fortin<\/a><br \/>\n        <\/strong><\/p>\n<p>        Publi\u00e9 le<\/p>\n<p>            12 oct. 2025 \u00e0 10h06        <\/p>\n<p>Faisant fi des<a href=\"https:\/\/actu.fr\/pays-de-la-loire\/vertou_44215\/lycee-a-vertou-les-ecologistes-regionaux-demandent-lavis-du-prefet_63194099.html\" target=\"_blank\" rel=\"noopener\"> pol\u00e9miques concernant le site d\u2019implantation du futur lyc\u00e9e public<\/a> de <a href=\"https:\/\/actu.fr\/pays-de-la-loire\/vertou_44215\" target=\"_blank\" rel=\"noopener\"><b>Vertou<\/b><\/a>, jug\u00e9 <b>trop impactant sur son environnement <\/b>selon plusieurs collectifs, le conseil r\u00e9gional est venu rappeler sur place, en cette rentr\u00e9e, que <b>le lyc\u00e9e public ouvrirait bien<\/b> sur le <a href=\"https:\/\/vertou.fr\/projet-de-lycee-dans-le-secteur-mandon-bilan-de-concertation\/\" target=\"_blank\" rel=\"noopener\">site du Mandon,<\/a> en bord de S\u00e8vre, en <b>2030.<\/b><\/p>\n<blockquote class=\"ac-article-quote wall-content\">\n<p>L\u2019\u00e9tablissement de 900 places dont les deux tiers en g\u00e9n\u00e9ral et technologique, 210 en fili\u00e8re professionnelle pour des CAP \u00e9quipier polyvalent du commerce et des Bacs pro syst\u00e8mes num\u00e9riques et m\u00e9tiers du commerce et de la vente) et 60 en BTS syst\u00e8mes num\u00e9riques pour former des m\u00e9tiers \u00e0 la cybers\u00e9curit\u00e9, ouvrira en 2030<\/p>\n<p>Andr\u00e9 Martin, vice-pr\u00e9sident en charge des lyc\u00e9es et de la formation initiale<\/p><\/blockquote>\n<p class=\" wall-content\"><b>L\u2019investissement atteindra 52\u00a0millions d\u2019euros. <\/b>Une telle infrastructure n\u00e9cessitera des \u00e9quipements connexes. Gestionnaire de la voirie autour de l\u2019\u00e9tablissement, Nantes m\u00e9tropole en a bien conscience. C\u2019est pourquoi, avant l\u2019\u00e9t\u00e9, <b>la collectivit\u00e9 a d\u00e9bloqu\u00e9 14,5\u00a0millions d\u2019euros<\/b>. Ce montant servira \u00e0 r\u00e9aliser le parvis mais aussi <b>\u00e0 s\u00e9curiser et \u00e0 v\u00e9g\u00e9taliser<\/b> <a href=\"https:\/\/www.google.com\/maps\/place\/Bd+Guichet+Serex,+44120+Vertou\/@47.1633036,-1.4761644,642m\/data=!3m2!1e3!4b1!4m6!3m5!1s0x4805e7d51c6d24d3:0x1e49a956c44edb6!8m2!3d47.1633!4d-1.4735895!16s%2Fg%2F1tf9mmkv?entry=ttu&amp;g_ep=EgoyMDI1MTAwOC4wIKXMDSoASAFQAw%3D%3D\" target=\"_blank\" rel=\"noopener\">le boulevard Guichet Sereix<\/a>, aujourd\u2019hui tr\u00e8s large et <b>propice \u00e0 des vitesses excessives<\/b>, et \u00e0 construire<a href=\"https:\/\/actu.fr\/pays-de-la-loire\/vertou_44215\/elle-etait-attendue-depuis-des-annees-une-passerelle-va-etre-construite-sur-le-pont-du-chene-a-vertou_62972651.html\" target=\"_blank\" rel=\"noopener\"> une passerelle <\/a>en marge du Pont du ch\u00eane.<\/p>\n<blockquote class=\"ac-article-quote wall-content\">\n<p>Pour ce projet d\u2019un montant autour de 6\u00a0millions, deux franchissements de la S\u00e8vre pi\u00e9tons-v\u00e9los seront cr\u00e9\u00e9s de part et d\u2019autre du pont actuel. Proches, mais d\u00e9solidaris\u00e9s de l\u2019ouvrage. Il reste encore des \u00e9tudes \u00e0 r\u00e9aliser, notamment environnementales<\/p>\n<p>Le maire, Rodolphe Amailland<\/p><\/blockquote>\n<p class=\" wall-content\">Pour le boulevard, une piste cyclable de 1,8\u00a0km sera cr\u00e9\u00e9e.<\/p>\n<p>Votre r\u00e9gion, votre actu !<\/p>\n<p>Recevez chaque jour les infos qui comptent pour vous.<\/p>\n<p>\t<a href=\"https:\/\/actu.fr\/newsletter\" class=\"ac-btn ac-btn--corner ac-btn--medium ac-btn--blue800\" target=\"_blank\" rel=\"noopener\">S&rsquo;incrire<\/a><br \/>\n3\u00a0millions d\u2019euros pour le parc du Loiry<\/p>\n<p class=\" wall-content\">Dans le m\u00eame temps, <b>la <a href=\"https:\/\/view.genially.com\/687e41053e7df335b4064d5f\/interactive-content-loiry-coeur-vert-plan-liens\" target=\"_blank\" rel=\"noopener\">ville pr\u00e9voit le r\u00e9am\u00e9nagement du parc du Loiry.<\/a><\/b> Et notamment son plan d\u2019eau,<b> un bassin artificiel datant du milieu du si\u00e8cle dernier<\/b>. Autour de ce dernier, de <b>nombreux lieux pour se reposer et admirer le site comme une pelouse ensoleill\u00e9e, <\/b>un <b>th\u00e9\u00e2tre <\/b>et m\u00eame une <b>plage de sable,<\/b> au cas o\u00f9 l\u2019endroit autoriserait un jour la baignade.<\/p>\n<p class=\" wall-content\">Le site sera aussi propice \u00e0 la promenade\u2009: un<b> chemin l\u2019entourera et sera jalonn\u00e9 d\u2019un ponton pour surplomber la rivi\u00e8re<\/b>. Des t<b>errains de p\u00e9tanque<\/b> et de <b>beach-volley<\/b> compl\u00e9teront les activit\u00e9s de cano\u00eb-kayak pour<b> un investissement total de 3\u00a0millions d\u2019euros.<\/b><\/p>\n<blockquote class=\"ac-article-quote wall-content\">\n<p>L\u2019am\u00e9nagement a programm\u00e9 une renaturation d\u2019une partie du parc actuel. Les parkings d\u2019une surface de 1,5 hectare \u2013 sur les 13 hectares de l\u2019ensemble \u2013 seront d\u00e9simperm\u00e9abilis\u00e9s.<\/p>\n<p>Le maire, Rodolphe Amailland.<\/p><\/blockquote>\n<p class=\" wall-content\">Un \u00e9lu qui annon\u00e7ait, toujours sur le plan environnemental, la <b>cr\u00e9ation d\u2019une chaufferie centrale pr\u00e8s du futur campus sportif.<\/b> Un outil \u00e9conome en \u00e9nergie capable de chauffer plusieurs b\u00e2timents, dont les deux coll\u00e8ges (Saint-Blaise et Jean-Monnet). <b>Avec l\u2019arriv\u00e9e du lyc\u00e9e, ce sera tout un ensemble de la ville qui sera transform\u00e9<\/b>.<\/p>\n<p class=\" wall-content\">Personnalisez votre actualit\u00e9 en ajoutant vos villes et m\u00e9dias en favori avec <a href=\"https:\/\/moncompte.actu.fr\" title=\"D\u00e9couvez Mon Actu\" rel=\"nofollow noopener\" data-trk=\"{&quot;cta&quot;:{&quot;action&quot;:&quot;https:\\\/\\\/moncompte.actu.fr&quot;,&quot;category&quot;:&quot;mon compte&quot;,&quot;from&quot;:&quot;article footer&quot;,&quot;name&quot;:&quot;Mon actu&quot;,&quot;type&quot;:&quot;cta&quot;}}\" target=\"_blank\">Mon Actu<\/a>.<\/p>\n","protected":false},"excerpt":{"rendered":"Par Laurent Fortin Publi\u00e9 le 12 oct. 2025 \u00e0 10h06 Faisant fi des pol\u00e9miques concernant le site d\u2019implantation&hellip;\n","protected":false},"author":2,"featured_media":456977,"comment_status":"","ping_status":"","sticky":false,"template":"","format":"standard","meta":{"footnotes":""},"categories":[2818],"tags":[1111,11,646,436,1777,674,1011,27,766,12,2636,25,104,2900],"class_list":{"0":"post-456976","1":"post","2":"type-post","3":"status-publish","4":"format-standard","5":"has-post-thumbnail","7":"category-nantes","8":"tag-actu","9":"tag-actualites","10":"tag-automobile","11":"tag-environnement","12":"tag-eu","13":"tag-europe","14":"tag-fr","15":"tag-france","16":"tag-nantes","17":"tag-news","18":"tag-pays-de-la-loire","19":"tag-republique-francaise","20":"tag-societe","21":"tag-vignoble-nantais"},"share_on_mastodon":{"url":"https:\/\/pubeurope.com\/@fr\/115360212311700468","error":""},"_links":{"self":[{"href":"https:\/\/www.europesays.com\/fr\/wp-json\/wp\/v2\/posts\/456976","targetHints":{"allow":["GET"]}}],"collection":[{"href":"https:\/\/www.europesays.com\/fr\/wp-json\/wp\/v2\/posts"}],"about":[{"href":"https:\/\/www.europesays.com\/fr\/wp-json\/wp\/v2\/types\/post"}],"author":[{"embeddable":true,"href":"https:\/\/www.europesays.com\/fr\/wp-json\/wp\/v2\/users\/2"}],"replies":[{"embeddable":true,"href":"https:\/\/www.europesays.com\/fr\/wp-json\/wp\/v2\/comments?post=456976"}],"version-history":[{"count":0,"href":"https:\/\/www.europesays.com\/fr\/wp-json\/wp\/v2\/posts\/456976\/revisions"}],"wp:featuredmedia":[{"embeddable":true,"href":"https:\/\/www.europesays.com\/fr\/wp-json\/wp\/v2\/media\/456977"}],"wp:attachment":[{"href":"https:\/\/www.europesays.com\/fr\/wp-json\/wp\/v2\/media?parent=456976"}],"wp:term":[{"taxonomy":"category","embeddable":true,"href":"https:\/\/www.europesays.com\/fr\/wp-json\/wp\/v2\/categories?post=456976"},{"taxonomy":"post_tag","embeddable":true,"href":"https:\/\/www.europesays.com\/fr\/wp-json\/wp\/v2\/tags?post=456976"}],"curies":[{"name":"wp","href":"https:\/\/api.w.org\/{rel}","templated":true}]}}