{"id":456988,"date":"2025-10-12T08:24:21","date_gmt":"2025-10-12T08:24:21","guid":{"rendered":"https:\/\/www.europesays.com\/fr\/456988\/"},"modified":"2025-10-12T08:24:21","modified_gmt":"2025-10-12T08:24:21","slug":"losc-que-fera-olivier-giroud-la-saison-prochaine","status":"publish","type":"post","link":"https:\/\/www.europesays.com\/fr\/456988\/","title":{"rendered":"LOSC : que fera Olivier Giroud la saison prochaine ?"},"content":{"rendered":"<p>Arriv\u00e9 cette saison au LOSC pour un contrat d\u2019un an, Olivier Giroud s\u2019est r\u00e9cemment exprim\u00e9 sur son avenir. Lille pourrait bien \u00eatre son dernier club avant une reconversion d\u00e9j\u00e0 envisag\u00e9e.Un Ch\u2019ti dans le Nord<\/p>\n<p>\u00c0 39 ans, Olivier Giroud se sent d\u00e9j\u00e0 chez lui dans le Nord, comme \u00ab un vrai Ch\u2019ti \u00bb au LOSC. Mais son engagement n\u2019est que d\u2019une saison. Comment le v\u00e9t\u00e9ran voit-il la suite ? Ses r\u00e9flexions se concentrent sur deux axes : sa continuation \u00e0 Lille et une potentielle reconversion.<\/p>\n<blockquote class=\"wp-block-quote is-layout-flow wp-block-quote-is-layout-flow\">\n<p>\u00ab J\u2019aimerais rester dans le football, parce que j\u2019estime devoir rendre au football tout ce qu\u2019il m\u2019a apport\u00e9 et appris. \u00bb<\/p>\n<\/blockquote>\n<p>Et le LOSC dans tout \u00e7a ?<\/p>\n<p>Sera-t-il encore Lillois l\u2019an prochain ? Pas pour l\u2019instant. \u00ab Je me concentre sur cette ann\u00e9e et sur le fait qu\u2019elle se passe bien. On fera les comptes \u00e0 la fin. Lille peut \u00eatre mon dernier club, tr\u00e8s certainement. Je ne retournerai pas en MLS, \u00e7a c\u2019est s\u00fbr \u00bb, a confi\u00e9 le joueur, avec un grand \u00e9clat de rire, sur RMC.<\/p>\n<p>Une reconversion d\u00e9j\u00e0 \u00e0 l\u2019esprit<\/p>\n<p>L\u2019attaquant r\u00e9fl\u00e9chit aussi \u00e0 ce que pourrait \u00eatre sa vie apr\u00e8s sa carri\u00e8re sur le terrain. \u00ab J\u2019aimerais rester dans le football, parce que j\u2019estime devoir rendre au football tout ce qu\u2019il m\u2019a apport\u00e9 et appris \u00bb, explique-t-il, \u00e9voquant un r\u00f4le de transmission, pour les jeunes comme pour les moins jeunes. \u00ab Je ne sais pas encore exactement ce que je ferai. \u00bb<\/p>\n<p>Il sait cependant ce qu\u2019il ne veut pas : \u00ab Ce qui est s\u00fbr, c\u2019est que je ne veux pas coacher, car cela prend beaucoup de temps. Ma famille a d\u00e9j\u00e0 beaucoup donn\u00e9 et je veux profiter de mes proches \u00bb, pr\u00e9cise-t-il. Giroud a aussi \u00e9voqu\u00e9 le poste de directeur sportif : \u00ab Tu touches \u00e0 tout, mais c\u2019est beaucoup d\u2019investissement et de travail. Je vais y r\u00e9fl\u00e9chir, passer quelques dipl\u00f4mes et me laisser le temps de d\u00e9cider. \u00bb<\/p>\n<p>Quoi qu\u2019il arrive, Olivier Giroud restera, au LOSC ou ailleurs, toujours proche des terrains.<\/p>\n","protected":false},"excerpt":{"rendered":"Arriv\u00e9 cette saison au LOSC pour un contrat d\u2019un an, Olivier Giroud s\u2019est r\u00e9cemment exprim\u00e9 sur son avenir.&hellip;\n","protected":false},"author":2,"featured_media":456989,"comment_status":"","ping_status":"","sticky":false,"template":"","format":"standard","meta":{"footnotes":""},"categories":[2815],"tags":[1111,11,1777,674,1011,27,811,1307,12,25],"class_list":{"0":"post-456988","1":"post","2":"type-post","3":"status-publish","4":"format-standard","5":"has-post-thumbnail","7":"category-lille","8":"tag-actu","9":"tag-actualites","10":"tag-eu","11":"tag-europe","12":"tag-fr","13":"tag-france","14":"tag-hauts-de-france","15":"tag-lille","16":"tag-news","17":"tag-republique-francaise"},"share_on_mastodon":{"url":"https:\/\/pubeurope.com\/@fr\/115360240052353421","error":""},"_links":{"self":[{"href":"https:\/\/www.europesays.com\/fr\/wp-json\/wp\/v2\/posts\/456988","targetHints":{"allow":["GET"]}}],"collection":[{"href":"https:\/\/www.europesays.com\/fr\/wp-json\/wp\/v2\/posts"}],"about":[{"href":"https:\/\/www.europesays.com\/fr\/wp-json\/wp\/v2\/types\/post"}],"author":[{"embeddable":true,"href":"https:\/\/www.europesays.com\/fr\/wp-json\/wp\/v2\/users\/2"}],"replies":[{"embeddable":true,"href":"https:\/\/www.europesays.com\/fr\/wp-json\/wp\/v2\/comments?post=456988"}],"version-history":[{"count":0,"href":"https:\/\/www.europesays.com\/fr\/wp-json\/wp\/v2\/posts\/456988\/revisions"}],"wp:featuredmedia":[{"embeddable":true,"href":"https:\/\/www.europesays.com\/fr\/wp-json\/wp\/v2\/media\/456989"}],"wp:attachment":[{"href":"https:\/\/www.europesays.com\/fr\/wp-json\/wp\/v2\/media?parent=456988"}],"wp:term":[{"taxonomy":"category","embeddable":true,"href":"https:\/\/www.europesays.com\/fr\/wp-json\/wp\/v2\/categories?post=456988"},{"taxonomy":"post_tag","embeddable":true,"href":"https:\/\/www.europesays.com\/fr\/wp-json\/wp\/v2\/tags?post=456988"}],"curies":[{"name":"wp","href":"https:\/\/api.w.org\/{rel}","templated":true}]}}