{"id":456990,"date":"2025-10-12T08:25:11","date_gmt":"2025-10-12T08:25:11","guid":{"rendered":"https:\/\/www.europesays.com\/fr\/456990\/"},"modified":"2025-10-12T08:25:11","modified_gmt":"2025-10-12T08:25:11","slug":"a-la-maison-sport-sante-de-marseille-lactivite-physique-comme-parcours-de-soins","status":"publish","type":"post","link":"https:\/\/www.europesays.com\/fr\/456990\/","title":{"rendered":"\u00e0 la Maison Sport Sant\u00e9 de Marseille, l&rsquo;activit\u00e9 physique comme parcours de soins"},"content":{"rendered":"<p>\u00ab\u00a0Vous \u00eates chauds\u00a0?, encourage Laura Meneust, enseignante en activit\u00e9 physique adapt\u00e9e \u00e0 la <a href=\"https:\/\/www.laprovence.com\/article\/region\/7888572302907814\/du-sport-sur-ordonnance-pour-redonner-le-sourire-aux-seniors-a-marseille\" target=\"_blank\" rel=\"noopener\">Maison Sport Sant\u00e9 de Marseille<\/a>. Allez, c\u2019est parti\u00a0!\u00a0\u00bb Pas chass\u00e9s, talons fesses, l\u2019\u00e9chauffement commence en musique. Le groupe du jour est compos\u00e9 de six femmes et d\u2019un homme, tous sont atteints d\u2019une maladie chronique (ob\u00e9sit\u00e9, <a href=\"https:\/\/www.laprovence.com\/article\/sante\/6466937994319314\/diabete-la-moitie-des-malades-non-diagnostiques\" target=\"_blank\" rel=\"noopener\">diab\u00e8te<\/a>, insuffisance cardiaque, <a href=\"https:\/\/www.laprovence.com\/article\/sante\/1346537427645415\/sante-mentale-en-france-1-jeune-sur-4-souffre-de-depression\" target=\"_blank\" rel=\"noopener\">d\u00e9pression<\/a>, <a href=\"https:\/\/www.laprovence.com\/article\/sante\/57606483947782\/seul-face-au-cancer-on-ne-fait-rien-lappel-de-trois-centres-de-lutte-contre-le-cancer-en-paca\" target=\"_blank\" rel=\"noopener\">cancer<\/a>\u2026) et sont s\u00e9dentaires depuis longtemps.<\/p>\n<p>Ici, ils font du sport sur ordonnance. <a href=\"https:\/\/www.laprovence.com\/article\/sports\/2043717954869615\/sport-sante-la-danse-pour-prendre-soin-des-corps-et-des-ames\" target=\"_blank\" rel=\"noopener\">L\u2019activit\u00e9<\/a>, prescrite par un m\u00e9decin mais pas rembours\u00e9e par la S\u00e9cu, fait partie int\u00e9grante de leur parcours de soins.<\/p>\n<p>Chacun suit le cours \u00e0 son rythme. \u00ab\u00a0La s\u00e9ance est collective mais la prise en charge est individualis\u00e9e\u00a0\u00bb, pr\u00e9cise la coach tout en installant un parcours d\u2019obstacles avec des plots rouges. Il n\u2019y a <a href=\"https:\/\/www.laprovence.com\/article\/region\/43261989212262\/a-chacun-son-volley-avec-le-volley-sante-a-villeneuve-lez-avignon\" target=\"_blank\" rel=\"noopener\">aucun objectif de performance<\/a> ni d\u2019esprit de comp\u00e9tition. \u00ab\u00a0C\u2019est l\u2019inverse, un espace de bienveillance\u00a0\u00bb, d\u00e9crit Jos\u00e9e, 68\u00a0ans. Objectif\u00a0: bouger.<\/p>\n<p>\u00ab\u00a0Avant, j\u2019\u00e9tais r\u00e9fractaire au sport. Maintenant, je suis convaincue et j\u2019appr\u00e9hende la fin du programme, confie la retrait\u00e9e, les larmes aux yeux. Je\u00a0souffre d\u2019une <a href=\"https:\/\/www.laprovence.com\/article\/sante\/5718690\/sante-ne-laissez-pas-les-rhumatismes-vous-gacher-la-vie.html\" target=\"_blank\" rel=\"noopener\">polyarthrite rhumato\u00efde<\/a>. J\u2019ai aussi une proth\u00e8se \u00e0 un genou et des probl\u00e8mes de poids. Je vois d\u00e9j\u00e0 des changements\u00a0: j&#8230;<\/p>\n","protected":false},"excerpt":{"rendered":"\u00ab\u00a0Vous \u00eates chauds\u00a0?, encourage Laura Meneust, enseignante en activit\u00e9 physique adapt\u00e9e \u00e0 la Maison Sport Sant\u00e9 de Marseille.&hellip;\n","protected":false},"author":2,"featured_media":456991,"comment_status":"","ping_status":"","sticky":false,"template":"","format":"standard","meta":{"footnotes":""},"categories":[2814],"tags":[17,1111,11,1777,674,21,1011,27,5776,757,2142,884,58212,12,882,25,104,517,4717],"class_list":{"0":"post-456990","1":"post","2":"type-post","3":"status-publish","4":"format-standard","5":"has-post-thumbnail","7":"category-marseille","8":"tag-17","9":"tag-actu","10":"tag-actualites","11":"tag-eu","12":"tag-europe","13":"tag-fait","14":"tag-fr","15":"tag-france","16":"tag-jamais","17":"tag-je","18":"tag-maison","19":"tag-marseille","20":"tag-navais","21":"tag-news","22":"tag-provence-alpes-cote-dazur","23":"tag-republique-francaise","24":"tag-societe","25":"tag-sport","26":"tag-vie"},"share_on_mastodon":{"url":"https:\/\/pubeurope.com\/@fr\/115360243758312264","error":""},"_links":{"self":[{"href":"https:\/\/www.europesays.com\/fr\/wp-json\/wp\/v2\/posts\/456990","targetHints":{"allow":["GET"]}}],"collection":[{"href":"https:\/\/www.europesays.com\/fr\/wp-json\/wp\/v2\/posts"}],"about":[{"href":"https:\/\/www.europesays.com\/fr\/wp-json\/wp\/v2\/types\/post"}],"author":[{"embeddable":true,"href":"https:\/\/www.europesays.com\/fr\/wp-json\/wp\/v2\/users\/2"}],"replies":[{"embeddable":true,"href":"https:\/\/www.europesays.com\/fr\/wp-json\/wp\/v2\/comments?post=456990"}],"version-history":[{"count":0,"href":"https:\/\/www.europesays.com\/fr\/wp-json\/wp\/v2\/posts\/456990\/revisions"}],"wp:featuredmedia":[{"embeddable":true,"href":"https:\/\/www.europesays.com\/fr\/wp-json\/wp\/v2\/media\/456991"}],"wp:attachment":[{"href":"https:\/\/www.europesays.com\/fr\/wp-json\/wp\/v2\/media?parent=456990"}],"wp:term":[{"taxonomy":"category","embeddable":true,"href":"https:\/\/www.europesays.com\/fr\/wp-json\/wp\/v2\/categories?post=456990"},{"taxonomy":"post_tag","embeddable":true,"href":"https:\/\/www.europesays.com\/fr\/wp-json\/wp\/v2\/tags?post=456990"}],"curies":[{"name":"wp","href":"https:\/\/api.w.org\/{rel}","templated":true}]}}