{"id":456994,"date":"2025-10-12T08:27:14","date_gmt":"2025-10-12T08:27:14","guid":{"rendered":"https:\/\/www.europesays.com\/fr\/456994\/"},"modified":"2025-10-12T08:27:14","modified_gmt":"2025-10-12T08:27:14","slug":"perrin-gilbert-et-kepenekian-explorent-une-alliance-pour-peser-a-gauche","status":"publish","type":"post","link":"https:\/\/www.europesays.com\/fr\/456994\/","title":{"rendered":"Perrin-Gilbert et K\u00e9p\u00e9n\u00e9kian explorent une alliance pour peser \u00e0 gauche"},"content":{"rendered":"<p>                            <img loading=\"lazy\" width=\"770\" height=\"433\" class=\"attachment-article size-article wp-post-image lazyload\" alt=\"\" decoding=\"async\" src=\"https:\/\/www.europesays.com\/fr\/wp-content\/uploads\/2025\/10\/Conseil-municipal-re\u0301e\u0301lection-de-G.-Collomb-5-nov-2018-\u00a9-Tim-Douet_0285-770x433.jpeg\"  data- data-eio-rwidth=\"770\" data-eio-rheight=\"433\"\/><\/p>\n<p>Nathalie Perrin Gilbert et Georges K\u00e9p\u00e9n\u00e9kian lors du retour de G\u00e9rard Collomb \u00a9\u00a0Tim Douet<\/p>\n<p class=\"content\" style=\"font-size:1.2em;font-weight:700\">\u00c0 Lyon, Perrin-Gilbert et K\u00e9p\u00e9n\u00e9kian envisagent une alliance pour peser \u00e0 gauche face aux \u00e9cologistes et aux Insoumis lors des municipales 2026.<\/p>\n<p>Les grands blocs se consolident en ce d\u00e9but de campagne municipale. Jean-Michel Aulas a r\u00e9ussi l\u2019alliance de la droite et du centre derri\u00e8re sa candidature. Les Insoumis se mettent en ordre de marche pour contester le leadership des \u00e9cologistes, rejoints par les socialistes, sur la gauche. Entre ces diff\u00e9rents courants, des candidats ind\u00e9pendants esp\u00e8rent encore jouer un r\u00f4le et deux d\u2019entre eux, Nathalie Perrin-Gilbert et Georges K\u00e9p\u00e9n\u00e9kian, n\u2019excluent pas de s\u2019allier pour continuer \u00e0 exister. Sur le papier, leur rapprochement peut sembler baroque. L\u2019ancienne maire du 1er arrondissement avait quitt\u00e9 la majorit\u00e9 Collomb avec fracas quand Georges K\u00e9p\u00e9n\u00e9kian en \u00e9tait l\u2019un des cadres. <\/p>\n","protected":false},"excerpt":{"rendered":"Nathalie Perrin Gilbert et Georges K\u00e9p\u00e9n\u00e9kian lors du retour de G\u00e9rard Collomb \u00a9\u00a0Tim Douet \u00c0 Lyon, Perrin-Gilbert et&hellip;\n","protected":false},"author":2,"featured_media":456995,"comment_status":"","ping_status":"","sticky":false,"template":"","format":"standard","meta":{"footnotes":""},"categories":[1889],"tags":[1111,11,2430,1777,674,1011,27,2428,12,25],"class_list":{"0":"post-456994","1":"post","2":"type-post","3":"status-publish","4":"format-standard","5":"has-post-thumbnail","7":"category-lyon","8":"tag-actu","9":"tag-actualites","10":"tag-auvergne-rhone-alpes","11":"tag-eu","12":"tag-europe","13":"tag-fr","14":"tag-france","15":"tag-lyon","16":"tag-news","17":"tag-republique-francaise"},"share_on_mastodon":{"url":"https:\/\/pubeurope.com\/@fr\/115360252040266742","error":""},"_links":{"self":[{"href":"https:\/\/www.europesays.com\/fr\/wp-json\/wp\/v2\/posts\/456994","targetHints":{"allow":["GET"]}}],"collection":[{"href":"https:\/\/www.europesays.com\/fr\/wp-json\/wp\/v2\/posts"}],"about":[{"href":"https:\/\/www.europesays.com\/fr\/wp-json\/wp\/v2\/types\/post"}],"author":[{"embeddable":true,"href":"https:\/\/www.europesays.com\/fr\/wp-json\/wp\/v2\/users\/2"}],"replies":[{"embeddable":true,"href":"https:\/\/www.europesays.com\/fr\/wp-json\/wp\/v2\/comments?post=456994"}],"version-history":[{"count":0,"href":"https:\/\/www.europesays.com\/fr\/wp-json\/wp\/v2\/posts\/456994\/revisions"}],"wp:featuredmedia":[{"embeddable":true,"href":"https:\/\/www.europesays.com\/fr\/wp-json\/wp\/v2\/media\/456995"}],"wp:attachment":[{"href":"https:\/\/www.europesays.com\/fr\/wp-json\/wp\/v2\/media?parent=456994"}],"wp:term":[{"taxonomy":"category","embeddable":true,"href":"https:\/\/www.europesays.com\/fr\/wp-json\/wp\/v2\/categories?post=456994"},{"taxonomy":"post_tag","embeddable":true,"href":"https:\/\/www.europesays.com\/fr\/wp-json\/wp\/v2\/tags?post=456994"}],"curies":[{"name":"wp","href":"https:\/\/api.w.org\/{rel}","templated":true}]}}