{"id":456996,"date":"2025-10-12T08:28:12","date_gmt":"2025-10-12T08:28:12","guid":{"rendered":"https:\/\/www.europesays.com\/fr\/456996\/"},"modified":"2025-10-12T08:28:12","modified_gmt":"2025-10-12T08:28:12","slug":"video-gala-julia-vignali-et-kad-merad-amoureux-a-lyon-ils-brillent-de-mille-feux-au-prestigieux-festival-lumiere","status":"publish","type":"post","link":"https:\/\/www.europesays.com\/fr\/456996\/","title":{"rendered":"VID\u00c9O GALA &#8211; Julia Vignali et Kad Merad amoureux \u00e0 Lyon : ils brillent de mille feux au prestigieux Festival Lumi\u00e8re !"},"content":{"rendered":"<p>                                    <img decoding=\"async\" src=\"https:\/\/www.europesays.com\/fr\/wp-content\/uploads\/2025\/10\/7fe0757abdf6d3b6602e02f70aa91fa1185d59a37f1ee4828f1cef254670066d.jpg\" alt=\"Julia Vignali et Kad Merad au festival Lumi\u00e8re de Lyon\" class=\"a11y-hidden\" fetchpriority=\"high\"\/><\/p>\n<p class=\"fig-standfirst\">\n    Ce samedi 11 octobre, Julia Vignali et Kad Merad ont assist\u00e9 \u00e0 la c\u00e9r\u00e9monie d\u2019ouverture du Festival Lumi\u00e8re \u00e0 Lyon. Sur le tapis rouge de l\u2019\u00e9v\u00e9nement, le couple est apparu complice et souriant sous les flashs des photographes.<\/p>\n<p class=\"fig-paragraph\">Le coup d\u2019envoi de la 17e \u00e9dition du\u00a0<a href=\"https:\/\/www.gala.fr\/l_actu\/news_de_stars\/photos-gala-anthony-delon-en-larmes-sur-la-scene-du-festival-lumiere-l-hommage-rendu-a-son-pere-le-bouleverse_554287\" target=\"_blank\" data-fig-type=\"Article\" rel=\"sponsored noopener\" data-gtm-custom-categorie=\"navigation\" data-gtm-custom-action=\"crossclick\" data-gtm-custom-label=\"Contextuel\" data-gtm-event=\"customEventSPE\" data-fig-domain=\"GALA\">Festival Lumi\u00e8re<\/a>\u00a0a \u00e9t\u00e9 donn\u00e9 ce samedi 11 octobre.\u00a0<a href=\"https:\/\/www.gala.fr\/l_actu\/news_de_stars\/video-gala-vanessa-paradis-et-samuel-benchetrit-les-discrets-amoureux-font-une-belle-apparition-au-festival-lumiere_553853\" target=\"_blank\" data-fig-type=\"Article\" rel=\"sponsored noopener\" data-gtm-custom-categorie=\"navigation\" data-gtm-custom-action=\"crossclick\" data-gtm-custom-label=\"Contextuel\" data-gtm-event=\"customEventSPE\" data-fig-domain=\"GALA\">Un \u00e9v\u00e9nement cin\u00e9matographique\u00a0<\/a>qui se cl\u00f4turera le dimanche 19 octobre prochain. Pour l\u2019heure, il y avait du beau monde \u00e0 la Halle Tony Garnier pour la c\u00e9r\u00e9monie d\u2019ouverture de l\u2019\u00e9dition 2025 du Festival qui s\u2019est suivi de la projection du film Vol au-dessus d\u2019un nid de coucou de Milos Forman. Sur le tapis rouge, de nombreuses personnalit\u00e9s ont d\u00e9fil\u00e9. Parmi elles se trouvaient Sean Penn et sa compagne Valeria Nicov, Dominique Blanc, Sabine Az\u00e9ma, Franck Dubosc, Jeremy Allen White, Scott Cooper, Manu Payet, Laurent Gerra, Ir\u00e8ne Jacob, Elsa Zylberstein, mais aussi Kad Merad et\u00a0<a href=\"https:\/\/www.gala.fr\/l_actu\/news_de_stars\/julia-vignali-loin-de-paris-l-animatrice-en-bonne-compagnie-pour-une-escapade-champetre-20250509\" target=\"_blank\" data-fig-type=\"Article\" rel=\"sponsored noopener\" data-gtm-custom-categorie=\"navigation\" data-gtm-custom-action=\"crossclick\" data-gtm-custom-label=\"Contextuel\" data-gtm-event=\"customEventSPE\" data-fig-domain=\"GALA\">son \u00e9pouse<\/a>\u00a0Julia Vignali.<\/p>\n<p class=\"fig-paragraph\">Le couple, souriant et main dans la main, a fait\u00a0<a href=\"https:\/\/www.gala.fr\/l_actu\/news_de_stars\/video-julia-vignali-interviewe-son-mari-kad-merad-on-ne-melange-pas-le-prive-et-le-professionnel_555095\" target=\"_blank\" data-fig-type=\"Article\" rel=\"sponsored noopener\" data-gtm-custom-categorie=\"navigation\" data-gtm-custom-action=\"crossclick\" data-gtm-custom-label=\"Contextuel\" data-gtm-event=\"customEventSPE\" data-fig-domain=\"GALA\">une apparition complice<\/a>\u00a0et glamour sur le tapis rouge du Festival. Apr\u00e8s s\u2019\u00eatre fait acclamer, Kad Merad et Julia Vignali ont fait une apparition sur sc\u00e8ne avant de rejoindre leurs si\u00e8ges. L\u2019animatrice, coiff\u00e9e d\u2019un carr\u00e9 long, brillait de mille feux. Elle \u00e9tait v\u00eatue d\u2019une veste de blazer argent\u00e9e et scintillante sur un top noir qu\u2019elle avait associ\u00e9 \u00e0 un pantalon noir ample et fluide. Un look rehauss\u00e9 par une paire de chaussures \u00e0 talons noire. De son c\u00f4t\u00e9, Kad Merad portait un \u00e9l\u00e9gant costume bleu associ\u00e9 \u00e0 une chemise clair d\u00e9boutonn\u00e9e au col et une paire de chaussures noires. Un couple chic et glamour.<\/p>\n<p>    Kad Merad et Julia Vignali \u00e0 la c\u00e9r\u00e9monie d\u2019ouverture du Festival Lumi\u00e8res de Lyon le samedi 11 octobre 2025.<br \/>\n                Reynaud Julien\/APS-Medias\/ABACA<\/p>\n<p>                                    <a class=\"fig-a11y-skip a11y-hidden\" href=\"#fig-a11y-skip-main-inarticle\"><br \/>\n        Passer la publicit\u00e9<br \/>\n    <\/a><\/p>\n<p>Julia Vignali et Kad Merad amoureux\u00a0: main dans la main, ils resplendissent \u00e0 Deauville<\/p>\n<p class=\"fig-paragraph\">Le mois dernier, Julia Vignali et Kad Merad avaient d\u00e9j\u00e0 fait une apparition remarqu\u00e9e lors du Festival du cin\u00e9ma am\u00e9ricain pour la soir\u00e9e en l\u2019honneur de Zoey Deutch. Ce soir-l\u00e0,\u00a0<a href=\"https:\/\/www.gala.fr\/l_actu\/news_de_stars\/julia-vignali-et-kad-merad-amoureux-main-dans-la-main-ils-resplendissent-a-deauville-20250913\" target=\"_blank\" data-fig-type=\"Article\" rel=\"sponsored noopener\" data-gtm-custom-categorie=\"navigation\" data-gtm-custom-action=\"crossclick\" data-gtm-custom-label=\"Contextuel\" data-gtm-event=\"customEventSPE\" data-fig-domain=\"GALA\">le couple resplendissait sur le tapis rouge de l\u2019\u00e9v\u00e9nement<\/a>. L\u2019acteur et l\u2019animatrice rayonn\u00e9s en apparaissant main dans la main. Avant de rejoindre son si\u00e8ge avec son \u00e9pouse, Kad Merad avait toutefois eu le temps de glisser, au micro du festival, que son film am\u00e9ricain pr\u00e9f\u00e9r\u00e9 de tous les temps \u00e9tait&#8230; Y a-t-il un pilote dans l\u2019avion, \u0153uvre fondatrice de l\u2019humour absurde, sortie en 1980. \u00ab Moi, je suis rest\u00e9 vraiment sur les originaux\u00a0!\u00a0\u00bb, avait pr\u00e9cis\u00e9 le com\u00e9dien de 61 ans, balayant les derni\u00e8res tentatives de ressusciter les d\u00e9lires des fr\u00e8res Zucker et de Jim Abrahams au cin\u00e9ma.<\/p>\n","protected":false},"excerpt":{"rendered":"Ce samedi 11 octobre, Julia Vignali et Kad Merad ont assist\u00e9 \u00e0 la c\u00e9r\u00e9monie d\u2019ouverture du Festival Lumi\u00e8re&hellip;\n","protected":false},"author":2,"featured_media":456997,"comment_status":"","ping_status":"","sticky":false,"template":"","format":"standard","meta":{"footnotes":""},"categories":[1889],"tags":[1111,11,2430,1777,674,34755,1011,27,27579,45535,2428,12,25,20995],"class_list":{"0":"post-456996","1":"post","2":"type-post","3":"status-publish","4":"format-standard","5":"has-post-thumbnail","7":"category-lyon","8":"tag-actu","9":"tag-actualites","10":"tag-auvergne-rhone-alpes","11":"tag-eu","12":"tag-europe","13":"tag-festival-lumiere","14":"tag-fr","15":"tag-france","16":"tag-julia-vignali","17":"tag-kad-merad","18":"tag-lyon","19":"tag-news","20":"tag-republique-francaise","21":"tag-tapis-rouge"},"share_on_mastodon":{"url":"https:\/\/pubeurope.com\/@fr\/115360256253851086","error":""},"_links":{"self":[{"href":"https:\/\/www.europesays.com\/fr\/wp-json\/wp\/v2\/posts\/456996","targetHints":{"allow":["GET"]}}],"collection":[{"href":"https:\/\/www.europesays.com\/fr\/wp-json\/wp\/v2\/posts"}],"about":[{"href":"https:\/\/www.europesays.com\/fr\/wp-json\/wp\/v2\/types\/post"}],"author":[{"embeddable":true,"href":"https:\/\/www.europesays.com\/fr\/wp-json\/wp\/v2\/users\/2"}],"replies":[{"embeddable":true,"href":"https:\/\/www.europesays.com\/fr\/wp-json\/wp\/v2\/comments?post=456996"}],"version-history":[{"count":0,"href":"https:\/\/www.europesays.com\/fr\/wp-json\/wp\/v2\/posts\/456996\/revisions"}],"wp:featuredmedia":[{"embeddable":true,"href":"https:\/\/www.europesays.com\/fr\/wp-json\/wp\/v2\/media\/456997"}],"wp:attachment":[{"href":"https:\/\/www.europesays.com\/fr\/wp-json\/wp\/v2\/media?parent=456996"}],"wp:term":[{"taxonomy":"category","embeddable":true,"href":"https:\/\/www.europesays.com\/fr\/wp-json\/wp\/v2\/categories?post=456996"},{"taxonomy":"post_tag","embeddable":true,"href":"https:\/\/www.europesays.com\/fr\/wp-json\/wp\/v2\/tags?post=456996"}],"curies":[{"name":"wp","href":"https:\/\/api.w.org\/{rel}","templated":true}]}}