{"id":456998,"date":"2025-10-12T08:29:10","date_gmt":"2025-10-12T08:29:10","guid":{"rendered":"https:\/\/www.europesays.com\/fr\/456998\/"},"modified":"2025-10-12T08:29:10","modified_gmt":"2025-10-12T08:29:10","slug":"la-region-parisienne-se-prepare-a-une-simulation-de-crue-centennale","status":"publish","type":"post","link":"https:\/\/www.europesays.com\/fr\/456998\/","title":{"rendered":"La r\u00e9gion parisienne se pr\u00e9pare \u00e0 une simulation de crue centennale"},"content":{"rendered":"<p><strong>Un exercice grandeur nature va plonger les Franciliens dans les cons\u00e9quences d\u2019une inondation majeure de la Seine, afin de renforcer la culture du risque.<\/strong><\/p>\n<p>Du 13 au 17 octobre prochain, l\u2019\u00cele-de-France vivra au rythme d\u2019un sc\u00e9nario exceptionnel. Une simulation de crue de sept m\u00e8tres de la Seine sera organis\u00e9e sur plusieurs sites de la r\u00e9gion parisienne. Cet exercice, baptis\u00e9 HYDROS 25, vise \u00e0 confronter la population aux r\u00e9alit\u00e9s d\u2019une inondation d\u2019ampleur et \u00e0 enseigner les comportements adapt\u00e9s. Des mises en situation r\u00e9alistes permettront d\u2019exp\u00e9rimenter les proc\u00e9dures d\u2019\u00e9vacuation et de mise en s\u00e9curit\u00e9.<\/p>\n<p>Le sc\u00e9nario retenu imagine une mont\u00e9e des eaux atteignant 7,10 m\u00e8tres suite \u00e0 un \u00e9pisode orageux intense. Des volontaires, dont des \u00e9l\u00e8ves de CM2, devront ainsi recr\u00e9er les conditions d\u2019une \u00e9vacuation d\u2019immeuble dans le Marais et trouver un refuge temporaire. Cette d\u00e9marche p\u00e9dagogique cherche \u00e0 combler un d\u00e9ficit de pr\u00e9paration face au risque naturel le plus important de la r\u00e9gion.<\/p>\n<p>La m\u00e9moire collective garde encore le souvenir de la crue historique de 1910, o\u00f9 la Seine avait atteint 8,62 m\u00e8tres au pont d\u2019Austerlitz, paralysant la capitale pendant plusieurs semaines. Les \u00e9pisodes plus r\u00e9cents de 2016 et 2018 ont rappel\u00e9 la vuln\u00e9rabilit\u00e9 du territoire. Les autorit\u00e9s soulignent que les cons\u00e9quences d\u2019une telle catastrophe d\u00e9passeraient largement les seules zones riveraines, avec des impacts en cascade sur les transports, l\u2019\u00e9nergie et les r\u00e9seaux de communication.<\/p>\n<p>Selon les estimations officielles, une crue majeure pourrait concerner jusqu\u2019\u00e0 700 000 personnes en \u00cele-de-France. Les sp\u00e9cialistes mettent en garde contre la fausse s\u00e9curit\u00e9 qu\u2019\u00e9prouvent certains habitants \u00e9loign\u00e9s des berges. L\u2019objectif de cet exercice est donc de d\u00e9velopper une v\u00e9ritable culture du risque, indispensable dans une r\u00e9gion aussi dens\u00e9ment peupl\u00e9e et interconnect\u00e9e.<\/p>\n","protected":false},"excerpt":{"rendered":"Un exercice grandeur nature va plonger les Franciliens dans les cons\u00e9quences d\u2019une inondation majeure de la Seine, afin&hellip;\n","protected":false},"author":2,"featured_media":456999,"comment_status":"","ping_status":"","sticky":false,"template":"","format":"standard","meta":{"footnotes":""},"categories":[1592],"tags":[1111,11,1777,674,1011,27,662,12,626,25],"class_list":{"0":"post-456998","1":"post","2":"type-post","3":"status-publish","4":"format-standard","5":"has-post-thumbnail","7":"category-ile-de-france","8":"tag-actu","9":"tag-actualites","10":"tag-eu","11":"tag-europe","12":"tag-fr","13":"tag-france","14":"tag-ile-de-france","15":"tag-news","16":"tag-paris","17":"tag-republique-francaise"},"share_on_mastodon":{"url":"https:\/\/pubeurope.com\/@fr\/115360259405368169","error":""},"_links":{"self":[{"href":"https:\/\/www.europesays.com\/fr\/wp-json\/wp\/v2\/posts\/456998","targetHints":{"allow":["GET"]}}],"collection":[{"href":"https:\/\/www.europesays.com\/fr\/wp-json\/wp\/v2\/posts"}],"about":[{"href":"https:\/\/www.europesays.com\/fr\/wp-json\/wp\/v2\/types\/post"}],"author":[{"embeddable":true,"href":"https:\/\/www.europesays.com\/fr\/wp-json\/wp\/v2\/users\/2"}],"replies":[{"embeddable":true,"href":"https:\/\/www.europesays.com\/fr\/wp-json\/wp\/v2\/comments?post=456998"}],"version-history":[{"count":0,"href":"https:\/\/www.europesays.com\/fr\/wp-json\/wp\/v2\/posts\/456998\/revisions"}],"wp:featuredmedia":[{"embeddable":true,"href":"https:\/\/www.europesays.com\/fr\/wp-json\/wp\/v2\/media\/456999"}],"wp:attachment":[{"href":"https:\/\/www.europesays.com\/fr\/wp-json\/wp\/v2\/media?parent=456998"}],"wp:term":[{"taxonomy":"category","embeddable":true,"href":"https:\/\/www.europesays.com\/fr\/wp-json\/wp\/v2\/categories?post=456998"},{"taxonomy":"post_tag","embeddable":true,"href":"https:\/\/www.europesays.com\/fr\/wp-json\/wp\/v2\/tags?post=456998"}],"curies":[{"name":"wp","href":"https:\/\/api.w.org\/{rel}","templated":true}]}}