{"id":457000,"date":"2025-10-12T08:30:36","date_gmt":"2025-10-12T08:30:36","guid":{"rendered":"https:\/\/www.europesays.com\/fr\/457000\/"},"modified":"2025-10-12T08:30:36","modified_gmt":"2025-10-12T08:30:36","slug":"seine-et-marne-la-region-ile-de-france-distribue-des-ordinateurs-aux-lyceens-pour-demarrer-lannee-sur-le-meme-pied-degalite","status":"publish","type":"post","link":"https:\/\/www.europesays.com\/fr\/457000\/","title":{"rendered":"Seine-et-Marne : La R\u00e9gion Ile-de-France distribue des ordinateurs aux lyc\u00e9ens pour d\u00e9marrer l\u2019ann\u00e9e sur le m\u00eame pied d\u2019\u00e9galit\u00e9 !"},"content":{"rendered":"<p>            <img loading=\"lazy\" decoding=\"async\" width=\"696\" height=\"522\" class=\"entry-thumb\" src=\"https:\/\/www.europesays.com\/fr\/wp-content\/uploads\/2025\/10\/WhatsApp-Image-2025-09-26-a-11.02.57_923efd4e.jpg\"   alt=\"\" title=\"WhatsApp Image 2025-09-26 \u00e0 11.02.57_923efd4e\"\/><\/p>\n<p><strong>L\u2019\u00e9galit\u00e9 des chances, bien plus qu\u2019un slogan.<\/strong> Depuis 2019, la <strong>R\u00e9gion Ile-de-France<\/strong>, port\u00e9e par <strong>Val\u00e9rie P\u00e9cresse<\/strong>, a d\u00e9cid\u00e9 d\u2019offrir \u00e0 tous les \u00e9l\u00e8ves de seconde :<strong> un ordinateur portable<\/strong>. <strong>Le vendredi 26 septembre 2025<\/strong>, les \u00e9l\u00e8ves de seconde du <strong>lyc\u00e9e Emilie du Ch\u00e2telet<\/strong> \u00e0<strong> Serris <\/strong>ont re\u00e7u leur nouvel outil des mains de <strong>Nathalie Tortrat<\/strong>, Conseill\u00e8re r\u00e9gionale. Avec la complicit\u00e9<strong> des agents de la Poste<\/strong>, des milliers d\u2019ordinateurs sont distribu\u00e9s aux seine-et-marnais. <strong>Une mesure phare qui am\u00e9liore le pouvoir d\u2019achat des franciliens.<\/strong> <\/p>\n<p><strong>Plus de 140 000 ordinateurs ont \u00e9t\u00e9 distribu\u00e9s.<\/strong> C\u2019est la belle surprise de la rentr\u00e9e ! En rentrant en cours, certains ne s\u2019attendaient pas \u00e0 repartir avec un beau cadeau. <strong>Le vendredi 26 septembre 2025<\/strong>, les \u00e9l\u00e8ves de seconde du <strong>lyc\u00e9e Emilie du Ch\u00e2telet<\/strong> \u00e0<strong> Serris <\/strong>ont tous re\u00e7u leur nouvel outil de travail : un ordinateur portable. \u00ab\u00a0On ne sent pas de manque de la part de ses \u00e9l\u00e8ves, je pense qu\u2019ils sont d\u00e9j\u00e0 tous connect\u00e9s (avec des t\u00e9l\u00e9phones portables ou des ordinateurs plus performants). <strong>Ce n\u2019est pas des gamers qu\u2019on distribue, c\u2019est des outils de travail. <\/strong>Dans certains lyc\u00e9es o\u00f9 je suis membre du Conseil d\u2019administration, je vois bien qu\u2019ils n\u2019ont pas tous cet acc\u00e8s au num\u00e9rique.<strong> Ils n\u2019ont pas tous des ordinateurs portables\u2026<\/strong> Les donner, c\u2019est donner une \u00e9galit\u00e9 des chances \u00e0 tous les \u00e9l\u00e8ves !\u00a0\u00bb Gr\u00e2ce \u00e0 cet investissement de<strong> la R\u00e9gion Ile-de-France<\/strong>, les lyc\u00e9ens travaillent d\u00e9sormais dans les m\u00eames conditions. \u00ab\u00a0Il y a parfois une petite confusion entre les r\u00e9seaux sociaux et les outils num\u00e9riques. Il n\u2019y a pas de r\u00e9seaux sociaux sur nos ordinateurs.\u00a0\u00bb Dans leur biblioth\u00e8que, les lyc\u00e9ens d\u00e9couvrent<strong> l\u2019application Oriane<\/strong> (<a href=\"https:\/\/www.oriane.info\/\" rel=\"nofollow noopener\" target=\"_blank\">d\u00e9di\u00e9e \u00e0 l\u2019orientation<\/a>) et les diff\u00e9rents manuels demand\u00e9s par l\u2019\u00e9quipe p\u00e9dagogique. \u00ab\u00a0La r\u00e9gion n\u2019intervient pas l\u00e0-dedans du tout, elle ne donne pas de consignes particuli\u00e8res aux professeurs. <strong>Chacun fait comme il le souhaite et comment il le sent. Nous, nous ne sommes pas p\u00e9dagogues et nous nous abstenons de faire des commentaires <\/strong>ou de donner des directives dans ce sens-l\u00e0.\u00a0\u00bb Le contenu des ordinateurs portables d\u00e9pend de l\u2019\u00e9tablissement, de l\u2019enseignant et des mati\u00e8res \u00e9tudi\u00e9es. Chaque ordinateur distribu\u00e9 est nominatif, ils poss\u00e8dent tous des QR Code.<\/p>\n<p><strong>Nathalie Tortrat<\/strong>, Conseill\u00e8re r\u00e9gional est au micro de Crazy Radio<\/p>\n<p><img data-recalc-dims=\"1\" fetchpriority=\"high\" decoding=\"async\" width=\"696\" height=\"522\" data-id=\"57914\" src=\"https:\/\/www.europesays.com\/fr\/wp-content\/uploads\/2025\/10\/WhatsApp-Image-2025-09-26-a-11.02.57_eed5b336.jpg\" alt=\"\" class=\"wp-image-57914\"  \/><\/p>\n<p><img loading=\"lazy\" data-recalc-dims=\"1\" decoding=\"async\" width=\"696\" height=\"522\" data-id=\"57913\" src=\"https:\/\/www.europesays.com\/fr\/wp-content\/uploads\/2025\/10\/WhatsApp-Image-2025-09-26-a-11.02.56_54d4aa82.jpg\" alt=\"\" class=\"wp-image-57913\"  \/><\/p>\n<p><strong>Un outil p\u00e9dagogique et un espace de travail.<\/strong> Avec ou sans connexion internet, les jeunes lyc\u00e9ens peuvent d\u00e9sormais travailler en toute autonomie. A l\u2019\u00e9coute des parents et des \u00e9tudiants, <strong>la R\u00e9gion Ile-de-France<\/strong> a d\u00e9cid\u00e9 d\u2019am\u00e9liorer ces ordinateurs. <strong>Aujourd\u2019hui, la capacit\u00e9 de stockage a m\u00eame \u00e9t\u00e9 augment\u00e9e.<\/strong> \u00ab\u00a0Nous sommes oblig\u00e9s de passer des appels d\u2019offres pour savoir quels \u00e9diteurs nous allons prendre. <strong>Comme toutes les collectivit\u00e9s territoriales, nous sommes soumises au march\u00e9 public.<\/strong> Ils nous est arriv\u00e9s de lancer un appel d\u2019offres avant de le relancer parce que l\u2019\u00e9diteur qui avait \u00e9t\u00e9 choisi par la R\u00e9gion Ile-de-France ne poss\u00e9dait pas tous les livres qui \u00e9taient demand\u00e9s par l\u2019\u00e9quipe \u00e9ducative.<strong> On a relanc\u00e9, on a un nouvel \u00e9diteur<\/strong> qui est beaucoup plus riche en livres.\u00a0\u00bb <strong>L\u2019ordinateur est estim\u00e9 \u00e0 600 euros. <\/strong>Un investissement colossal pour chaque lyc\u00e9en ! <strong>Le saviez-vous ? C\u2019est l\u2019entreprise Unowhy qui l\u2019a imagin\u00e9 !<\/strong> \u00ab\u00a0Nous achetons en masse. Automatiquement, le prix diminue. <strong>La conception est bien \u00e9videmment fran\u00e7aise. L\u2019assemblage n\u2019est pas forc\u00e9ment fait en France parce que nous n\u2019avons pas d\u2019entit\u00e9 qui puisse le faire. <\/strong>On y tient beaucoup, la conception est fran\u00e7aise.\u00a0\u00bb En parall\u00e8le, <strong>la R\u00e9gion Ile-de-France<\/strong> finance \u00e9galement des livres scolaires. \u00ab\u00a0Tout ce qui nous importe, c\u2019est que les jeunes r\u00e9ussissent et qu\u2019on leur donne toutes les chances de r\u00e9ussir.\u00a0\u00bb La distribution des ordinateurs portables se fait \u00e0 l\u2019aide <strong>des agents de la Poste<\/strong> qui passent plusieurs heures dans les diff\u00e9rents \u00e9tablissements.<\/p>\n<p><strong>Une mesure phare pour augmenter le pouvoir d\u2019achat des franciliens.<\/strong> En classe, vous avez forc\u00e9ment remarqu\u00e9 qu\u2019il y avait un ou deux \u00e9l\u00e8ves qui prenaient leurs cours sur leur ordinateur portable\u2026 Aujourd\u2019hui, <strong>la R\u00e9gion Ile-de-France r\u00e9duit les in\u00e9galit\u00e9s <\/strong>en leur confiant le m\u00eame mat\u00e9riel. Que ce soit \u00e0 <strong>Champs-sur-Marne<\/strong>, <strong>Lognes<\/strong> ou m\u00eame <strong>Serris<\/strong>\u2026 A chacune de ses visites, <strong>Nathalie Tortrat<\/strong> a tenu \u00e0 faire passer quelques messages. Qui entretient nos \u00e9coles ? Quelle collectivit\u00e9 s\u2019occupe des coll\u00e8ges ? Les jeunes lyc\u00e9ens repartent avec de nouvelles informations en t\u00eate ! \u00ab\u00a0C\u2019est important qu\u2019ils le sachent\u2026 <strong>Ils ne savent pas forc\u00e9ment qui finance leurs \u00e9tablissements, leurs ordinateurs ou leurs livres. <\/strong>C\u2019est bien de le savoir et de comprendre comment \u00e7a fonctionne !\u00a0\u00bb Depuis 2019, les ordinateurs portables ont bien chang\u00e9\u2026 Les \u00e9quipements distribu\u00e9s par la r\u00e9gion n\u2019\u00e9chappent pas \u00e0 la r\u00e8gle ! \u00ab\u00a0On a rajout\u00e9 de la m\u00e9moire parce qu\u2019on s\u2019est rendu compte que quand on mettait des livres scolaires, \u00e7a ne fonctionnait plus. <strong>On a mis quelque chose pour que le pc portable dure dans le temps. Si la batterie ne tient pas, \u00e7a ne peut pas avancer.<\/strong> Quand ils ont besoin de faire une journ\u00e9e enti\u00e8re avec un pc, il faut qu\u2019il tienne. Il y a un effort de fait \u00e0 ce niveau-l\u00e0. On s\u2019am\u00e9liore avec le temps, comme partout !\u00a0\u00bb Pour accompagner les familles, <strong>la R\u00e9gion<\/strong> d\u00e9ploie d\u2019autres dispositifs\u2026 \u00e0 commencer par<a href=\"https:\/\/www.iledefrance.fr\/toutes-les-actualites\/labaz-lappli-bons-plans-de-la-region-pour-les-15-25-ans\" rel=\"nofollow noopener\" target=\"_blank\"> LABAZ<\/a>. L\u2019application permet aux jeunes d\u2019acc\u00e9der \u00e0 des subventions.<\/p>\n<p><strong>\u00ab\u00a0Nous, notre souci est de donner un mat\u00e9riel pour travailler (et le m\u00eame pour tous) !\u00a0\u00bbDepuis 2019, la R\u00e9gion Ile-de-France a d\u00e9j\u00e0 distribu\u00e9 des milliers d\u2019ordinateurs portables. Un outil ludique qui devrait permettre \u00e0 chaque lyc\u00e9en d\u2019\u00e9tudier dans les m\u00eames conditions ! Champs-sur-Marne, Lognes ou m\u00eame Serris\u2026 Cette ann\u00e9e encore, Nathalie Tortrat a fait le tour des \u00e9tablissements scolaires pour \u00e9changer avec les plus jeunes. De quoi d\u00e9marrer l\u2019ann\u00e9e du bon pied ! <\/strong><\/p>\n<p><img loading=\"lazy\" data-recalc-dims=\"1\" decoding=\"async\" width=\"696\" height=\"522\" data-id=\"57916\" src=\"https:\/\/www.europesays.com\/fr\/wp-content\/uploads\/2025\/10\/WhatsApp-Image-2025-09-26-a-11.02.54_95e210d6.jpg\" alt=\"\" class=\"wp-image-57916\"  \/><\/p>\n<p><img data-recalc-dims=\"1\" loading=\"lazy\" decoding=\"async\" width=\"696\" height=\"522\" data-id=\"57915\" src=\"https:\/\/www.europesays.com\/fr\/wp-content\/uploads\/2025\/10\/WhatsApp-Image-2025-09-26-a-11.02.55_8ddc76e3.jpg\" alt=\"\" class=\"wp-image-57915\"  \/><\/p>\n<p>\n\tSimilaire<\/p>\n","protected":false},"excerpt":{"rendered":"L\u2019\u00e9galit\u00e9 des chances, bien plus qu\u2019un slogan. Depuis 2019, la R\u00e9gion Ile-de-France, port\u00e9e par Val\u00e9rie P\u00e9cresse, a d\u00e9cid\u00e9&hellip;\n","protected":false},"author":2,"featured_media":457001,"comment_status":"","ping_status":"","sticky":false,"template":"","format":"standard","meta":{"footnotes":""},"categories":[1592],"tags":[1111,11,1777,674,1011,27,662,12,626,25],"class_list":{"0":"post-457000","1":"post","2":"type-post","3":"status-publish","4":"format-standard","5":"has-post-thumbnail","7":"category-ile-de-france","8":"tag-actu","9":"tag-actualites","10":"tag-eu","11":"tag-europe","12":"tag-fr","13":"tag-france","14":"tag-ile-de-france","15":"tag-news","16":"tag-paris","17":"tag-republique-francaise"},"share_on_mastodon":{"url":"https:\/\/pubeurope.com\/@fr\/115360263940131590","error":""},"_links":{"self":[{"href":"https:\/\/www.europesays.com\/fr\/wp-json\/wp\/v2\/posts\/457000","targetHints":{"allow":["GET"]}}],"collection":[{"href":"https:\/\/www.europesays.com\/fr\/wp-json\/wp\/v2\/posts"}],"about":[{"href":"https:\/\/www.europesays.com\/fr\/wp-json\/wp\/v2\/types\/post"}],"author":[{"embeddable":true,"href":"https:\/\/www.europesays.com\/fr\/wp-json\/wp\/v2\/users\/2"}],"replies":[{"embeddable":true,"href":"https:\/\/www.europesays.com\/fr\/wp-json\/wp\/v2\/comments?post=457000"}],"version-history":[{"count":0,"href":"https:\/\/www.europesays.com\/fr\/wp-json\/wp\/v2\/posts\/457000\/revisions"}],"wp:featuredmedia":[{"embeddable":true,"href":"https:\/\/www.europesays.com\/fr\/wp-json\/wp\/v2\/media\/457001"}],"wp:attachment":[{"href":"https:\/\/www.europesays.com\/fr\/wp-json\/wp\/v2\/media?parent=457000"}],"wp:term":[{"taxonomy":"category","embeddable":true,"href":"https:\/\/www.europesays.com\/fr\/wp-json\/wp\/v2\/categories?post=457000"},{"taxonomy":"post_tag","embeddable":true,"href":"https:\/\/www.europesays.com\/fr\/wp-json\/wp\/v2\/tags?post=457000"}],"curies":[{"name":"wp","href":"https:\/\/api.w.org\/{rel}","templated":true}]}}