{"id":457008,"date":"2025-10-12T08:34:15","date_gmt":"2025-10-12T08:34:15","guid":{"rendered":"https:\/\/www.europesays.com\/fr\/457008\/"},"modified":"2025-10-12T08:34:15","modified_gmt":"2025-10-12T08:34:15","slug":"paris-plus-de-11-kg-decstasy-decouverts-dans-des-paquets-de-cafe","status":"publish","type":"post","link":"https:\/\/www.europesays.com\/fr\/457008\/","title":{"rendered":"Paris\u00a0: plus de 11\u00a0kg d\u2019ecstasy d\u00e9couverts dans des paquets de caf\u00e9"},"content":{"rendered":"<p class=\"paragraph text_align_left lp-f-body-02\">Les faits remontent \u00e0 tout juste deux semaines. Ce dimanche 28 septembre, les services des douanes d\u00e9cident de proc\u00e9der \u00e0 quelques op\u00e9rations de contr\u00f4le en gare de Lyon. L\u2019objectif ? Mettre la main sur de la drogue. Pour faciliter leur t\u00e2che, ils sont accompagn\u00e9s de Vigo, <a href=\"https:\/\/www.leparisien.fr\/animaux\/fiez-vous-a-mon-flair-lenta-10-ans-chasseuse-de-drogue-avec-plus-de-300-interventions-a-son-actif-04-10-2025-WMPJZQORUZCG5LKZ54J34YB6QY.php\" target=\"_self\" rel=\"nofollow noopener\">un chien anti-stup au flair imparable<\/a>. Et lorsque ce voyageur passe devant l\u2019animal, \u00e7a ne manque pas. Le chien \u00ab marque \u00bb.<\/p>\n<p class=\"paragraph text_align_left lp-f-body-02\">Dans le jargon des douanes, cela signifie qu\u2019il s\u2019arr\u00eate pour signifier \u00e0 son ma\u00eetre qu\u2019il a d\u00e9tect\u00e9 quelque chose. Et Vigo ne s\u2019est pas tromp\u00e9, l\u2019homme qui pr\u00e9voyait d\u2019embarquer \u00e0 bord d\u2019un train en direction de Nice remet imm\u00e9diatement aux agents deux petits sachets contenant 5 g de coca\u00efne et 6 g de cannabis.<\/p>\n<p>Des cachets vert et orange<\/p>\n<p class=\"paragraph text_align_left lp-f-body-02\">Les agents auraient pu se contenter de cette marchandise, mais leur exp\u00e9rience les pousse \u00e0 aller plus loin. Ils ouvrent ainsi la valise du voyageur et d\u00e9couvrent qu\u2019elle est remplie de paquets de bonbons et de caf\u00e9. \u00c0 mieux y regarder, les paquets de caf\u00e9 ont quelque chose d\u2019\u00e9trange.<\/p>\n<p class=\"paragraph text_align_left lp-f-body-02\">Leur poids ne correspond tout simplement pas \u00e0 ce qui est indiqu\u00e9. Les agents de la douane d\u00e9cident donc de les ouvrir. Bingo. \u00c0 l\u2019int\u00e9rieur, ils d\u00e9couvrent une multitude de petits cachets vert et orange. Au total, six paquets de caf\u00e9 ont \u00e9t\u00e9 remplis de ces pilules d\u2019ecstasy.<\/p>\n<p class=\"lp-card-podcast-highlighting__title  lp-f-subtitle-05\">[2\/2] Tuerie d\u2019Auriol\u00a0: la famille massacr\u00e9e et les barbouzes gaullistes<\/p>\n<p class=\"lp-card-podcast-highlighting__description lp-f-ui-05\">Crime story raconte chaque semaine les grandes affaires criminelles.<\/p>\n<p><a class=\"lp-card-podcast-highlighting__call-to-action\" data-page-type=\"HP\" data-block-name=\"podcast-highlight\">\u00c9couter<\/a><\/p>\n<p class=\"paragraph text_align_left lp-f-body-02\">Pour les services de <a href=\"https:\/\/www.leparisien.fr\/faits-divers\/les-douanes-ont-saisi-plus-de-110-tonnes-de-drogues-en-france-en-2024-22-03-2025-6TW33Z2Y6VC2BM4HNI4Z3UAS24.php\" target=\"_self\" rel=\"nofollow noopener\">la douane<\/a> habitu\u00e9s \u00e0 faire des saisies, celle-ci est particuli\u00e8rement importante. En 2024, ils avaient saisi 451 kg de MDMA, c\u2019est 57 % de plus que l\u2019ann\u00e9e pr\u00e9c\u00e9dente.<\/p>\n<p class=\"paragraph text_align_left lp-f-body-02\">L\u2019homme a \u00e9t\u00e9 interpell\u00e9 et plac\u00e9 en garde \u00e0 vue, avant de faire l\u2019objet d\u2019une comparution imm\u00e9diate. Il a \u00e9t\u00e9 condamn\u00e9 par le tribunal correctionnel de Paris \u00e0 une peine de 15 mois d\u2019emprisonnement, ainsi qu\u2019\u00e0 une amende douani\u00e8re de 11 000 euros. Il est \u00e9galement interdit de territoire pendant 10 ans.<\/p>\n","protected":false},"excerpt":{"rendered":"Les faits remontent \u00e0 tout juste deux semaines. Ce dimanche 28 septembre, les services des douanes d\u00e9cident de&hellip;\n","protected":false},"author":2,"featured_media":457009,"comment_status":"","ping_status":"","sticky":false,"template":"","format":"standard","meta":{"footnotes":""},"categories":[1888],"tags":[11,1777,674,118,1011,27,12,626,25],"class_list":{"0":"post-457008","1":"post","2":"type-post","3":"status-publish","4":"format-standard","5":"has-post-thumbnail","7":"category-paris","8":"tag-actualites","9":"tag-eu","10":"tag-europe","11":"tag-faits-divers","12":"tag-fr","13":"tag-france","14":"tag-news","15":"tag-paris","16":"tag-republique-francaise"},"share_on_mastodon":{"url":"https:\/\/pubeurope.com\/@fr\/115360279201108808","error":""},"_links":{"self":[{"href":"https:\/\/www.europesays.com\/fr\/wp-json\/wp\/v2\/posts\/457008","targetHints":{"allow":["GET"]}}],"collection":[{"href":"https:\/\/www.europesays.com\/fr\/wp-json\/wp\/v2\/posts"}],"about":[{"href":"https:\/\/www.europesays.com\/fr\/wp-json\/wp\/v2\/types\/post"}],"author":[{"embeddable":true,"href":"https:\/\/www.europesays.com\/fr\/wp-json\/wp\/v2\/users\/2"}],"replies":[{"embeddable":true,"href":"https:\/\/www.europesays.com\/fr\/wp-json\/wp\/v2\/comments?post=457008"}],"version-history":[{"count":0,"href":"https:\/\/www.europesays.com\/fr\/wp-json\/wp\/v2\/posts\/457008\/revisions"}],"wp:featuredmedia":[{"embeddable":true,"href":"https:\/\/www.europesays.com\/fr\/wp-json\/wp\/v2\/media\/457009"}],"wp:attachment":[{"href":"https:\/\/www.europesays.com\/fr\/wp-json\/wp\/v2\/media?parent=457008"}],"wp:term":[{"taxonomy":"category","embeddable":true,"href":"https:\/\/www.europesays.com\/fr\/wp-json\/wp\/v2\/categories?post=457008"},{"taxonomy":"post_tag","embeddable":true,"href":"https:\/\/www.europesays.com\/fr\/wp-json\/wp\/v2\/tags?post=457008"}],"curies":[{"name":"wp","href":"https:\/\/api.w.org\/{rel}","templated":true}]}}