{"id":457016,"date":"2025-10-12T08:38:20","date_gmt":"2025-10-12T08:38:20","guid":{"rendered":"https:\/\/www.europesays.com\/fr\/457016\/"},"modified":"2025-10-12T08:38:20","modified_gmt":"2025-10-12T08:38:20","slug":"un-homme-qui-avait-brule-un-coran-devant-le-consulat-de-turquie-innocente-en-appel","status":"publish","type":"post","link":"https:\/\/www.europesays.com\/fr\/457016\/","title":{"rendered":"un homme qui avait br\u00fbl\u00e9 un Coran devant le consulat de Turquie innocent\u00e9 en appel"},"content":{"rendered":"<p>\n    Le 13 f\u00e9vrier dernier, Hamit Coskun, un ressortissant turc de 51 ans, avait aussi cri\u00e9 \u00abFuck islam\u00bb ou encore \u00abl\u2019islam est la religion du terrorisme\u00bb. Il a \u00e9t\u00e9 innocent\u00e9 ce vendredi.<\/p>\n<p class=\"fig-paragraph\">Un homme qui avait \u00e9t\u00e9 condamn\u00e9 en juin pour avoir br\u00fbl\u00e9 un Coran devant le consulat de Turquie \u00e0 Londres a \u00e9t\u00e9 innocent\u00e9 en appel vendredi par la justice. Hamit Coskun, un ressortissant turc de 51 ans, avait \u00e9t\u00e9, en premi\u00e8re instance, reconnu coupable de trouble \u00e0 l&rsquo;ordre public avec la circonstance aggravante d&rsquo;incitation \u00e0 la\u00a0<a href=\"http:\/\/www.lefigaro.fr\/actualite-france\/tetes-de-cochon-devant-des-mosquees-en-region-parisienne-onze-personnes-arretees-en-serbie-20250929\" target=\"_blank\" data-fig-type=\"NewsFlash\" rel=\"noopener\" data-gtm-custom-categorie=\"navigation\" data-gtm-custom-action=\"crossclick\" data-gtm-custom-label=\"Contextuel\" data-gtm-event=\"customEventSPE\" data-fig-domain=\"LEFIGARO\">haine religieuse<\/a>.<\/p>\n<p class=\"fig-paragraph\">Le 13 f\u00e9vrier, cet homme r\u00e9sidant dans les Midlands (centre de l&rsquo;Angleterre) s&rsquo;\u00e9tait rendu aux abords du consulat de Turquie \u00e0 Londres o\u00f9 il avait mis le feu \u00e0 un exemplaire du Coran, tout en criant \u00abFuck islam\u00bb ou encore \u00abl&rsquo;islam est la religion du terrorisme\u00bb. Vendredi, un juge de la Cour criminelle de Southwark \u00e0 Londres a annul\u00e9 sa condamnation \u00e0 une amende de 240 livres (284 euros), invoquant la libert\u00e9 d&rsquo;expression et l&rsquo;absence de loi contre le blasph\u00e8me au Royaume-Uni.<\/p>\n<p>                                    <a class=\"fig-a11y-skip a11y-hidden\" href=\"#fig-a11y-skip-main-inarticle\"><br \/>\n        Passer la publicit\u00e9<br \/>\n    <\/a><\/p>\n<p class=\"fig-paragraph\">\u00abBr\u00fbler un Coran est peut-\u00eatre un acte que de nombreux musulmans trouvent profond\u00e9ment choquant et offensant. Le droit p\u00e9nal, cependant, ne vise pas \u00e0 \u00e9viter que les gens soient offens\u00e9s, m\u00eame gravement. Le droit \u00e0 la libert\u00e9 d&rsquo;expression, s&rsquo;il est un droit valable, doit inclure le droit d&rsquo;exprimer des opinions qui offensent, choquent ou d\u00e9rangent\u00bb, a fait valoir le juge Joel Bennathan en rendant sa d\u00e9cision.<\/p>\n<p>Poursuivi pour trouble \u00e0 l\u2019ordre public<\/p>\n<p class=\"fig-paragraph\">Lors du premier proc\u00e8s, le procureur avait insist\u00e9 sur le fait que le pr\u00e9venu n&rsquo;\u00e9tait pas poursuivi pour avoir br\u00fbl\u00e9 le Coran mais pour avoir caus\u00e9 un trouble \u00e0 l&rsquo;ordre public. Mais le juge a estim\u00e9 vendredi ne pas avoir \u00e9t\u00e9 convaincu que \u00able comportement de l&rsquo;accus\u00e9 avait \u00e9t\u00e9 cause de d\u00e9sordre, ou qu&rsquo;il se trouvait \u00e0 port\u00e9e de voix ou visible d&rsquo;une personne susceptible d&rsquo;avoir \u00e9t\u00e9 harcel\u00e9e, inqui\u00e9t\u00e9e ou boulevers\u00e9e\u00bb par son acte.<\/p>\n<p class=\"fig-paragraph\">\u00abJe suis venu en Angleterre, apr\u00e8s avoir \u00e9t\u00e9 pers\u00e9cut\u00e9 en Turquie, pour pouvoir parler librement des dangers de l&rsquo;islam radical. Je suis rassur\u00e9 car (&#8230;) je serai d\u00e9sormais libre de sensibiliser le public britannique \u00e0 mes convictions\u00bb, a d\u00e9clar\u00e9 Hamit Coskun, \u00e0 l&rsquo;issue du proc\u00e8s. Il \u00e9tait soutenu dans son appel par deux associations qui d\u00e9fendent la libert\u00e9 d&rsquo;expression, la Free Speech Union (FSU) et la National Secular Society. La FSU s&rsquo;est f\u00e9licit\u00e9e d&rsquo;une d\u00e9cision qui envoie le message que \u00ables manifestations antireligieuses, m\u00eame si elles offensent les croyants, doivent \u00eatre accept\u00e9es\u00bb.<\/p>\n","protected":false},"excerpt":{"rendered":"Le 13 f\u00e9vrier dernier, Hamit Coskun, un ressortissant turc de 51 ans, avait aussi cri\u00e9 \u00abFuck islam\u00bb ou&hellip;\n","protected":false},"author":2,"featured_media":457017,"comment_status":"","ping_status":"","sticky":false,"template":"","format":"standard","meta":{"footnotes":""},"categories":[1588],"tags":[11,8873,1777,674,12,473,1853,1851,1850,1852],"class_list":{"0":"post-457016","1":"post","2":"type-post","3":"status-publish","4":"format-standard","5":"has-post-thumbnail","7":"category-royaume-uni","8":"tag-actualites","9":"tag-coran","10":"tag-eu","11":"tag-europe","12":"tag-news","13":"tag-royaume-uni","14":"tag-royaume-uni-de-grande-bretagne-et-dirlande-du-nord","15":"tag-uk","16":"tag-united-kingdom","17":"tag-united-kingdom-of-great-britain-and-northern-ireland"},"share_on_mastodon":{"url":"https:\/\/pubeurope.com\/@fr\/115360294824893052","error":""},"_links":{"self":[{"href":"https:\/\/www.europesays.com\/fr\/wp-json\/wp\/v2\/posts\/457016","targetHints":{"allow":["GET"]}}],"collection":[{"href":"https:\/\/www.europesays.com\/fr\/wp-json\/wp\/v2\/posts"}],"about":[{"href":"https:\/\/www.europesays.com\/fr\/wp-json\/wp\/v2\/types\/post"}],"author":[{"embeddable":true,"href":"https:\/\/www.europesays.com\/fr\/wp-json\/wp\/v2\/users\/2"}],"replies":[{"embeddable":true,"href":"https:\/\/www.europesays.com\/fr\/wp-json\/wp\/v2\/comments?post=457016"}],"version-history":[{"count":0,"href":"https:\/\/www.europesays.com\/fr\/wp-json\/wp\/v2\/posts\/457016\/revisions"}],"wp:featuredmedia":[{"embeddable":true,"href":"https:\/\/www.europesays.com\/fr\/wp-json\/wp\/v2\/media\/457017"}],"wp:attachment":[{"href":"https:\/\/www.europesays.com\/fr\/wp-json\/wp\/v2\/media?parent=457016"}],"wp:term":[{"taxonomy":"category","embeddable":true,"href":"https:\/\/www.europesays.com\/fr\/wp-json\/wp\/v2\/categories?post=457016"},{"taxonomy":"post_tag","embeddable":true,"href":"https:\/\/www.europesays.com\/fr\/wp-json\/wp\/v2\/tags?post=457016"}],"curies":[{"name":"wp","href":"https:\/\/api.w.org\/{rel}","templated":true}]}}