{"id":457018,"date":"2025-10-12T08:39:15","date_gmt":"2025-10-12T08:39:15","guid":{"rendered":"https:\/\/www.europesays.com\/fr\/457018\/"},"modified":"2025-10-12T08:39:15","modified_gmt":"2025-10-12T08:39:15","slug":"les-recherches-de-provenance-se-poursuivent-sur-les-oeuvres-dart-rapatriees-apres-guerre-dallemagne","status":"publish","type":"post","link":"https:\/\/www.europesays.com\/fr\/457018\/","title":{"rendered":"les recherches de provenance se poursuivent sur les \u0153uvres d\u2019art rapatri\u00e9es apr\u00e8s-guerre d\u2019Allemagne"},"content":{"rendered":"<p>Il aura fallu attendre 80\u00a0ans, quasiment une vie, pour que trois \u0153uvres d\u2019art retrouvent leurs propri\u00e9taires. En septembre dernier, trois tableaux du peintre <a target=\"_blank\" href=\"https:\/\/www.centrepompidou.fr\/fr\/pompidou-plus\/magazine\/article\/sur-la-piste-des-tableaux-fantomes-de-fedor-loewenstein-artiste-spolie-par-les-nazis\" rel=\"nofollow noopener\">F\u00e9dor L\u00f6wenstein<\/a> (1901-1946), ont \u00e9t\u00e9 restitu\u00e9s \u00e0 la famille de cet artiste tch\u00e9coslovaque juif, install\u00e9 \u00e0 Paris avant-guerre. Des toiles \u00e0 la fronti\u00e8re du cubisme et de l\u2019abstraction qui seront expos\u00e9es au Mus\u00e9e d\u2019art et d\u2019histoire du juda\u00efsme \u00e0 partir du 19\u00a0f\u00e9vrier 2026.<\/p>\n<p>Ces peintures, comme vingt-deux autres aujourd\u2019hui disparues, avaient \u00e9t\u00e9 saisies par les Nazis en d\u00e9cembre\u00a01940, au port de Bordeaux. Leur parcours, m\u00e9andreux, les a ind\u00fbment conduites dans les r\u00e9serves du Louvre, puis dans les collections du Centre Pompidou, avant d\u2019\u00eatre inscrites en 2010, apr\u00e8s de minutieuses recherches, sur l\u2019inventaire des <a target=\"_blank\" href=\"https:\/\/www.culture.gouv.fr\/nous-connaitre\/organisation-du-ministere\/le-secretariat-general\/mission-de-recherche-et-de-restitution-d\" rel=\"nofollow noopener\">Mus\u00e9es nationaux r\u00e9cup\u00e9ration<\/a> (MNR). Qu\u2019est-ce que ces MNR\u00a0? Un ensemble de 2.200 \u0153uvres parmi 60.000 exfiltr\u00e9es d\u2019Allemagne vers la France au sortir de la Seconde Guerre mondiale. D\u00e9couvertes dans des mus\u00e9es, chez le collectionneur compulsif et chef de la Wehrmacht <a target=\"_blank\" href=\"https:\/\/www.lanouvellerepublique.fr\/blois\/pillage-des-nazis-la-tapisserie-de-goering-va-rejoindre-le-chateau-de-blois\" rel=\"nofollow noopener\">G\u00f6ring<\/a> ou encore dans les r\u00e9serves d\u2019Hitler, elles sont suspect\u00e9es d\u2019avoir \u00e9t\u00e9 spoli\u00e9es dans l\u2019Hexagone, mais restent ni r\u00e9clam\u00e9es, ni restitu\u00e9es.<\/p>\n<p>    Cet article a \u00e9t\u00e9 tronqu\u00e9. Abonnez-vous pour lire l&rsquo;article complet sur notre site.<\/p>\n<p>fr\u00a0\u00bb class=\u00a0\u00bbblockquote\u00a0\u00bb&gt;<\/p>\n<p>\u00ab Nous continuons de travailler sur la provenance de ces \u0153uvres<\/p>\n<p style=\"margin: 0 !important; padding: 0 !important; font-size: 12px !important;\">Cet article a \u00e9t\u00e9 tronqu\u00e9. Abonnez-vous pour lire l&rsquo;article complet.<\/p>\n<p>    <a href=\"https:\/\/www.lanouvellerepublique.fr\/abonnements\" style=\"display: inline-block; margin-top: 5px !important; padding: 6px 12px !important; background: #cb1c27; color: white; text-decoration: none; border-radius: 4px; font-size: 12px !important;\" rel=\"nofollow noopener\" target=\"_blank\"><br \/>\n      S&rsquo;abonner<br \/>\n    <\/a><\/p>\n","protected":false},"excerpt":{"rendered":"Il aura fallu attendre 80\u00a0ans, quasiment une vie, pour que trois \u0153uvres d\u2019art retrouvent leurs propri\u00e9taires. En septembre&hellip;\n","protected":false},"author":2,"featured_media":457019,"comment_status":"","ping_status":"","sticky":false,"template":"","format":"standard","meta":{"footnotes":""},"categories":[1587],"tags":[328,11,672,1804,1805,1803,1777,674,27,329,1801,74,7107,12,2551,1802],"class_list":{"0":"post-457018","1":"post","2":"type-post","3":"status-publish","4":"format-standard","5":"has-post-thumbnail","7":"category-allemagne","8":"tag-a-la-une","9":"tag-actualites","10":"tag-allemagne","11":"tag-bundesrepublik-deutschland","12":"tag-de","13":"tag-deutschland","14":"tag-eu","15":"tag-europe","16":"tag-france","17":"tag-france-monde","18":"tag-germany","19":"tag-monde","20":"tag-musees","21":"tag-news","22":"tag-patrimoine","23":"tag-republique-federale-dallemagne"},"share_on_mastodon":{"url":"https:\/\/pubeurope.com\/@fr\/115360298827322472","error":""},"_links":{"self":[{"href":"https:\/\/www.europesays.com\/fr\/wp-json\/wp\/v2\/posts\/457018","targetHints":{"allow":["GET"]}}],"collection":[{"href":"https:\/\/www.europesays.com\/fr\/wp-json\/wp\/v2\/posts"}],"about":[{"href":"https:\/\/www.europesays.com\/fr\/wp-json\/wp\/v2\/types\/post"}],"author":[{"embeddable":true,"href":"https:\/\/www.europesays.com\/fr\/wp-json\/wp\/v2\/users\/2"}],"replies":[{"embeddable":true,"href":"https:\/\/www.europesays.com\/fr\/wp-json\/wp\/v2\/comments?post=457018"}],"version-history":[{"count":0,"href":"https:\/\/www.europesays.com\/fr\/wp-json\/wp\/v2\/posts\/457018\/revisions"}],"wp:featuredmedia":[{"embeddable":true,"href":"https:\/\/www.europesays.com\/fr\/wp-json\/wp\/v2\/media\/457019"}],"wp:attachment":[{"href":"https:\/\/www.europesays.com\/fr\/wp-json\/wp\/v2\/media?parent=457018"}],"wp:term":[{"taxonomy":"category","embeddable":true,"href":"https:\/\/www.europesays.com\/fr\/wp-json\/wp\/v2\/categories?post=457018"},{"taxonomy":"post_tag","embeddable":true,"href":"https:\/\/www.europesays.com\/fr\/wp-json\/wp\/v2\/tags?post=457018"}],"curies":[{"name":"wp","href":"https:\/\/api.w.org\/{rel}","templated":true}]}}