{"id":457020,"date":"2025-10-12T08:40:11","date_gmt":"2025-10-12T08:40:11","guid":{"rendered":"https:\/\/www.europesays.com\/fr\/457020\/"},"modified":"2025-10-12T08:40:11","modified_gmt":"2025-10-12T08:40:11","slug":"comment-leurope-tente-de-resister-a-la-tempete-tarifaire-de-donald-trump","status":"publish","type":"post","link":"https:\/\/www.europesays.com\/fr\/457020\/","title":{"rendered":"comment l\u2019Europe tente de r\u00e9sister \u00e0 la \u00ab\u00a0temp\u00eate tarifaire\u00a0\u00bb de Donald Trump"},"content":{"rendered":"<p class=\"article-p mdl\">O\u00f9 en sont les droits de douane avec les \u00c9tats-Unis ?<strong> Donald Trump, d\u00e9but 2025<\/strong>, qui promettait de les faire grimper \u00e0 100, voire 200 %. En r\u00e9alit\u00e9, nous en sommes tr\u00e8s loin, dix mois plus tard.<\/p>\n<p class=\"article-p mdl\">Les produits europ\u00e9ens, et donc fran\u00e7ais, arrivant sur le sol am\u00e9ricain sont d\u00e9sormais tax\u00e9s \u00e0 15 % : un taux\u00a0<a class=\"link\" href=\"https:\/\/www.rtl.fr\/actu\/international\/droits-de-douane-tout-ce-qu-il-faut-savoir-sur-l-accord-entre-les-etats-unis-et-l-union-europeenne-7900526502\" rel=\"nofollow noopener\" target=\"_blank\">\u00e2prement n\u00e9goci\u00e9<\/a>\u00a0l\u2019\u00e9t\u00e9 dernier entre Bruxelles et Washington. C\u2019est certes davantage qu\u2019avant l\u2019\u00e9lection de Donald Trump, mais <strong>bien moins que ce qu\u2019il avait envisag\u00e9<\/strong>.<\/p>\n<p class=\"article-p mdl\">M\u00eame les voitures europ\u00e9ennes, qui subissaient depuis avril des droits de douane de 25 %,<strong> ne sont plus tax\u00e9es qu\u2019\u00e0 15 %<\/strong>. Une exception subsiste toutefois : l\u2019acier et l\u2019aluminium europ\u00e9ens, toujours soumis \u00e0 une taxe de 50 %.<\/p>\n<p class=\"article-p mdl\">Bruxelles continue de batailler pour obtenir une exemption de droits de douane\u00a0<a class=\"link\" href=\"https:\/\/www.rtl.fr\/actu\/economie-consommation\/droits-de-douane-le-vin-taxe-a-15-la-france-va-travailler-a-des-exemptions-additionnelles-7900532096\" rel=\"nofollow noopener\" target=\"_blank\">sur les vins<\/a>\u00a0et spiritueux europ\u00e9ens. Les viticulteurs fran\u00e7ais s\u2019inqui\u00e8tent en effet d\u2019une <strong>possible hausse des taxes<\/strong> qui pourrait freiner leurs ventes sur le march\u00e9 am\u00e9ricain.<\/p>\n<p>            Une vigilance de chaque instant<\/p>\n<p class=\"article-p mdl\">La Commission europ\u00e9enne tente \u00e9galement de n\u00e9gocier un quota d\u2019acier qui ne serait pas soumis \u00e0 la taxe de 50 %. Mais Donald Trump continue de multiplier les coups de pression. D\u00e9but octobre, il a annonc\u00e9\u00a0<a class=\"link\" href=\"https:\/\/www.rtl.fr\/actu\/international\/une-taxe-de-100-donald-trump-annonce-de-nouveaux-droits-de-douane-quels-sont-les-produits-concernes-7900545629\" rel=\"nofollow noopener\" target=\"_blank\">de nouvelles hausses de droits de douane<\/a>\u00a0sur <strong>les m\u00e9dicaments, les meubles, les lavabos et les camions<\/strong> import\u00e9s aux \u00c9tats-Unis.<\/p>\n<p class=\"article-p mdl\">\u00c0 chaque annonce, Bruxelles rappelle fermement <strong>l\u2019existence de l\u2019accord conclu avec Washington<\/strong> : pas plus de 15% de droits de douane sur les produits europ\u00e9ens. Une vigilance de chaque instant, donc, pour \u00e9viter tout d\u00e9rapage. Jusqu\u2019ici, la situation n\u2019a pas provoqu\u00e9<strong> le choc \u00e9conomique redout\u00e9<\/strong>. C\u2019est ce qu\u2019a soulign\u00e9 Christine Lagarde, pr\u00e9sidente de la Banque centrale europ\u00e9enne, tout en avertissant qu\u2019il faut \u00ab\u00a0s\u2019y pr\u00e9parer\u00a0\u00bb.<\/p>\n<p class=\"article-p mdl\">D\u00e8s <strong>les premi\u00e8res menaces de Donald Trump<\/strong> sur une hausse massive des droits de douane, les entreprises fran\u00e7aises avaient anticip\u00e9 : entre d\u00e9cembre 2024 et mars 2025, <strong>leurs exportations vers les \u00c9tats-Unis ont progress\u00e9 en moyenne de 6%,<\/strong> avec des hausses bien plus fortes pour les vins et la maroquinerie, afin de constituer des stocks avant la mont\u00e9e des taxes.<\/p>\n<p class=\"article-p mdl\">Pour l\u2019instant, cette strat\u00e9gie a permis d\u2019amortir le choc. Mais les cons\u00e9quences de la \u00ab\u00a0temp\u00eate tarifaire\u00a0\u00bb am\u00e9ricaine pourraient encore se faire sentir. Car cette nouvelle politique commerciale <strong>rebat les cartes du commerce mondial <\/strong>: la Chine, le Canada, le Mexique ou encore le Vietnam, encore plus tax\u00e9s que l\u2019Europe, cherchent d\u00e9sormais de nouveaux d\u00e9bouch\u00e9s\u2026 et pourraient bien d\u00e9ferler sur le march\u00e9 europ\u00e9en.<\/p>\n<p>    La r\u00e9daction vous recommande<\/p>\n<p class=\"s-newsletter__title\">\n                L\u2019actualit\u00e9 par la r\u00e9daction de RTL dans votre bo\u00eete mail.\n            <\/p>\n<p class=\"s-newsletter__subtitle\">\n                Gr\u00e2ce \u00e0 votre compte RTL abonnez-vous \u00e0 la newsletter RTL info pour suivre toute l&rsquo;actualit\u00e9 au quotidien\n            <\/p>\n<p>\n                                    Lire la suite\n                                <\/p>\n","protected":false},"excerpt":{"rendered":"O\u00f9 en sont les droits de douane avec les \u00c9tats-Unis ? Donald Trump, d\u00e9but 2025, qui promettait de&hellip;\n","protected":false},"author":2,"featured_media":457021,"comment_status":"","ping_status":"","sticky":false,"template":"","format":"standard","meta":{"footnotes":""},"categories":[1586],"tags":[11,2822,33,73,1777,674,107,1011,27,12,362,25],"class_list":{"0":"post-457020","1":"post","2":"type-post","3":"status-publish","4":"format-standard","5":"has-post-thumbnail","7":"category-europe","8":"tag-actualites","9":"tag-douanes","10":"tag-economie","11":"tag-etats-unis","12":"tag-eu","13":"tag-europe","14":"tag-fil-info","15":"tag-fr","16":"tag-france","17":"tag-news","18":"tag-replay","19":"tag-republique-francaise"},"share_on_mastodon":{"url":"https:\/\/pubeurope.com\/@fr\/115360302744393723","error":""},"_links":{"self":[{"href":"https:\/\/www.europesays.com\/fr\/wp-json\/wp\/v2\/posts\/457020","targetHints":{"allow":["GET"]}}],"collection":[{"href":"https:\/\/www.europesays.com\/fr\/wp-json\/wp\/v2\/posts"}],"about":[{"href":"https:\/\/www.europesays.com\/fr\/wp-json\/wp\/v2\/types\/post"}],"author":[{"embeddable":true,"href":"https:\/\/www.europesays.com\/fr\/wp-json\/wp\/v2\/users\/2"}],"replies":[{"embeddable":true,"href":"https:\/\/www.europesays.com\/fr\/wp-json\/wp\/v2\/comments?post=457020"}],"version-history":[{"count":0,"href":"https:\/\/www.europesays.com\/fr\/wp-json\/wp\/v2\/posts\/457020\/revisions"}],"wp:featuredmedia":[{"embeddable":true,"href":"https:\/\/www.europesays.com\/fr\/wp-json\/wp\/v2\/media\/457021"}],"wp:attachment":[{"href":"https:\/\/www.europesays.com\/fr\/wp-json\/wp\/v2\/media?parent=457020"}],"wp:term":[{"taxonomy":"category","embeddable":true,"href":"https:\/\/www.europesays.com\/fr\/wp-json\/wp\/v2\/categories?post=457020"},{"taxonomy":"post_tag","embeddable":true,"href":"https:\/\/www.europesays.com\/fr\/wp-json\/wp\/v2\/tags?post=457020"}],"curies":[{"name":"wp","href":"https:\/\/api.w.org\/{rel}","templated":true}]}}