{"id":457028,"date":"2025-10-12T08:44:15","date_gmt":"2025-10-12T08:44:15","guid":{"rendered":"https:\/\/www.europesays.com\/fr\/457028\/"},"modified":"2025-10-12T08:44:15","modified_gmt":"2025-10-12T08:44:15","slug":"opinion-la-persistance-des-zones-blanches-en-france-est-anachronique","status":"publish","type":"post","link":"https:\/\/www.europesays.com\/fr\/457028\/","title":{"rendered":"OPINION. \u201cLa persistance des zones blanches en France est anachronique\u201d"},"content":{"rendered":"<p><strong>Par Christian Leon, CEO Ericsson Europe de l\u2019Ouest (*)<\/strong><\/p>\n<p>\u00c0 l\u2019heure o\u00f9 la visioconf\u00e9rence, le paiement en ligne ou l\u2019acc\u00e8s aux services publics en ligne sont des usages quotidiens, cette situation est tout simplement anachronique.<\/p>\n<p>Une connectivit\u00e9 entrav\u00e9e par des performances insuffisantes&#13;\n<\/p>\n<p>La connectivit\u00e9 mobile n\u00e9cessite tout d\u2019abord un certain niveau de couverture. Celui que la plupart des Fran\u00e7ais associent au nombre de barres sur l\u2019\u00e9cran du smartphone, garantit g\u00e9n\u00e9ralement la disponibilit\u00e9 aux services de base, comme la voix ou la messagerie. Cependant, ces barres ne garantissent nullement ce qui est de plus en plus attendu des usages professionnels ou personnels. Le dernier Mobility Report d\u2019Ericsson de juin 2025, montre qu\u2019un usage pleinement satisfaisant de son smartphone requiert un plancher de d\u00e9bit\u2013 c\u2019est-\u00e0-dire une vitesse \u00e0 laquelle les donn\u00e9es sont transmises &#8211; d\u2019au moins 20 Mbps. L\u2019autorit\u00e9 de r\u00e9gulation des t\u00e9l\u00e9coms en France, l\u2019Arcep, place quant \u00e0 elle le d\u00e9bit seuil \u00e0 30 Mbps pour des usages professionnels qui requi\u00e8rent une utilisation des vid\u00e9os conf\u00e9rences, l\u2019acc\u00e8s \u00e0 des fichiers en ligne, le t\u00e9l\u00e9chargement de mails volumineux. Ce d\u00e9bit disponible, mais qui ne sera que ponctuellement atteint, est indispensable pour absorber les pics n\u00e9cessaires \u00e0 des usages comme acc\u00e9der rapidement \u00e0 des fichiers, naviguer sur le web ou visionner des vid\u00e9os, toutes ces t\u00e2ches \u00e9tant souvent ex\u00e9cut\u00e9es en parall\u00e8le.\u00a0<\/p>\n<p>Ces seuils de d\u00e9bits de 20 \u00e0 30 Mbps sont \u00e9galement des cibles \u00ab\u00a0mouvantes\u00a0\u00bb. Ce qui semble suffisant \u00e0 un moment donn\u00e9 peut se r\u00e9v\u00e9ler insuffisant quelques ann\u00e9es plus tard. En effet, l\u2019arriv\u00e9e des nouveaux usages, li\u00e9s en particulier \u00e0 l\u2019IA, va accroitre les besoins et en particulier sur le lien montant du smartphone vers le r\u00e9seau. Aujourd\u2019hui, les requ\u00eates des utilisateurs IA sont majoritairement effectu\u00e9es sous la forme de texte ou son envoy\u00e9 vers le r\u00e9seau, mais \u00e0 l\u2019avenir ces contenus incluront de plus en plus de la vid\u00e9o et des images.\u00a0<\/p>\n<p>Sur le plan g\u00e9ographique, les in\u00e9galit\u00e9s sont frappantes, notamment dans les petites et moyennes villes qui quadrillent notre pays. Si l\u2019on se penche sur les zones rurales et p\u00e9riurbaines de moins de 10 000 habitants, la derni\u00e8re campagne de mesure de l\u2019ARCEP montre qu\u2019\u2019un utilisateur) a une chance sur deux de ne pas b\u00e9n\u00e9ficier du seuil des 30 Mbps n\u00e9cessaires aux usages professionnels. M\u00eame dans les zones dites \u00ab interm\u00e9diaires \u00bb (villes moyennes, technop\u00f4les, zones p\u00e9riurbaines), une connexion sur quatre est insuffisante pour r\u00e9pondre \u00e0 ces attentes. Par contraste, en zones denses, seul un cas sur dix pr\u00e9sente une telle insuffisance.<\/p>\n<p>Assurer une couverture homog\u00e8ne et performante sur l\u2019ensemble du territoire ne peut \u00eatre r\u00e9alis\u00e9 par un acteur seul. Si les op\u00e9rateurs jouent un r\u00f4le cl\u00e9 dans ce d\u00e9ploiement, il est essentiel que tous les acteurs, qu\u2019ils soient publics ou priv\u00e9s, participent \u00e0 cet effort commun. Les pouvoirs publics, les collectivit\u00e9s locales, les industries technologiques et les op\u00e9rateurs doivent collaborer pour soutenir des mod\u00e8les innovants et durables permettant de d\u00e9ployer les r\u00e9seaux 5G dans les territoires moins denses, o\u00f9 les retours sur investissement sont souvent plus lents. Une mobilisation collective est essentielle pour faire de la connectivit\u00e9 une r\u00e9alit\u00e9 pour tous.<\/p>\n<p>Une infrastructure essentielle au d\u00e9ploiement massif de l\u2019IA&#13;\n<\/p>\n<p>La 5G, lanc\u00e9e il y a maintenant 5 ans dans l\u2019hexagone, a fait ses preuves en zones urbaines, mais peine \u00e0 \u00eatre d\u00e9ploy\u00e9e de fa\u00e7on massive sur tout le territoire. Or, la qualit\u00e9 des r\u00e9seaux n\u2019est plus une question de confort, elle est devenue un enjeu de comp\u00e9titivit\u00e9, d\u2019inclusion et de souverainet\u00e9. La France ambitionne de devenir un leader de l\u2019intelligence artificielle et des industries technologiques. Un r\u00e9seau in\u00e9gal et ces \u00e9carts menacent cette ambition, chaque jour des millions de citoyens et d\u2019entreprises sont priv\u00e9s d\u2019infrastructures critiques pour r\u00e9ussir.<\/p>\n<p>Sans une connectivit\u00e9 mobile fiable, pas de t\u00e9l\u00e9travail, pas de t\u00e9l\u00e9m\u00e9decine, pas d\u2019industrie intelligente, ni de transition \u00e9cologique. Dans les zones interm\u00e9diaires, la faible qualit\u00e9 du r\u00e9seau freine l\u2019innovation, limite les investissements et dissuade les talents. Par exemple, un professionnel install\u00e9 dans un bourg de 8 000 habitants, loin d\u2019\u00eatre un \u201cvillage recul\u00e9\u201d, a une chance sur deux de ne pas pouvoir acc\u00e9der \u00e0 des services num\u00e9riques fluides, une r\u00e9alit\u00e9 incompatible avec les attentes modernes.<\/p>\n<p>L\u2019Europe d\u00e9croche pendant que le reste du monde acc\u00e9l\u00e8re&#13;\n<\/p>\n<p>Pendant que l\u2019Europe tarde \u00e0 harmoniser ses politiques et investissement dans la connectivit\u00e9 num\u00e9rique, l\u2019Asie et les \u00c9tats-Unis construisent des autoroutes de donn\u00e9es. La Cor\u00e9e du Sud compte cinq fois plus d\u2019antennes 5G par habitant qu\u2019en Europe et les \u00c9tats-Unis investissent deux fois plus dans les r\u00e9seaux.\u00a0<\/p>\n<p>Selon les mesures r\u00e9centes d\u2019un grand op\u00e9rateur international, 97% des activit\u00e9s sur la 5G mid-band se traduisent par un acc\u00e8s au contenu en moins de 1,5 seconde, contre seulement 38 % en 4G. Certaines collectivit\u00e9s agissent d\u00e9j\u00e0. \u00c0 Istres, un r\u00e9seau 5G priv\u00e9 am\u00e9liore la vid\u00e9osurveillance et la coordination des secours, \u00e0 un co\u00fbt bien moindre qu\u2019avec la fibre. Ce type d\u2019initiative montre que la 5G n\u2019est pas seulement une avanc\u00e9e technologique : elle est un outil essentiel pour renforcer la r\u00e9silience et l\u2019efficacit\u00e9 des infrastructures publiques tout en posant les bases des services urbains du futur.<\/p>\n<p>Investir ou subir : un choix strat\u00e9gique urgent&#13;\n<\/p>\n<p>Tous les secteurs, qu\u2019ils soient li\u00e9s \u00e0 l\u2019industrie, \u00e0 la sant\u00e9, \u00e0 l\u2019agriculture ou \u00e0 la s\u00e9curit\u00e9, ont besoin d\u2019une infrastructure num\u00e9rique solide. Le Livre blanc de la Commission europ\u00e9enne chiffre \u00e0 200 milliards d\u2019euros le d\u00e9ficit en infrastructures, un \u00e9cart qui p\u00e9nalise lourdement l\u2019Europe dans la comp\u00e9tition mondiale.<\/p>\n<p>Le rapport Draghi sur la comp\u00e9titivit\u00e9 europ\u00e9enne est clair : il faut harmoniser, consolider et simplifier les politiques num\u00e9riques europ\u00e9ennes. Avec des technologies pr\u00eates, des talents qualifi\u00e9s et des exemples de r\u00e9ussite, il est urgent de d\u00e9passer la logique de \u00ab rattrapage \u00bb pour entrer dans une dynamique d\u2019acc\u00e9l\u00e9ration. Faire de la connectivit\u00e9 le pilier central de notre souverainet\u00e9 num\u00e9rique n\u2019est pas seulement une commodit\u00e9 : c\u2019est une n\u00e9cessit\u00e9 strat\u00e9gique.\u00a0<\/p>\n<p>(*) Christian Leon est PDG de l\u2019entit\u00e9 Europe de l\u2019Ouest chez Ericsson depuis juin 2025. Cette entit\u00e9 regroupe la France, la Belgique, le Luxembourg, les Pays-Bas, l\u2019Espagne et le Portugal. Il \u00e9tait pr\u00e9c\u00e9demment \u00e0 la t\u00eate de l\u2019entit\u00e9 regroupant la France, la Belgique, le Luxembourg, l\u2019Alg\u00e9rie et la Tunisie.\u00c2g\u00e9 de 50 ans, Christian Leon a rejoint Ericsson en 2010. Il a occup\u00e9 depuis plus de trois ans la fonction de VP R\u00e9seaux et Services Manag\u00e9s pour Ericsson Europe et Am\u00e9rique Latine. Ing\u00e9nieur de formation, Christian Leon a pass\u00e9 une grande partie de sa carri\u00e8re aux \u00c9tats-Unis et en Su\u00e8de dans des fonctions relatives aux technologies et aux ventes. Dipl\u00f4m\u00e9 de Sup\u00e9lec Paris en 1998, il a \u00e9t\u00e9 officier dans la Marine fran\u00e7aise.<\/p>\n","protected":false},"excerpt":{"rendered":"Par Christian Leon, CEO Ericsson Europe de l\u2019Ouest (*) \u00c0 l\u2019heure o\u00f9 la visioconf\u00e9rence, le paiement en ligne&hellip;\n","protected":false},"author":2,"featured_media":457029,"comment_status":"","ping_status":"","sticky":false,"template":"","format":"standard","meta":{"footnotes":""},"categories":[4],"tags":[17,11,58218,154,1011,27,56833,4743,12,4536,58217,25,6249],"class_list":{"0":"post-457028","1":"post","2":"type-post","3":"status-publish","4":"format-standard","5":"has-post-thumbnail","7":"category-france","8":"tag-17","9":"tag-actualites","10":"tag-blanches","11":"tag-des","12":"tag-fr","13":"tag-france","14":"tag-idees-debats","15":"tag-la","16":"tag-news","17":"tag-opinion","18":"tag-persistance","19":"tag-republique-francaise","20":"tag-zones"},"share_on_mastodon":{"url":"https:\/\/pubeurope.com\/@fr\/115360318334975944","error":""},"_links":{"self":[{"href":"https:\/\/www.europesays.com\/fr\/wp-json\/wp\/v2\/posts\/457028","targetHints":{"allow":["GET"]}}],"collection":[{"href":"https:\/\/www.europesays.com\/fr\/wp-json\/wp\/v2\/posts"}],"about":[{"href":"https:\/\/www.europesays.com\/fr\/wp-json\/wp\/v2\/types\/post"}],"author":[{"embeddable":true,"href":"https:\/\/www.europesays.com\/fr\/wp-json\/wp\/v2\/users\/2"}],"replies":[{"embeddable":true,"href":"https:\/\/www.europesays.com\/fr\/wp-json\/wp\/v2\/comments?post=457028"}],"version-history":[{"count":0,"href":"https:\/\/www.europesays.com\/fr\/wp-json\/wp\/v2\/posts\/457028\/revisions"}],"wp:featuredmedia":[{"embeddable":true,"href":"https:\/\/www.europesays.com\/fr\/wp-json\/wp\/v2\/media\/457029"}],"wp:attachment":[{"href":"https:\/\/www.europesays.com\/fr\/wp-json\/wp\/v2\/media?parent=457028"}],"wp:term":[{"taxonomy":"category","embeddable":true,"href":"https:\/\/www.europesays.com\/fr\/wp-json\/wp\/v2\/categories?post=457028"},{"taxonomy":"post_tag","embeddable":true,"href":"https:\/\/www.europesays.com\/fr\/wp-json\/wp\/v2\/tags?post=457028"}],"curies":[{"name":"wp","href":"https:\/\/api.w.org\/{rel}","templated":true}]}}