{"id":457030,"date":"2025-10-12T08:45:13","date_gmt":"2025-10-12T08:45:13","guid":{"rendered":"https:\/\/www.europesays.com\/fr\/457030\/"},"modified":"2025-10-12T08:45:13","modified_gmt":"2025-10-12T08:45:13","slug":"tiger-woods-de-nouveau-opere-du-dos","status":"publish","type":"post","link":"https:\/\/www.europesays.com\/fr\/457030\/","title":{"rendered":"Tiger Woods de nouveau op\u00e9r\u00e9 du dos"},"content":{"rendered":"<p>                             Par Le Figaro avec AFP<\/p>\n<p>                Le 12 octobre 2025 \u00e0 09h00<\/p>\n<p>    Tiger Woods<br \/>\n                SUSA \/ Icon Sport<\/p>\n<p>\n    Tiger Woods a subi une nouvelle intervention chirurgicale vendredi \u00e0 New York pour lui remplacer un disque lombaire dans le bas du dos, a-t-il annonc\u00e9 lui-m\u00eame samedi.<\/p>\n<p class=\"fig-paragraph\">\u00abAyant ressenti des douleurs et un manque de mobilit\u00e9 dans le dos, j&rsquo;ai consult\u00e9 des m\u00e9decins et des chirurgiens. Les radios ont montr\u00e9 que j&rsquo;avais une hernie discale au niveau des vert\u00e8bres L4\/L5, des fragments de disque et le canal rachidien ab\u00eem\u00e9\u00bb, \u00e9crit dans un communiqu\u00e9\u00a0<a href=\"http:\/\/golf.lefigaro.fr\/actualite\/majeurs\/loin-des-greens-pres-des-coeurs-l-avenir-de-tiger-woods-plus-que-jamais-au-centre-des-interrogations-20250410\" data-fig-type=\"Article\" data-gtm-custom-categorie=\"navigation\" data-gtm-custom-action=\"crossclick\" data-gtm-custom-label=\"Contextuel\" data-gtm-event=\"customEventSPE\" data-fig-domain=\"GOLF\" rel=\"nofollow noopener\" target=\"_blank\">l&rsquo;ancien champion aux 15 titres du Grand Chelem<\/a>. \u00abJ&rsquo;ai choisi de me faire remplacer le disque hier (vendredi, ndlr) et je sais d\u00e9j\u00e0 que j&rsquo;ai pris la bonne d\u00e9cision\u00bb, poursuit-il. Il s&rsquo;agit de sa septi\u00e8me op\u00e9ration du dos.<\/p>\n<p class=\"fig-paragraph\">Ces derni\u00e8res ann\u00e9es, Tiger Woods qui aura 50 ans le 30 d\u00e9cembre a \u00e9t\u00e9 sujet \u00e0 de multiples blessures. Il n&rsquo;a ainsi plus jou\u00e9 depuis le British Open 2024 o\u00f9 il n&rsquo;avait pas pass\u00e9 le cut. En 2021, il avait \u00e9t\u00e9 gri\u00e8vement bless\u00e9 aux jambes\u00a0<a href=\"https:\/\/golf.lefigaro.fr\/actualite\/golf\/tiger-woods-roulait-beaucoup-trop-vite-lors-de-son-accident-1039679\" data-fig-type=\"Article\" data-gtm-custom-categorie=\"navigation\" data-gtm-custom-action=\"crossclick\" data-gtm-custom-label=\"Contextuel\" data-gtm-event=\"customEventSPE\" data-fig-domain=\"GOLF\" rel=\"nofollow noopener\" target=\"_blank\">dans un accident de voiture<\/a>. En septembre 2024, il avait \u00e9t\u00e9 op\u00e9r\u00e9 du dos et devait revenir sur le circuit lorsqu&rsquo;il a annonc\u00e9 en mars s&rsquo;\u00eatre rompu le tendon d&rsquo;Achille. Sa participation d\u00e9but d\u00e9cembre au Hero World Challenge, un tournoi sur invitation qu&rsquo;il organise aux Bahamas, \u00e9tait attendue mais l&rsquo;annonce de son op\u00e9ration met un terme \u00e0 toutes les sp\u00e9culations.<\/p>\n","protected":false},"excerpt":{"rendered":"Par Le Figaro avec AFP Le 12 octobre 2025 \u00e0 09h00 Tiger Woods SUSA \/ Icon Sport Tiger&hellip;\n","protected":false},"author":2,"featured_media":457031,"comment_status":"","ping_status":"","sticky":false,"template":"","format":"standard","meta":{"footnotes":""},"categories":[1418],"tags":[1011,27,1472,6671,60,5078],"class_list":{"0":"post-457030","1":"post","2":"type-post","3":"status-publish","4":"format-standard","5":"has-post-thumbnail","7":"category-golf","8":"tag-fr","9":"tag-france","10":"tag-golf","11":"tag-pga-tour","12":"tag-sports","13":"tag-tiger-woods"},"share_on_mastodon":{"url":"https:\/\/pubeurope.com\/@fr\/115360322225456141","error":""},"_links":{"self":[{"href":"https:\/\/www.europesays.com\/fr\/wp-json\/wp\/v2\/posts\/457030","targetHints":{"allow":["GET"]}}],"collection":[{"href":"https:\/\/www.europesays.com\/fr\/wp-json\/wp\/v2\/posts"}],"about":[{"href":"https:\/\/www.europesays.com\/fr\/wp-json\/wp\/v2\/types\/post"}],"author":[{"embeddable":true,"href":"https:\/\/www.europesays.com\/fr\/wp-json\/wp\/v2\/users\/2"}],"replies":[{"embeddable":true,"href":"https:\/\/www.europesays.com\/fr\/wp-json\/wp\/v2\/comments?post=457030"}],"version-history":[{"count":0,"href":"https:\/\/www.europesays.com\/fr\/wp-json\/wp\/v2\/posts\/457030\/revisions"}],"wp:featuredmedia":[{"embeddable":true,"href":"https:\/\/www.europesays.com\/fr\/wp-json\/wp\/v2\/media\/457031"}],"wp:attachment":[{"href":"https:\/\/www.europesays.com\/fr\/wp-json\/wp\/v2\/media?parent=457030"}],"wp:term":[{"taxonomy":"category","embeddable":true,"href":"https:\/\/www.europesays.com\/fr\/wp-json\/wp\/v2\/categories?post=457030"},{"taxonomy":"post_tag","embeddable":true,"href":"https:\/\/www.europesays.com\/fr\/wp-json\/wp\/v2\/tags?post=457030"}],"curies":[{"name":"wp","href":"https:\/\/api.w.org\/{rel}","templated":true}]}}