{"id":457038,"date":"2025-10-12T08:52:11","date_gmt":"2025-10-12T08:52:11","guid":{"rendered":"https:\/\/www.europesays.com\/fr\/457038\/"},"modified":"2025-10-12T08:52:11","modified_gmt":"2025-10-12T08:52:11","slug":"cyclisme-route-un-francais-dans-le-staff-duae-team-adq-pour-la-saison-2026","status":"publish","type":"post","link":"https:\/\/www.europesays.com\/fr\/457038\/","title":{"rendered":"Cyclisme. Route &#8211; Un Fran\u00e7ais dans le staff d&rsquo;UAE Team ADQ pour la saison 2026"},"content":{"rendered":"<p>En parrall\u00e8le des transferts des coureurs et coureuses du peloton, les staffs des \u00e9quipes peuvent \u00e9galement \u00e9voluer pendant cette p\u00e9riode de mouvements. C&rsquo;est le cas de celui de l&rsquo;\u00e9quipe <strong>UAE Team ADQ <\/strong>d&rsquo;<strong><a href=\"https:\/\/www.cyclismactu.net\/..\/news-trois-vallees-varesines-route-elisa-longo-borghini-a-resiste-demi-vollering-90487.html\" target=\"_blank\" rel=\"nofollow noopener\">Elisa Longo Borghini<\/a><\/strong>\u00a0qui va pouvoir compter sur le renfort d&rsquo;un directeur sportif fran\u00e7ais, <strong>Lionel Marie<\/strong>. Apr\u00e8s avoir travaill\u00e9 pour <strong>Cofidis<\/strong>, <strong>Orica GreenEdge <\/strong>ou encore <strong>Isra\u00ebl Premier Tech<\/strong>, l&rsquo;ancien coureur amateur a pass\u00e9 cinq ans en Chine, en tant que directeur sportif de l&rsquo;\u00e9quipe\u00a0<strong>China Anta &#8211; Mentech Cycling Team<\/strong>, devenant m\u00eame le s\u00e9lectionneur de l&rsquo;\u00e9quipe chinoise pour les <strong>Jeux Olympiques<\/strong> de Paris et les mondiaux. Le Fran\u00e7ais de 60 ans s&rsquo;offre donc un nouveau challenge en devenant directeur sportif dans l&rsquo;une des meilleures formations du WorldTour f\u00e9minin.<\/p>\n<p>Vid\u00e9o &#8211; Cyclism&rsquo;actu \u00e0 la rencontre de Lionel Marie en 2020 Lire la suite de l&rsquo;article&#13;<\/p>\n<p>\u00a0<\/p>\n<p>&#13;<br \/>\n\u00ab\u00a0J&rsquo;ai \u00e9t\u00e9 impressionn\u00e9 par l&rsquo;esprit combatif de l&rsquo;\u00e9quipe\u00a0\u00bb&#13;<\/p>\n<p>C&rsquo;est lors du dernier <strong>Tour de France Femmes <\/strong>et les num\u00e9ros de <strong>Ma\u00ebva Squiban <\/strong>pour s&rsquo;offrir deux \u00e9tapes,\u00a0que <strong>Lionel Marie <\/strong>a act\u00e9 sa d\u00e9cision de rejoindre l&rsquo;\u00e9quipe \u00e9miratie pour 2026 : \u00ab\u00a0J\u2019ai \u00e9t\u00e9 tr\u00e8s impressionn\u00e9e par l\u2019esprit combatif de l\u2019\u00e9quipe UAE Team ADQ. M\u00eame apr\u00e8s avoir perdu leur leader en d\u00e9but de course, elles ont continu\u00e9 \u00e0 courir de mani\u00e8re agressive et ont remport\u00e9 des \u00e9tapes. J\u2019ai \u00e9galement \u00e9t\u00e9 frapp\u00e9 par l\u2019organisation de l\u2019\u00e9quipe et par la fa\u00e7on dont elle partage son parcours avec les fans en ligne. Ce professionnalisme et cette d\u00e9termination m\u2019ont convaincu de faire partie de ce projet.\u00a0\u00bb<\/p>\n<p>&#13;<\/p>\n<p>Mais le fran\u00e7ais ne vient pas pour faire de la figuration et compte bien tout mettre en oeuvre pour faire \u00e9voluer cette \u00e9quipe : \u00ab\u00a0Mon premier objectif, c\u2019est d\u2019apprendre et d\u2019embrasser la philosophie de l\u2019\u00e9quipe. Je suis fier de faire partie de ce puzzle, en travaillant pour amener l\u2019\u00e9quipe au sommet du WorldTour le plus rapidement possible. J\u2019apporte avec moi des d\u00e9cennies d\u2019exp\u00e9rience internationale, un leadership fort et une profonde passion pour le d\u00e9veloppement des coureurs et les strat\u00e9gies gagnantes.\u00a0\u00bb<\/p>\n","protected":false},"excerpt":{"rendered":"En parrall\u00e8le des transferts des coureurs et coureuses du peloton, les staffs des \u00e9quipes peuvent \u00e9galement \u00e9voluer pendant&hellip;\n","protected":false},"author":2,"featured_media":457039,"comment_status":"","ping_status":"","sticky":false,"template":"","format":"standard","meta":{"footnotes":""},"categories":[1411],"tags":[1154,207,211,1011,27,209,60,210,212,208,213],"class_list":{"0":"post-457038","1":"post","2":"type-post","3":"status-publish","4":"format-standard","5":"has-post-thumbnail","7":"category-cyclisme","8":"tag-cycling","9":"tag-cyclisme","10":"tag-ffc","11":"tag-fr","12":"tag-france","13":"tag-route","14":"tag-sports","15":"tag-tour-de-france","16":"tag-uci","17":"tag-velo","18":"tag-world-tour"},"share_on_mastodon":{"url":"https:\/\/pubeurope.com\/@fr\/115360349874076669","error":""},"_links":{"self":[{"href":"https:\/\/www.europesays.com\/fr\/wp-json\/wp\/v2\/posts\/457038","targetHints":{"allow":["GET"]}}],"collection":[{"href":"https:\/\/www.europesays.com\/fr\/wp-json\/wp\/v2\/posts"}],"about":[{"href":"https:\/\/www.europesays.com\/fr\/wp-json\/wp\/v2\/types\/post"}],"author":[{"embeddable":true,"href":"https:\/\/www.europesays.com\/fr\/wp-json\/wp\/v2\/users\/2"}],"replies":[{"embeddable":true,"href":"https:\/\/www.europesays.com\/fr\/wp-json\/wp\/v2\/comments?post=457038"}],"version-history":[{"count":0,"href":"https:\/\/www.europesays.com\/fr\/wp-json\/wp\/v2\/posts\/457038\/revisions"}],"wp:featuredmedia":[{"embeddable":true,"href":"https:\/\/www.europesays.com\/fr\/wp-json\/wp\/v2\/media\/457039"}],"wp:attachment":[{"href":"https:\/\/www.europesays.com\/fr\/wp-json\/wp\/v2\/media?parent=457038"}],"wp:term":[{"taxonomy":"category","embeddable":true,"href":"https:\/\/www.europesays.com\/fr\/wp-json\/wp\/v2\/categories?post=457038"},{"taxonomy":"post_tag","embeddable":true,"href":"https:\/\/www.europesays.com\/fr\/wp-json\/wp\/v2\/tags?post=457038"}],"curies":[{"name":"wp","href":"https:\/\/api.w.org\/{rel}","templated":true}]}}