{"id":457040,"date":"2025-10-12T08:53:15","date_gmt":"2025-10-12T08:53:15","guid":{"rendered":"https:\/\/www.europesays.com\/fr\/457040\/"},"modified":"2025-10-12T08:53:15","modified_gmt":"2025-10-12T08:53:15","slug":"mahmoud-jaber-blesse-avec-israel-linquietude-grandit-deja","status":"publish","type":"post","link":"https:\/\/www.europesays.com\/fr\/457040\/","title":{"rendered":"Mahmoud Jaber bless\u00e9 avec Israel, l&rsquo;inqui\u00e9tude grandit d\u00e9j\u00e0 !"},"content":{"rendered":"<p><strong>Le milieu de terrain de l\u2019AS Saint-\u00c9tienne, Mahmoud Jaber, a d\u00e9clar\u00e9 forfait avec la s\u00e9lection isra\u00e9lienne, victime d\u2019une nouvelle blessure qui pourrait le priver du prochain match des Verts.<\/strong><\/p>\n<p data-start=\"477\" data-end=\"689\">Mauvaise nouvelle pour <strong data-start=\"500\" data-end=\"510\">l\u2019<a href=\"https:\/\/www.dailymercato.com\/club\/as-saint-etienne-20\" rel=\"nofollow noopener\" target=\"_blank\">ASSE<\/a><\/strong> et pour <strong data-start=\"519\" data-end=\"538\">Eirik Horneland<\/strong> : <strong data-start=\"541\" data-end=\"558\">Mahmoud Jaber<\/strong> est bless\u00e9. Le num\u00e9ro 5 des Verts a d\u00fb renoncer \u00e0 participer \u00e0 la rencontre entre la <strong data-start=\"644\" data-end=\"671\">Norv\u00e8ge et Isra\u00ebl (5-0)<\/strong>, disput\u00e9e hier.<\/p>\n<p>Une blessure confirm\u00e9e apr\u00e8s une IRM<\/p>\n<p data-start=\"733\" data-end=\"1027\">Selon le m\u00e9dia isra\u00e9lien <strong data-start=\"758\" data-end=\"768\">Maariv<\/strong>, le milieu de terrain est <strong data-start=\"795\" data-end=\"825\">arriv\u00e9 bless\u00e9 en s\u00e9lection<\/strong> et a \u00e9t\u00e9 <strong data-start=\"835\" data-end=\"871\">lib\u00e9r\u00e9 apr\u00e8s avoir pass\u00e9 une IRM<\/strong> en milieu de semaine. Jaber manquera donc le match face \u00e0 <strong data-start=\"930\" data-end=\"942\">l\u2019Italie<\/strong> mardi et reste <strong data-start=\"958\" data-end=\"997\">incertain pour la r\u00e9ception du Mans<\/strong> samedi prochain en Ligue 2.<\/p>\n<p>Une rechute inqui\u00e9tante<\/p>\n<p data-start=\"1058\" data-end=\"1333\">Ce n\u2019est pas la premi\u00e8re alerte pour l\u2019ancien joueur du <strong data-start=\"1114\" data-end=\"1131\">Maccabi Ha\u00effa<\/strong>. Le mois dernier, il avait d\u00e9j\u00e0 d\u00fb <strong data-start=\"1167\" data-end=\"1203\">quitter la pelouse \u00e0 la mi-temps<\/strong> face \u00e0 <strong data-start=\"1211\" data-end=\"1229\">Grenoble (1-1)<\/strong> apr\u00e8s un tacle appuy\u00e9 sur le pied, ce qui l\u2019avait priv\u00e9 du rassemblement pr\u00e9c\u00e9dent avec sa s\u00e9lection.<\/p>\n<p data-start=\"1058\" data-end=\"1333\"><strong>\u00c0 lire aussi &#8211;\u00a0<a href=\"https:\/\/www.dailymercato.com\/news\/mercato-asse-eirik-horneland-veut-le-joueur-le-plus-decisif-de-ligue-2\" rel=\"nofollow noopener\" target=\"_blank\">Mercato ASSE : Eirik Horneland veut le joueur le plus d\u00e9cisif de Ligue 2<\/a><\/strong><\/p>\n<p>Grand fan de Peter Sagan, je vis au rythme des \u00e9v\u00e9nements sportifs. Dipl\u00f4m\u00e9 d&rsquo;une licence de science politique, je suis revenu \u00e0 ma premi\u00e8re passion en prenant la t\u00eate de la r\u00e9daction de We Sport en juillet 2022, puis plus r\u00e9cemment celle de DailyMercato. Derni\u00e8rement, j&rsquo;ai d\u00e9cid\u00e9 de quitter la grisaille du Pas-de-Calais pour le soleil de l&rsquo;Andalousie.<\/p>\n<p>                            <img decoding=\"async\" class=\"shadow-lg rounded-xl\" width=\"120\" src=\"https:\/\/www.europesays.com\/fr\/wp-content\/uploads\/2025\/05\/nicolas-depres.jpeg\" itemprop=\"image\" alt=\"Photo de Nicolas Depres\"\/><\/p>\n","protected":false},"excerpt":{"rendered":"Le milieu de terrain de l\u2019AS Saint-\u00c9tienne, Mahmoud Jaber, a d\u00e9clar\u00e9 forfait avec la s\u00e9lection isra\u00e9lienne, victime d\u2019une&hellip;\n","protected":false},"author":2,"featured_media":457041,"comment_status":"","ping_status":"","sticky":false,"template":"","format":"standard","meta":{"footnotes":""},"categories":[1410],"tags":[63,1011,27,60],"class_list":{"0":"post-457040","1":"post","2":"type-post","3":"status-publish","4":"format-standard","5":"has-post-thumbnail","7":"category-football","8":"tag-football","9":"tag-fr","10":"tag-france","11":"tag-sports"},"share_on_mastodon":{"url":"https:\/\/pubeurope.com\/@fr\/115360354431760590","error":""},"_links":{"self":[{"href":"https:\/\/www.europesays.com\/fr\/wp-json\/wp\/v2\/posts\/457040","targetHints":{"allow":["GET"]}}],"collection":[{"href":"https:\/\/www.europesays.com\/fr\/wp-json\/wp\/v2\/posts"}],"about":[{"href":"https:\/\/www.europesays.com\/fr\/wp-json\/wp\/v2\/types\/post"}],"author":[{"embeddable":true,"href":"https:\/\/www.europesays.com\/fr\/wp-json\/wp\/v2\/users\/2"}],"replies":[{"embeddable":true,"href":"https:\/\/www.europesays.com\/fr\/wp-json\/wp\/v2\/comments?post=457040"}],"version-history":[{"count":0,"href":"https:\/\/www.europesays.com\/fr\/wp-json\/wp\/v2\/posts\/457040\/revisions"}],"wp:featuredmedia":[{"embeddable":true,"href":"https:\/\/www.europesays.com\/fr\/wp-json\/wp\/v2\/media\/457041"}],"wp:attachment":[{"href":"https:\/\/www.europesays.com\/fr\/wp-json\/wp\/v2\/media?parent=457040"}],"wp:term":[{"taxonomy":"category","embeddable":true,"href":"https:\/\/www.europesays.com\/fr\/wp-json\/wp\/v2\/categories?post=457040"},{"taxonomy":"post_tag","embeddable":true,"href":"https:\/\/www.europesays.com\/fr\/wp-json\/wp\/v2\/tags?post=457040"}],"curies":[{"name":"wp","href":"https:\/\/api.w.org\/{rel}","templated":true}]}}