{"id":457042,"date":"2025-10-12T08:54:10","date_gmt":"2025-10-12T08:54:10","guid":{"rendered":"https:\/\/www.europesays.com\/fr\/457042\/"},"modified":"2025-10-12T08:54:10","modified_gmt":"2025-10-12T08:54:10","slug":"on-en-parle-souvent-mais-kendji-girac-explique-pourquoi-il-na-toujours-pas-epouse-sa-compagne-soraya-mere-de-ses-enfants-eva-et-darel","status":"publish","type":"post","link":"https:\/\/www.europesays.com\/fr\/457042\/","title":{"rendered":"\u201cOn en parle souvent mais&#8230;\u201d : Kendji Girac explique pourquoi il n\u2019a toujours pas \u00e9pous\u00e9 sa compagne Soraya, m\u00e8re de ses enfants Eva et Darel"},"content":{"rendered":"<p>La suite apr\u00e8s la publicit\u00e9<\/p>\n<p>\u00ab\u00a0Pour la premi\u00e8re fois, Kendji raconte sa vie, la vraie, loin des cam\u00e9ras\u00a0\u00bb. Voici l&rsquo;une des phrases que l&rsquo;on peut lire sur la quatri\u00e8me de couverture du livre de Kendji Girac, Mi vida, sorti le 1er octobre dernier aux \u00e9ditions Flammarion. Quelques lignes r\u00e9sument \u00e9galement le parcours hors norme du chanteur aujourd&rsquo;hui \u00e2g\u00e9 de 29 ans : \u00ab\u00a0Kendji Maill\u00e9, dit Girac, est un chanteur et guitariste fran\u00e7ais, n\u00e9 le 3 juillet 1996 \u00e0 P\u00e9rigueux en Dordogne. Depuis son premier succ\u00e8s avec Color Gitano, il a cumul\u00e9 les records de ventes, les tourn\u00e9es, et \u00e9coul\u00e9 plus de 6,5 millions d&rsquo;albums.\u00a0\u00bb<\/p>\n<p>Cette incroyable success story a entra\u00een\u00e9 son lot de bonheurs mais aussi de malheurs : en avril 2024, <a href=\"https:\/\/www.purepeople.com\/article\/kendji-girac-blesse-par-balle-son-pronostic-vital-serait-engage_a522262\/1\" rel=\"nofollow noopener\" target=\"_blank\">Kendji Girac a bien failli perdre la vie<\/a>, se tirant une balle dans la poitrine sur une aire de Biscarosse accueillant les gens du voyage, lors d&rsquo;une dispute avec sa compagne Soraya Miranda en pr\u00e9sence de <a href=\"https:\/\/www.purepeople.com\/article\/kendji-girac-cette-chanson-symbolique-qu-il-chante-a-sa-fille-eva-avant-de-dormir_a513642\/1\" rel=\"nofollow noopener\" target=\"_blank\">leur fille Eva<\/a> alors qu&rsquo;il \u00e9tait alcoolis\u00e9. Pass\u00e9 tout pr\u00e8s du drame, le chanteur a eu une deuxi\u00e8me chance qu&rsquo;il ne veut aujourd&rsquo;hui pas g\u00e2cher.\u00a0<\/p>\n<p>Malgr\u00e9 cet \u00e9pisode traumatisant, Soraya a toujours soutenu son c\u00e9l\u00e8bre compagnon. Dans son livre, Kendji dit tout de leur histoire d&rsquo;amour. Leur rencontre en Suisse il y a plus de dix ans en octobre 2014, comment sa famille a eu du mal \u00e0 l&rsquo;accueillir parce qu&rsquo;elle n&rsquo;est pas issue de la communaut\u00e9 gitane, les hauts et les bas qu&rsquo;ils ont travers\u00e9s, la naissance de leurs deux enfants, Eva (4 ans et demi) et <a href=\"https:\/\/www.purepeople.com\/article\/kendji-papa-dun-petit-garcon-dont-on-connait-enfin-le-joli-prenom-la-naissance-de-mon-fils-a-des-airs-de-miracle_a543121\/1\" rel=\"nofollow noopener\" target=\"_blank\">Darel (5 mois)<\/a>.<\/p>\n<p>Kendji Girac et sa compagne Soraya ne veulent pas la m\u00eame f\u00eate pour leur mariage<\/p>\n<p>Alors que cela fait maintenant onze ans que Kendji Girac est en couple avec Soraya, pourquoi n&rsquo;a-t-il toujours pas franchi le cap du mariage avec la m\u00e8re de ses enfants ? La r\u00e9ponse, le chanteur la donne dans son livre&#8230; Heureux aupr\u00e8s de sa compagne, Kendji Girac n&rsquo;a jamais voulu officialiser leur histoire d&rsquo;amour. \u00ab\u00a0Le fait qu&rsquo;on ait notre merveilleuse fille ensemble, quelques ann\u00e9es plus tard, \u00e7a a suffi \u00e0 dire qu&rsquo;elle \u00e9tait ma femme et qu&rsquo;elle ne quitterait plus ma vie, ni moi la sienne\u00a0\u00bb, \u00e9crit le chanteur, heureux que Soraya soit aujourd&rsquo;hui \u00ab\u00a0ador\u00e9e\u00a0\u00bb par sa famille. \u00ab\u00a0Elle y a toute sa place. Elle est mon amour, ma meilleure amie, ma soeur, ma complice. Elle est par dessus tout, la m\u00e8re des mes deux enfants\u00a0\u00bb, poursuit-il.\u00a0<\/p>\n<p>\u00ab\u00a0<strong>Pourtant, on n&rsquo;a pas franchi le cap du mariage. On s&rsquo;en parle souvent, mais on ne projette pas la m\u00eame f\u00eate&#8230; Soraya h\u00e9site parce qu&rsquo;elle aimerait un mariage classique, plut\u00f4t sobre et conventionnel; elle n&rsquo;est pas emball\u00e9e par l&rsquo;id\u00e9e d&rsquo;une c\u00e9r\u00e9monie sauce gitane. Il faudrait trouver un moyen de m\u00ealer ses attentes aux coutumes de chez moi qui sont parfois plus exub\u00e9rantes !<\/strong>\u00ab\u00a0, explique Kendji Girac qui souhaite garder ses valeurs gitanes tout autant qu&rsquo;il avoue avoir changer beaucoup de choses pour Soraya.\u00a0<\/p>\n<p>Un jour, peut-\u00eatre, les amoureux tomberont d&rsquo;accord&#8230;\u00a0<\/p>\n","protected":false},"excerpt":{"rendered":"La suite apr\u00e8s la publicit\u00e9 \u00ab\u00a0Pour la premi\u00e8re fois, Kendji raconte sa vie, la vraie, loin des cam\u00e9ras\u00a0\u00bb.&hellip;\n","protected":false},"author":2,"featured_media":457043,"comment_status":"","ping_status":"","sticky":false,"template":"","format":"standard","meta":{"footnotes":""},"categories":[1359],"tags":[58,59,1011,27,973],"class_list":{"0":"post-457042","1":"post","2":"type-post","3":"status-publish","4":"format-standard","5":"has-post-thumbnail","7":"category-people","8":"tag-divertissement","9":"tag-entertainment","10":"tag-fr","11":"tag-france","12":"tag-people"},"share_on_mastodon":{"url":"https:\/\/pubeurope.com\/@fr\/115360358060458913","error":""},"_links":{"self":[{"href":"https:\/\/www.europesays.com\/fr\/wp-json\/wp\/v2\/posts\/457042","targetHints":{"allow":["GET"]}}],"collection":[{"href":"https:\/\/www.europesays.com\/fr\/wp-json\/wp\/v2\/posts"}],"about":[{"href":"https:\/\/www.europesays.com\/fr\/wp-json\/wp\/v2\/types\/post"}],"author":[{"embeddable":true,"href":"https:\/\/www.europesays.com\/fr\/wp-json\/wp\/v2\/users\/2"}],"replies":[{"embeddable":true,"href":"https:\/\/www.europesays.com\/fr\/wp-json\/wp\/v2\/comments?post=457042"}],"version-history":[{"count":0,"href":"https:\/\/www.europesays.com\/fr\/wp-json\/wp\/v2\/posts\/457042\/revisions"}],"wp:featuredmedia":[{"embeddable":true,"href":"https:\/\/www.europesays.com\/fr\/wp-json\/wp\/v2\/media\/457043"}],"wp:attachment":[{"href":"https:\/\/www.europesays.com\/fr\/wp-json\/wp\/v2\/media?parent=457042"}],"wp:term":[{"taxonomy":"category","embeddable":true,"href":"https:\/\/www.europesays.com\/fr\/wp-json\/wp\/v2\/categories?post=457042"},{"taxonomy":"post_tag","embeddable":true,"href":"https:\/\/www.europesays.com\/fr\/wp-json\/wp\/v2\/tags?post=457042"}],"curies":[{"name":"wp","href":"https:\/\/api.w.org\/{rel}","templated":true}]}}