{"id":457046,"date":"2025-10-12T08:56:18","date_gmt":"2025-10-12T08:56:18","guid":{"rendered":"https:\/\/www.europesays.com\/fr\/457046\/"},"modified":"2025-10-12T08:56:18","modified_gmt":"2025-10-12T08:56:18","slug":"rentree-litteraire-un-grand-tierce-automnal-un-gigantesque-ball-trap-selon-leditrice-marion-mazauric","status":"publish","type":"post","link":"https:\/\/www.europesays.com\/fr\/457046\/","title":{"rendered":"Rentr\u00e9e litt\u00e9raire\u00a0: \u00ab\u00a0Un grand tierc\u00e9 automnal, un gigantesque ball-trap\u00a0\u00bb, selon l\u2019\u00e9ditrice Marion Mazauric"},"content":{"rendered":"<p>\n                                                                La rentr\u00e9e litt\u00e9raire, avant les prix d\u00e9cern\u00e9s \u00e0 l\u2019automne, a tendance a effacer les propositions des plus petites maisons d\u2019\u00e9ditions ind\u00e9pendantes. La diversit\u00e9 est pourtant bien pr\u00e9sente en France. Une tribune de l\u2019\u00e9ditrice et directrice des \u00e9ditions Au diable vauvert, Marion Mazauric.\n                            <\/p>\n<p>Le monde peut s\u2019enfoncer dans le chaos, la guerre et le massacre peuvent faire rage et la soci\u00e9t\u00e9 fran\u00e7aise voir s\u2019exacerber la protestation sociale, la rentr\u00e9e litt\u00e9raire bat son plein. Ph\u00e9nom\u00e8ne culturel franco-fran\u00e7ais, pendant trois mois, des derniers jours d\u2019ao\u00fbt aux annonces des Grands Prix en novembre, elle fait l\u2019actu, sur table en librairie, recens\u00e9e dans tous les media, grand public et sp\u00e9cialis\u00e9s, sur les r\u00e9seaux sociaux\u2026<\/p>\n<p>        <img decoding=\"async\" class=\"std-img__img responsive-img\" src=\"https:\/\/www.europesays.com\/fr\/wp-content\/uploads\/2025\/10\/1760259376_549_image.jpg\" alt=\"Marion Mazauric est la fondatrice de la maison d\u2019\u00e9dition ind\u00e9pendante Le Diable Vauvert, bas\u00e9e \u00e0 Vauvert dans le Gard.\"\/><\/p>\n<p>                Marion Mazauric est la fondatrice de la maison d\u2019\u00e9dition ind\u00e9pendante Le Diable Vauvert, bas\u00e9e \u00e0 Vauvert dans le Gard.<br \/>\n                                    Midi Libre &#8211; SYLVIE CAMBON<\/p>\n<p>Difficile d\u2019y \u00e9chapper, toutes les r\u00e9dactions se livrent au jeu des s\u00e9lections avec leur choix des dix-quinze-vingt \u201cmeilleurs livres\u201d. Comme dans un grand tierc\u00e9 automnal \u00e0 suivre, un gigantesque ball-trap \u00e0 l\u2019issue duquel il ne doit en rester que sept, entendez les laur\u00e9ats des grands prix d\u2019automne.<\/p>\n<p>Depuis le printemps pr\u00e9c\u00e9dent, \u00e9diteurs, libraires, auteurs, critiques, se pr\u00e9parent, on envoie les \u00e9preuves des livres de septembre d\u00e8s avril pour qu\u2019ils soient lus, si possible, et le plus t\u00f4t possible. Objectif\u00a0: parmi les 480 romans qui sortent en ao\u00fbt-septembre, faire partie de la trentaine grand maximum qui \u00e9mergeront et remporteront le jackpot. Mais impossible pour un libraire, critique, jur\u00e9, de lire mieux qu\u2019une cinquantaine de livre en quatre mois. Or les enjeux commerciaux sont consid\u00e9rables, un Goncourt peut d\u00e9passer les 300\/400.000 exemplaires. Le march\u00e9 se concentrera donc sur les quelques titres qui, d\u00e8s les premi\u00e8res s\u00e9lections des prix, ramasseront la mise, en tout cas les heures de passages media, les tables centrales des libraires,\u00a0etc.<\/p>\n<blockquote>\n<p>La litt\u00e9rature est aussi un formidable observatoire de la soci\u00e9t\u00e9.<\/p>\n<\/blockquote>\n<p>Dans un m\u00e9tier toujours risqu\u00e9, les groupes et grandes maisons ont absolument besoin de ces\u00a0prix, hors de question de les laisser au hasard. Et dans une \u00e9dition aujourd\u2019hui domin\u00e9e par trois groupes qui repr\u00e9sentent les trois quarts du chiffre d\u2019affaires total, c\u2019est une guerre d\u2019influence o\u00f9 la donne se resserre d\u2019ann\u00e9e en ann\u00e9e sur quelques grandes maisons.\u00a0Mais, en plus de sa dimension universelle et du plaisir qu\u2019elle procure, des mots et images qu\u2019elle nous offre, des liens qu\u2019elle cr\u00e9\u00e9e, la litt\u00e9rature est aussi un formidable observatoire de la soci\u00e9t\u00e9.<\/p>\n<p>        <img decoding=\"async\" class=\"std-img__img responsive-img\" src=\"https:\/\/www.europesays.com\/fr\/wp-content\/uploads\/2025\/10\/1760259378_828_image.jpg\" alt=\"Le monde de l\u2019\u00e9dition est aujourd\u2019hui constitu\u00e9 de trois grosses maisons qui trustent les trois quarts du chiffre d\u2019affaires.\"\/><\/p>\n<p>                Le monde de l\u2019\u00e9dition est aujourd\u2019hui constitu\u00e9 de trois grosses maisons qui trustent les trois quarts du chiffre d\u2019affaires.<br \/>\n                                    Midi Libre &#8211; JEAN-MICHEL MART<\/p>\n<p>C\u2019est ainsi que cette rentr\u00e9e manifeste d\u2019abord une composition sociale de plus en plus bourgeoise des \u00e9crivains, critiques et catalogues les plus en vue, o\u00f9 les questions d\u2019intimit\u00e9 et d\u2019h\u00e9ritage, moral, politique, symbolique, sont premi\u00e8res. Cette ann\u00e9e voit encore cro\u00eetre le nombre de romans o\u00f9 l\u2019auteur.ice interroge ses origines et ce qui a fait de Lui (Elle) ce qu\u2019Il (ou Elle) est\u00a0?<\/p>\n<p><strong><a href=\"https:\/\/www.midilibre.fr\/actu\/societe\/lignes-ouvertes\/\" target=\"_self\" rel=\"nofollow noopener\">Retrouvez toutes nos lignes ouvertes par ici<\/a><\/strong><\/p>\n<p>Mais on y trouve aussi bien d\u2019autres dimensions, d\u2019autres \u00e9chos du monde, d\u2019autres histoires et d\u2019autres univers. Car la diversit\u00e9 fran\u00e7aise en mati\u00e8re d\u2019\u00e9dition et de litt\u00e9rature \u2013 permise par une librairie ind\u00e9pendante diverse, curieuse, passionn\u00e9e et courageuse \u2013, est tout simplement magnifique et \u00e0 l\u2019image de notre diversit\u00e9 sociale, d\u2019origines et d\u2019influences, \u00e0 l\u2019image r\u00e9elle de la France.<\/p>\n<blockquote>\n<p>Aller du c\u00f4t\u00e9 des \u00e9diteurs ind\u00e9pendants, de ceux qui se jouent leur vie dans chacun de leur choix\u2026<\/p>\n<\/blockquote>\n<p>Alors, comme en politique, sans doute faut-il aller voir ailleurs qu\u2019\u00e0 la t\u00e9l\u00e9 et dans les grands m\u00e9dias parisiens inf\u00e9od\u00e9s aux groupes, pour s\u2019en faire une image r\u00e9elle. Aller du c\u00f4t\u00e9 des \u00e9diteurs ind\u00e9pendants, du c\u00f4t\u00e9 de ceux qui jouent leur vie dans chacun de leur choix et \u00e0 chaque livre qu\u2019ils publient, pour trouver de l\u2019audace, de la surprise, des voix nouvelles et n\u00e9cessaires, des histoires qui aident \u00e0 comprendre notre grande histoire. C\u2019est de ce point de vue que la rentr\u00e9e litt\u00e9raire est la plus int\u00e9ressante. M\u00eame si la critique ne l\u2019aborde gu\u00e8re sous cet angle, pour pr\u00e9f\u00e9rer servilement jouer au jeu des petits chevaux et accorder des bons points aux \u201c15 meilleurs selon Nous\u201d.<\/p>\n<p>    \u00ab\u00a0Lignes ouvertes\u00a0\u00bb, c\u2019est quoi\u00a0?<\/p>\n<p>Avec la page \u00ab\u00a0Lignes ouvertes\u00a0\u00bb, Midi Libre\u00a0souhaite que vous puissiez vous, acteurs du territoire, prendre la parole dans votre quotidien pour exprimer \u00e0 travers des tribunes, des analyses ou des prises de position, votre point de vue sur les sujets qui traversent l\u2019actualit\u00e9 du pays et de notre r\u00e9gion.<br \/>Nous avons assez de m\u00e9dias et d\u2019experts \u00e0 Paris pour nous apporter leurs \u00e9clairages, nous avons aussi besoin que les id\u00e9es partag\u00e9es par les acteurs locaux, qu\u2019ils soient chercheurs, universitaires, m\u00e9decins, entrepreneurs, issus du milieu associatif, sportif ou caritatif, puissent avoir un moyen d\u2019expression dans\u00a0Midi Libre. Ces lignes vous sont grandes ouvertes\u00a0! Au plaisir de vous lire.<\/p>\n<p>Cela pendant que les Fran\u00e7ais continuent par centaines de milliers de pl\u00e9bisciter en t\u00eate des ventes de septembre La Femme de m\u00e9nage, un polar populaire f\u00e9minin devenu par surprise best-seller mondial, peut-\u00eatre parce qu\u2019il montre comment se venger des riches\u00a0? A l\u2019image de la soci\u00e9t\u00e9, on disait\u00a0!<\/p>\n<p>Pour nous \u00e9crire\u00a0: <a href=\"http:\/\/lignesouvertes@midilibre.com\" target=\"_self\" rel=\"nofollow noopener\">lignesouvertes@midilibre.com<\/a><\/p>\n<p>\u00a0<\/p>\n","protected":false},"excerpt":{"rendered":"La rentr\u00e9e litt\u00e9raire, avant les prix d\u00e9cern\u00e9s \u00e0 l\u2019automne, a tendance a effacer les propositions des plus petites&hellip;\n","protected":false},"author":2,"featured_media":457047,"comment_status":"","ping_status":"","sticky":false,"template":"","format":"standard","meta":{"footnotes":""},"categories":[1357],"tags":[1379,58,59,1011,27,1380],"class_list":{"0":"post-457046","1":"post","2":"type-post","3":"status-publish","4":"format-standard","5":"has-post-thumbnail","7":"category-livres","8":"tag-books","9":"tag-divertissement","10":"tag-entertainment","11":"tag-fr","12":"tag-france","13":"tag-livres"},"share_on_mastodon":{"url":"https:\/\/pubeurope.com\/@fr\/115360366017090546","error":""},"_links":{"self":[{"href":"https:\/\/www.europesays.com\/fr\/wp-json\/wp\/v2\/posts\/457046","targetHints":{"allow":["GET"]}}],"collection":[{"href":"https:\/\/www.europesays.com\/fr\/wp-json\/wp\/v2\/posts"}],"about":[{"href":"https:\/\/www.europesays.com\/fr\/wp-json\/wp\/v2\/types\/post"}],"author":[{"embeddable":true,"href":"https:\/\/www.europesays.com\/fr\/wp-json\/wp\/v2\/users\/2"}],"replies":[{"embeddable":true,"href":"https:\/\/www.europesays.com\/fr\/wp-json\/wp\/v2\/comments?post=457046"}],"version-history":[{"count":0,"href":"https:\/\/www.europesays.com\/fr\/wp-json\/wp\/v2\/posts\/457046\/revisions"}],"wp:featuredmedia":[{"embeddable":true,"href":"https:\/\/www.europesays.com\/fr\/wp-json\/wp\/v2\/media\/457047"}],"wp:attachment":[{"href":"https:\/\/www.europesays.com\/fr\/wp-json\/wp\/v2\/media?parent=457046"}],"wp:term":[{"taxonomy":"category","embeddable":true,"href":"https:\/\/www.europesays.com\/fr\/wp-json\/wp\/v2\/categories?post=457046"},{"taxonomy":"post_tag","embeddable":true,"href":"https:\/\/www.europesays.com\/fr\/wp-json\/wp\/v2\/tags?post=457046"}],"curies":[{"name":"wp","href":"https:\/\/api.w.org\/{rel}","templated":true}]}}