{"id":457050,"date":"2025-10-12T08:58:10","date_gmt":"2025-10-12T08:58:10","guid":{"rendered":"https:\/\/www.europesays.com\/fr\/457050\/"},"modified":"2025-10-12T08:58:10","modified_gmt":"2025-10-12T08:58:10","slug":"k-pop-demon-hunters-5-choses-a-savoir-sur-le-film-danimation-phenomene","status":"publish","type":"post","link":"https:\/\/www.europesays.com\/fr\/457050\/","title":{"rendered":"K-Pop Demon Hunters\u00a0: 5 choses \u00e0 savoir sur le film d\u2019animation ph\u00e9nom\u00e8ne"},"content":{"rendered":"<p>\n                                                                    l&rsquo;essentiel<br \/>\n                                                                Le film d\u2019animation \u00ab\u00a0K-Pop Demon Hunters\u00a0\u00bb, sorti cet \u00e9t\u00e9 sur Netflix est un raz-de-mar\u00e9e et la bande musicale conna\u00eet aussi un formidable succ\u00e8s. Comment l\u2019expliquer\u00a0?\n                            <\/p>\n<p>Difficile de passer \u00e0 c\u00f4t\u00e9 du ph\u00e9nom\u00e8ne si vous \u00eates parents de jeunes filles ou d\u2019adolescentes. Le film d\u2019animation \u00ab\u00a0K-Pop Demon Hunters\u00a0\u00bb, <a href=\"https:\/\/www.netflix.com\/fr\/title\/81498621\" target=\"_blank\" rel=\"nofollow noopener\">sorti fin juin sur Netflix<\/a>, conna\u00eet un succ\u00e8s impressionnant dans le monde entier. \u00ab\u00a0On ne pensait m\u00eame pas qu\u2019un tel succ\u00e8s \u00e9tait possible\u00a0\u00bb, ont confi\u00e9 les r\u00e9alisateurs Maggie Kang et Chris Appelhans de passage \u00e0 Paris cette semaine. Le film contient tous les ingr\u00e9dients pour bien marcher.<\/p>\n<p>Un groupe f\u00e9minin qui chasse les d\u00e9mons<\/p>\n<p>\u00ab\u00a0K-Pop Demon Hunters\u00a0\u00bb (les chasseurs de d\u00e9mons k-pop) est l\u2019histoire d\u2019un groupe musical f\u00e9minin, Huntrix, compos\u00e9 des chanteuses Rumi, Zoey et Mira, qui a le pouvoir de tenir \u00e9loign\u00e9s\u00a0gr\u00e2ce \u00e0 leurs voix les d\u00e9mons qui hantent le monde. Elles vont devoir affronter\u00a0une bande de d\u00e9mons d\u00e9guis\u00e9s en boys band de K-pop, les Saja Boys. Le film contient de nombreuses r\u00e9f\u00e9rences au folklore de Cor\u00e9e du Sud \u2013 les d\u00e9mons, la mythologie, le chamanisme en font partie \u2013 la bande-son a toute son importance et l\u2019humour est bien pr\u00e9sent.<\/p>\n<p>325\u00a0millions de visionnages<\/p>\n<p>Les 90 premiers jours de sa sortie, \u00ab\u00a0K-Pop Demon Hunters\u00a0\u00bb est le film le plus visionn\u00e9 de Netflix. Il cumule plus de 325\u00a0millions de visionnages dans le monde. Et c\u2019est loin d\u2019\u00eatre fini.<\/p>\n<p>Des r\u00e9alisateurs venus de Dreamworks<\/p>\n<p>Le sc\u00e9nario a germ\u00e9 en 2018 dans la t\u00eate de Maggie Kang, une Sud-Cor\u00e9enne arriv\u00e9e au Canada \u00e0 l\u2019\u00e2ge de 5 ans. \u00ab\u00a0Je voulais r\u00e9aliser un film qui c\u00e9l\u00e8bre notre culture et la met en valeur\u00a0\u00bb, explique la cor\u00e9alisatrice au journal canadien <a href=\"https:\/\/www.lapresse.ca\/cinema\/2025-10-06\/maggie-kang\/la-canadienne-derriere-le-phenomene-kpop-demon-hunters.php\" target=\"_blank\" rel=\"nofollow noopener\">La Presse<\/a>. Elle a travaill\u00e9 chez DreamWorks (\u00ab\u00a0Schrek\u00a0\u00bb, \u00ab\u00a0Kung-Fu Panda\u00a0\u00bb, \u00ab\u00a0Les Bad Guys\u00a0\u00bb\u2026) puis sur le film \u00ab\u00a0Lego Ninjago, le film\u00a0\u00bb. Puis Chris Appelhans arrive sur le projet. Lui aussi vient de DreamWorks. Son \u00e9pouse est cor\u00e9enne et il conna\u00eet bien cet univers. Le film d\u2019animation est une production Sony Pictures.<\/p>\n<p>Une figure de la K-Pop<\/p>\n<p>Apparue dans les ann\u00e9es 90, la K-Pop (la musique pop de Cor\u00e9e du Sud) est un succ\u00e8s dans le monde entier et s\u2019impose comme un ph\u00e9nom\u00e8ne culturel gr\u00e2ce \u00e0 des groupes comme BTS, BlackPink, Seventeen, Twice ou Stray Kids. Les r\u00e9alisateurs font appel \u00e0 l\u2019une des figures embl\u00e9matiques de la K-pop Teddy Park pour la bande-son. \u00ab\u00a0Les sc\u00e8nes de bagarre sur le rythme de la musique, \u00e7a donne d\u00e9j\u00e0 de chouettes s\u00e9quences\u00a0\u00bb, reconna\u00eet la r\u00e9alisatrice Maggie Kang.<\/p>\n<p>Une bande-son qui cartonne<\/p>\n<p>La bande-son de \u00ab\u00a0K-Pop Demon Hunters\u00a0\u00bb, intitul\u00e9 \u00ab\u00a0Golden\u00a0\u00bb, est toujours en t\u00eate du Billboard 100, le classement hebdomadaire des 100 chansons les plus \u00e9cout\u00e9es aux \u00c9tats-Unis. En France, \u00e0 la radio, difficile de passer \u00e0 c\u00f4t\u00e9 des voix haut perch\u00e9es du morceau. Le DJ star fran\u00e7ais David Guetta en a fait un remix qui cartonne.\u00a05 de\u00a010 chansons de la bande originale figurent dans le top des morceaux plus \u00e9cout\u00e9s au monde sur Spotify.<\/p>\n","protected":false},"excerpt":{"rendered":"l&rsquo;essentiel Le film d\u2019animation \u00ab\u00a0K-Pop Demon Hunters\u00a0\u00bb, sorti cet \u00e9t\u00e9 sur Netflix est un raz-de-mar\u00e9e et la bande&hellip;\n","protected":false},"author":2,"featured_media":457051,"comment_status":"","ping_status":"","sticky":false,"template":"","format":"standard","meta":{"footnotes":""},"categories":[1355],"tags":[58,59,1011,27,1361,873],"class_list":{"0":"post-457050","1":"post","2":"type-post","3":"status-publish","4":"format-standard","5":"has-post-thumbnail","7":"category-musique","8":"tag-divertissement","9":"tag-entertainment","10":"tag-fr","11":"tag-france","12":"tag-music","13":"tag-musique"},"share_on_mastodon":{"url":"https:\/\/pubeurope.com\/@fr\/115360373587134524","error":""},"_links":{"self":[{"href":"https:\/\/www.europesays.com\/fr\/wp-json\/wp\/v2\/posts\/457050","targetHints":{"allow":["GET"]}}],"collection":[{"href":"https:\/\/www.europesays.com\/fr\/wp-json\/wp\/v2\/posts"}],"about":[{"href":"https:\/\/www.europesays.com\/fr\/wp-json\/wp\/v2\/types\/post"}],"author":[{"embeddable":true,"href":"https:\/\/www.europesays.com\/fr\/wp-json\/wp\/v2\/users\/2"}],"replies":[{"embeddable":true,"href":"https:\/\/www.europesays.com\/fr\/wp-json\/wp\/v2\/comments?post=457050"}],"version-history":[{"count":0,"href":"https:\/\/www.europesays.com\/fr\/wp-json\/wp\/v2\/posts\/457050\/revisions"}],"wp:featuredmedia":[{"embeddable":true,"href":"https:\/\/www.europesays.com\/fr\/wp-json\/wp\/v2\/media\/457051"}],"wp:attachment":[{"href":"https:\/\/www.europesays.com\/fr\/wp-json\/wp\/v2\/media?parent=457050"}],"wp:term":[{"taxonomy":"category","embeddable":true,"href":"https:\/\/www.europesays.com\/fr\/wp-json\/wp\/v2\/categories?post=457050"},{"taxonomy":"post_tag","embeddable":true,"href":"https:\/\/www.europesays.com\/fr\/wp-json\/wp\/v2\/tags?post=457050"}],"curies":[{"name":"wp","href":"https:\/\/api.w.org\/{rel}","templated":true}]}}