{"id":457065,"date":"2025-10-12T09:05:13","date_gmt":"2025-10-12T09:05:13","guid":{"rendered":"https:\/\/www.europesays.com\/fr\/457065\/"},"modified":"2025-10-12T09:05:13","modified_gmt":"2025-10-12T09:05:13","slug":"les-cinq-films-cultes-de-lactrice-quil-faut-voir-au-moins-une-fois-dans-sa-vie","status":"publish","type":"post","link":"https:\/\/www.europesays.com\/fr\/457065\/","title":{"rendered":"les cinq films cultes de l&rsquo;actrice qu&rsquo;il faut voir au moins une fois dans sa vie"},"content":{"rendered":"<p>            Par<br \/>\n        <strong><br \/>\n            <a href=\"https:\/\/actu.fr\/auteur\/anne-laure-petit-henon\" title=\"Consulter tous les articles de Anne-Laure Petit-H\u00e9non\" target=\"_blank\" rel=\"noopener\">Anne-Laure Petit-H\u00e9non<\/a><br \/>\n        <\/strong><\/p>\n<p>        Publi\u00e9 le<\/p>\n<p>            12 oct. 2025 \u00e0 8h24        <\/p>\n<p>L\u2019actrice oscaris\u00e9e <a href=\"https:\/\/actu.fr\/monde\/le-parrain-annie-hall-baby-boom-l-actrice-americaine-oscarisee-diane-keaton-est-morte_63288109.html\" target=\"_blank\" rel=\"noopener\">Diane Keaton est d\u00e9c\u00e9d\u00e9e<\/a> en Californie \u00e0 l\u2019\u00e2ge de 79\u00a0ans, a annonc\u00e9 samedi un porte-parole de la famille au magazine <a href=\"https:\/\/people.com\/diane-keaton-dead-oscar-winning-actress-dies-at-79-exclusive-8603118\" target=\"_blank\" rel=\"noopener\">People<\/a>.<\/p>\n<p class=\" wall-content\">Aucune pr\u00e9cision n\u2019a \u00e9t\u00e9 apport\u00e9e dans l\u2019imm\u00e9diat sur les <strong>circonstances de sa mort<\/strong>, a fait savoir le magazine.<\/p>\n<p class=\" wall-content\">Du \u00ab\u00a0Parrain\u00a0\u00bb \u00e0 \u00ab\u00a0Annie Hall\u00a0\u00bb en passant par \u00ab\u00a0\u00c0 la recherche de Mister Goodbar\u00a0\u00bb, voici cinq films o\u00f9 retrouver Diane Keaton.<\/p>\n<p>Le Parrain (1972)<\/p>\n<p class=\" wall-content\">Ce n\u2019est pas son premier film, mais c\u2019est l\u2019\u0153uvre de <strong>Francis Ford Coppola<\/strong> qui r\u00e9v\u00e8le Diane Keaton au monde entier.<\/p>\n<p class=\" wall-content\">Elle joue Kay, la petite amie de Michael Corleone, incarn\u00e9 par Al Pacino.<\/p>\n<p class=\" wall-content\">\n<p class=\" wall-content\">Le film raconte les luttes de pouvoir au sein de la <strong>mafia<\/strong>\u00a0new-yorkaise, avec pour protagoniste la famille Corleone.<\/p>\n<p>Votre r\u00e9gion, votre actu !<\/p>\n<p>Recevez chaque jour les infos qui comptent pour vous.<\/p>\n<p>\t<a href=\"https:\/\/actu.fr\/newsletter\" class=\"ac-btn ac-btn--corner ac-btn--medium ac-btn--blue800\" target=\"_blank\" rel=\"noopener\">S&rsquo;incrire<\/a><br \/>\nAnnie Hall (1978)<\/p>\n<p class=\" wall-content\">La filmographie de l\u2019actrice est marqu\u00e9e par de nombreux succ\u00e8s de <strong>Woody Allen<\/strong>, dont elle est rest\u00e9e l\u2019amie apr\u00e8s avoir longtemps \u00e9t\u00e9 la compagne et l\u2019actrice f\u00e9tiche dans les ann\u00e9es 1970-1980.<\/p>\n<p class=\" wall-content\">Son r\u00f4le-titre dans la com\u00e9die \u00ab\u2009Annie Hall\u2009\u00bb la voit r\u00e9compens\u00e9e en 1978 de <strong>l\u2019Oscar de la meilleure actrice<\/strong>.\u00a0Un film qui, dira-t-elle, changera sa vie et affirmera son go\u00fbt pour les costumes masculins et les chapeaux.<\/p>\n<p class=\" wall-content\">\n<p>\u00c0 la recherche de Mister Goodbar (1977)<\/p>\n<p class=\" wall-content\">Si Diane Keaton est connue en tant qu\u2019actrice comique, son registre est bien plus vari\u00e9.<\/p>\n<p class=\" wall-content\">\n<p class=\" wall-content\">Dans \u00c0 la recherche de Mister Goodbar, elle interpr\u00e8te une enseignante pour sourds c\u00e9libataire et sage qui s\u2019aventure chaque nuit dans les quartiers chauds en qu\u00eate d\u2019exp\u00e9riences sexuelles d\u00e9brid\u00e9es et sans lendemain.<\/p>\n<p>Le p\u00e8re de la mari\u00e9e (1991)<\/p>\n<p class=\" wall-content\">Un scenario <strong>comique<\/strong> rien de plus simple\u2009: un p\u00e8re, George Banks, doit composer avec le fait que sa fille Annie Banks souhaite se marier. Dans tout \u00e7a, Diane Keaton interpr\u00e8te la m\u00e8re.<\/p>\n<p>Summer Camp (2024)<\/p>\n<p class=\" wall-content\">Il s\u2019agit de son <strong>dernier r\u00f4le \u00e0 l\u2019\u00e9cran<\/strong>, o\u00f9 Diane Keaton partage l\u2019affiche avec Kathy Bates et Alfre Woodard.<\/p>\n<p class=\" wall-content\">\n<p class=\" wall-content\">Dans cette com\u00e9die, trois amies d\u2019enfance arriv\u00e9es \u00e0 la maturit\u00e9 se retrouvent dans un camp de vacances.<\/p>\n<p class=\" wall-content\"><strong>Avec AFP.<\/strong><\/p>\n<p class=\" wall-content\">Personnalisez votre actualit\u00e9 en ajoutant vos villes et m\u00e9dias en favori avec <a href=\"https:\/\/moncompte.actu.fr\" title=\"D\u00e9couvez Mon Actu\" rel=\"nofollow noopener\" data-trk=\"{&quot;cta&quot;:{&quot;action&quot;:&quot;https:\\\/\\\/moncompte.actu.fr&quot;,&quot;category&quot;:&quot;mon compte&quot;,&quot;from&quot;:&quot;article footer&quot;,&quot;name&quot;:&quot;Mon actu&quot;,&quot;type&quot;:&quot;cta&quot;}}\" target=\"_blank\">Mon Actu<\/a>.<\/p>\n","protected":false},"excerpt":{"rendered":"Par Anne-Laure Petit-H\u00e9non Publi\u00e9 le 12 oct. 2025 \u00e0 8h24 L\u2019actrice oscaris\u00e9e Diane Keaton est d\u00e9c\u00e9d\u00e9e en Californie&hellip;\n","protected":false},"author":2,"featured_media":457066,"comment_status":"","ping_status":"","sticky":false,"template":"","format":"standard","meta":{"footnotes":""},"categories":[5],"tags":[11,650,1011,27,14,1652,1391,12,28],"class_list":{"0":"post-457065","1":"post","2":"type-post","3":"status-publish","4":"format-standard","5":"has-post-thumbnail","7":"category-international","8":"tag-actualites","9":"tag-cinema","10":"tag-fr","11":"tag-france","12":"tag-international","13":"tag-loisirs-culture","14":"tag-necrologie","15":"tag-news","16":"tag-world"},"share_on_mastodon":{"url":"https:\/\/pubeurope.com\/@fr\/115360401000958976","error":""},"_links":{"self":[{"href":"https:\/\/www.europesays.com\/fr\/wp-json\/wp\/v2\/posts\/457065","targetHints":{"allow":["GET"]}}],"collection":[{"href":"https:\/\/www.europesays.com\/fr\/wp-json\/wp\/v2\/posts"}],"about":[{"href":"https:\/\/www.europesays.com\/fr\/wp-json\/wp\/v2\/types\/post"}],"author":[{"embeddable":true,"href":"https:\/\/www.europesays.com\/fr\/wp-json\/wp\/v2\/users\/2"}],"replies":[{"embeddable":true,"href":"https:\/\/www.europesays.com\/fr\/wp-json\/wp\/v2\/comments?post=457065"}],"version-history":[{"count":0,"href":"https:\/\/www.europesays.com\/fr\/wp-json\/wp\/v2\/posts\/457065\/revisions"}],"wp:featuredmedia":[{"embeddable":true,"href":"https:\/\/www.europesays.com\/fr\/wp-json\/wp\/v2\/media\/457066"}],"wp:attachment":[{"href":"https:\/\/www.europesays.com\/fr\/wp-json\/wp\/v2\/media?parent=457065"}],"wp:term":[{"taxonomy":"category","embeddable":true,"href":"https:\/\/www.europesays.com\/fr\/wp-json\/wp\/v2\/categories?post=457065"},{"taxonomy":"post_tag","embeddable":true,"href":"https:\/\/www.europesays.com\/fr\/wp-json\/wp\/v2\/tags?post=457065"}],"curies":[{"name":"wp","href":"https:\/\/api.w.org\/{rel}","templated":true}]}}