{"id":457078,"date":"2025-10-12T09:13:19","date_gmt":"2025-10-12T09:13:19","guid":{"rendered":"https:\/\/www.europesays.com\/fr\/457078\/"},"modified":"2025-10-12T09:13:19","modified_gmt":"2025-10-12T09:13:19","slug":"clermont-domine-toulon-au-michelin","status":"publish","type":"post","link":"https:\/\/www.europesays.com\/fr\/457078\/","title":{"rendered":"Clermont domine Toulon au Michelin"},"content":{"rendered":"<p>\t\t\t\t\t\t\t\t\t\t\t<img loading=\"lazy\" decoding=\"async\" width=\"1280\" title=\"Top 14 : Clermont domine Toulon au Michelin\" class=\"img-fluid  mb-3\" src=\"https:\/\/www.radiorva.com\/media\/news\/top-14-clermont-domine-toulon-au-michelin_68eb63ad20660.webp\" alt=\"Top 14 : Clermont domine Toulon au Michelin\" itemprop=\"image\" height=\"720\"\/>\t\t\t\t\t\t\t\t\t\t\t\t<\/p>\n<p>Top 14 : Clermont domine Toulon au Michelin &#8211; DR ASM<\/p>\n<p itemprop=\"description\"><strong>L\u2019ASM Clermont a retrouv\u00e9 des couleurs ce samedi soir en s\u2019imposant avec autorit\u00e9 face au RC Toulon (27-10) lors de la 6\u00e8me journ\u00e9e de Top 14.\u00a0<\/strong><\/p>\n<p>Devant leur public du stade Marcel-Michelin, les Auvergnats ont rapidement pris les devants gr\u00e2ce \u00e0 une premi\u00e8re p\u00e9riode ma\u00eetris\u00e9e, conclue sur le score de 20-3.<\/p>\n<p>L\u2019australien Alex Newsome, auteur d\u2019un doubl\u00e9, a \u00e9t\u00e9 l\u2019un des grands artisans du succ\u00e8s clermontois. Le RCT, trop indisciplin\u00e9, a \u00e9t\u00e9 r\u00e9duit \u00e0 13 d\u00e8s le d\u00e9but de la seconde mi-temps apr\u00e8s trois cartons jaunes. Toulon n\u2019a jamais pu esp\u00e9rer inverser la tendance malgr\u00e9 un sursaut apr\u00e8s l\u2019heure de jeu.<\/p>\n<p>Christophe Urios n&rsquo;\u00e9tait pas totalement convaincu par la prestation de ses joueurs, notamment en seconde p\u00e9riode : \u00ab\u00a0C\u2019est un manque de ma\u00eetrise, et \u00e7a, \u00e7a me gonfle\u00a0\u00bb.<\/p>\n<p>Clermont, solide en d\u00e9fense et efficace \u00e0 l\u2019avant, manque de peu le bonus offensif, mais grimpe \u00e0 la 7\u00e8me place du classement. Avec 14 points, les Jaunards attendent d\u00e9sormais les matchs de leurs poursuivants et peuvent donc perdre des places.<\/p>\n<p>Prochaine rencontre samedi 18 octobre \u00e0 14h30 \u00e0 Bayonne, actuel 5\u00e8me de Top 14.\u00a0<\/p>\n<blockquote class=\"twitter-tweet\"><p>&#13;<\/p>\n<p dir=\"ltr\" lang=\"fr\"><a href=\"https:\/\/twitter.com\/hashtag\/ASMRCT?src=hash&amp;ref_src=twsrc%5Etfw\" target=\"_blank\" rel=\"noopener\">#ASMRCT<\/a> l Score final by <a href=\"https:\/\/twitter.com\/Paprec_Group?ref_src=twsrc%5Etfw\" target=\"_blank\" rel=\"noopener\">@Paprec_Group<\/a> <br \/>Clermont confirme et se replace au classement <a href=\"https:\/\/t.co\/POpR5EUBZ9\">pic.twitter.com\/POpR5EUBZ9<\/a><\/p>\n<p>&#13;<br \/>\n\u2014 ASM Rugby (@ASMOfficiel) <a href=\"https:\/\/twitter.com\/ASMOfficiel\/status\/1977117711902949764?ref_src=twsrc%5Etfw\" target=\"_blank\" rel=\"noopener\">October 11, 2025<\/a><\/p><\/blockquote>\n<p>\t\t\t\t\t\t\t\t\t\t\t\t\t\t\t\t\t\t\t<script async src=\"https:\/\/platform.twitter.com\/widgets.js\" charset=\"utf-8\"><\/script><\/p>\n","protected":false},"excerpt":{"rendered":"Top 14 : Clermont domine Toulon au Michelin &#8211; DR ASM L\u2019ASM Clermont a retrouv\u00e9 des couleurs ce&hellip;\n","protected":false},"author":2,"featured_media":457079,"comment_status":"","ping_status":"","sticky":false,"template":"","format":"standard","meta":{"footnotes":""},"categories":[9619],"tags":[1111,11,6733,7736,650,2313,7734,2889,2263,1777,674,9375,1011,27,6417,1114,4662,12,3725,882,1825,9374,25,9373,9376,2310,7737],"class_list":{"0":"post-457078","1":"post","2":"type-post","3":"status-publish","4":"format-standard","5":"has-post-thumbnail","7":"category-toulon","8":"tag-actu","9":"tag-actualites","10":"tag-auvergne","11":"tag-cds","12":"tag-cinema","13":"tag-clermont","14":"tag-ecoute","15":"tag-emission","16":"tag-equipe","17":"tag-eu","18":"tag-europe","19":"tag-ferrand","20":"tag-fr","21":"tag-france","22":"tag-information","23":"tag-infos","24":"tag-journal","25":"tag-news","26":"tag-podcast","27":"tag-provence-alpes-cote-dazur","28":"tag-radio","29":"tag-radiorva","30":"tag-republique-francaise","31":"tag-rva","32":"tag-thiers","33":"tag-toulon","34":"tag-winamp"},"share_on_mastodon":{"url":"https:\/\/pubeurope.com\/@fr\/115360432864195995","error":""},"_links":{"self":[{"href":"https:\/\/www.europesays.com\/fr\/wp-json\/wp\/v2\/posts\/457078","targetHints":{"allow":["GET"]}}],"collection":[{"href":"https:\/\/www.europesays.com\/fr\/wp-json\/wp\/v2\/posts"}],"about":[{"href":"https:\/\/www.europesays.com\/fr\/wp-json\/wp\/v2\/types\/post"}],"author":[{"embeddable":true,"href":"https:\/\/www.europesays.com\/fr\/wp-json\/wp\/v2\/users\/2"}],"replies":[{"embeddable":true,"href":"https:\/\/www.europesays.com\/fr\/wp-json\/wp\/v2\/comments?post=457078"}],"version-history":[{"count":0,"href":"https:\/\/www.europesays.com\/fr\/wp-json\/wp\/v2\/posts\/457078\/revisions"}],"wp:featuredmedia":[{"embeddable":true,"href":"https:\/\/www.europesays.com\/fr\/wp-json\/wp\/v2\/media\/457079"}],"wp:attachment":[{"href":"https:\/\/www.europesays.com\/fr\/wp-json\/wp\/v2\/media?parent=457078"}],"wp:term":[{"taxonomy":"category","embeddable":true,"href":"https:\/\/www.europesays.com\/fr\/wp-json\/wp\/v2\/categories?post=457078"},{"taxonomy":"post_tag","embeddable":true,"href":"https:\/\/www.europesays.com\/fr\/wp-json\/wp\/v2\/tags?post=457078"}],"curies":[{"name":"wp","href":"https:\/\/api.w.org\/{rel}","templated":true}]}}