{"id":457092,"date":"2025-10-12T09:24:29","date_gmt":"2025-10-12T09:24:29","guid":{"rendered":"https:\/\/www.europesays.com\/fr\/457092\/"},"modified":"2025-10-12T09:24:29","modified_gmt":"2025-10-12T09:24:29","slug":"le-strasbourg-ath-encore-trop-tendre-face-a-dijon","status":"publish","type":"post","link":"https:\/\/www.europesays.com\/fr\/457092\/","title":{"rendered":"le Strasbourg ATH encore trop tendre face \u00e0 Dijon"},"content":{"rendered":"<p>Pas simple de d\u00e9tecter des espaces dans la d\u00e9fense dijonnaise, elle est costaude, elle est vive, elle est dense, elle est mobile. Pourtant, les \u201cPiraths\u201d trouvent des solutions dans un d\u00e9but de partie consistant.<\/p>\n<p>Albane Frachon lance la soir\u00e9e sur contre, mais sur attaque plac\u00e9e, ce sont Lina Colinot, Dalila Abdesselam et Elin Karlsson qui d\u00e9c\u00e8lent des mini-br\u00e8ches pour avancer.<\/p>\n<p>Anthony Favier\u00a0: \u00ab\u00a0On a bien commenc\u00e9 et on a pas mal fini\u00a0\u00bb<\/p>\n<p>Quant \u00e0 L\u00e9a Fargues, elle a d\u00e9j\u00e0 sign\u00e9 une double parade, par exemple, mais aussi marqu\u00e9 dans le but vide situ\u00e9 quarante m\u00e8tres plus loin.<\/p>\n<p>Ce d\u00e9but de partie est entra\u00eenant, le score aussi (6-3, 9e ), mais Dijon inverse trop vite cette belle tendance\u00a0: 6-9 (15e )&#8230;.<\/p>\n","protected":false},"excerpt":{"rendered":"Pas simple de d\u00e9tecter des espaces dans la d\u00e9fense dijonnaise, elle est costaude, elle est vive, elle est&hellip;\n","protected":false},"author":2,"featured_media":457093,"comment_status":"","ping_status":"","sticky":false,"template":"","format":"standard","meta":{"footnotes":""},"categories":[2820],"tags":[1111,11,2880,1777,674,107,1011,27,775,1792,12,25,517,640,12904,2879],"class_list":{"0":"post-457092","1":"post","2":"type-post","3":"status-publish","4":"format-standard","5":"has-post-thumbnail","7":"category-strasbourg","8":"tag-actu","9":"tag-actualites","10":"tag-edition-strasbourg","11":"tag-eu","12":"tag-europe","13":"tag-fil-info","14":"tag-fr","15":"tag-france","16":"tag-grand-est","17":"tag-handball","18":"tag-news","19":"tag-republique-francaise","20":"tag-sport","21":"tag-strasbourg","22":"tag-strasbourg-ath","23":"tag-strasbourg-ville"},"share_on_mastodon":{"url":"https:\/\/pubeurope.com\/@fr\/115360475706421913","error":""},"_links":{"self":[{"href":"https:\/\/www.europesays.com\/fr\/wp-json\/wp\/v2\/posts\/457092","targetHints":{"allow":["GET"]}}],"collection":[{"href":"https:\/\/www.europesays.com\/fr\/wp-json\/wp\/v2\/posts"}],"about":[{"href":"https:\/\/www.europesays.com\/fr\/wp-json\/wp\/v2\/types\/post"}],"author":[{"embeddable":true,"href":"https:\/\/www.europesays.com\/fr\/wp-json\/wp\/v2\/users\/2"}],"replies":[{"embeddable":true,"href":"https:\/\/www.europesays.com\/fr\/wp-json\/wp\/v2\/comments?post=457092"}],"version-history":[{"count":0,"href":"https:\/\/www.europesays.com\/fr\/wp-json\/wp\/v2\/posts\/457092\/revisions"}],"wp:featuredmedia":[{"embeddable":true,"href":"https:\/\/www.europesays.com\/fr\/wp-json\/wp\/v2\/media\/457093"}],"wp:attachment":[{"href":"https:\/\/www.europesays.com\/fr\/wp-json\/wp\/v2\/media?parent=457092"}],"wp:term":[{"taxonomy":"category","embeddable":true,"href":"https:\/\/www.europesays.com\/fr\/wp-json\/wp\/v2\/categories?post=457092"},{"taxonomy":"post_tag","embeddable":true,"href":"https:\/\/www.europesays.com\/fr\/wp-json\/wp\/v2\/tags?post=457092"}],"curies":[{"name":"wp","href":"https:\/\/api.w.org\/{rel}","templated":true}]}}