{"id":457104,"date":"2025-10-12T09:31:09","date_gmt":"2025-10-12T09:31:09","guid":{"rendered":"https:\/\/www.europesays.com\/fr\/457104\/"},"modified":"2025-10-12T09:31:09","modified_gmt":"2025-10-12T09:31:09","slug":"aux-portes-de-toulouse-un-feu-de-maison-se-declare-dans-la-nuit-19-pompiers-interviennent","status":"publish","type":"post","link":"https:\/\/www.europesays.com\/fr\/457104\/","title":{"rendered":"Aux portes de Toulouse, un feu de maison se d\u00e9clare dans la nuit : 19 pompiers interviennent"},"content":{"rendered":"<p>            Par<br \/>\n        <strong><br \/>\n            <a href=\"https:\/\/actu.fr\/auteur\/mareva-laville-actu-fr\" title=\"Consulter tous les articles de Mar\u00e9va Laville\" rel=\"nofollow noopener\" target=\"_blank\">Mar\u00e9va Laville<\/a><br \/>\n        <\/strong><\/p>\n<p>        Publi\u00e9 le<\/p>\n<p>            12 oct. 2025 \u00e0 9h59        <\/p>\n<p>Peu avant minuit, samedi 11 octobre 2025, <strong>un feu s\u2019est d\u00e9clar\u00e9 dans une maison<\/strong> situ\u00e9e \u00e0 <strong>L\u2019Union,<\/strong> aux portes de <a href=\"http:\/\/www.actu.fr\/toulouse\" rel=\"nofollow noopener\" target=\"_blank\">Toulouse<\/a>, dans une impasse r\u00e9sidentielle.<\/p>\n<p>    <a href=\"https:\/\/www.google.com\/maps\/embed?pb=!1m18!1m12!1m3!1d2886.159848356519!2d1.4726273119823587!3d43.66564527098093!2m3!1f0!2f0!3f0!3m2!1i1024!2i768!4f13.1!3m3!1m2!1s0x12aea3077130c759%3A0x7d5d9908d1f82c0f!2sImp.%20du%20Moineau%2C%2031240%20L%27Union!5e0!3m2!1sfr!2sfr!4v1760253376557!5m2!1sfr!2sfr\" title=\"Ouvrie le lien\" rel=\"nofollow noopener\" target=\"_blank\">Cliquez ici pour visualiser le contenu<\/a><\/p>\n<p>D\u00e9part de feu dans le garage<\/p>\n<p class=\" wall-content\">Selon le Sdis 31, qui a d\u00e9ploy\u00e9, vers 23h15, 19 sapeurs-pompiers sur les lieux munis de cinq engins, l\u2019incendie \u00e9tait<strong> localis\u00e9 dans le garage<\/strong> de l\u2019habitation. Mais il y avait \u00ab\u2009un risque de propagation \u00e0 une<strong> maison attenante de plain-pied\u2009\u00bb<\/strong>, expliquent les soldats du feu.<\/p>\n<p>Aucune victime<\/p>\n<p class=\" wall-content\">Trois lances \u00e0 eau ont \u00e9t\u00e9 d\u00e9ploy\u00e9es pour <a href=\"https:\/\/actu.fr\/occitanie\/saint-jory_31490\/deja-victime-d-un-incendie-un-chateau-pres-de-toulouse-touche-par-un-nouveau-depart-de-feu_63272949.html\" rel=\"nofollow noopener\" target=\"_blank\">ma\u00eetriser le sinistre et \u00e9teindre les flammes<\/a>. <strong>Le feu n\u2019a pas fait de victime.<\/strong><\/p>\n<p class=\" wall-content\">Personnalisez votre actualit\u00e9 en ajoutant vos villes et m\u00e9dias en favori avec <a href=\"https:\/\/moncompte.actu.fr\" title=\"D\u00e9couvez Mon Actu\" rel=\"nofollow noopener\" data-trk=\"{&quot;cta&quot;:{&quot;action&quot;:&quot;https:\\\/\\\/moncompte.actu.fr&quot;,&quot;category&quot;:&quot;mon compte&quot;,&quot;from&quot;:&quot;article footer&quot;,&quot;name&quot;:&quot;Mon actu&quot;,&quot;type&quot;:&quot;cta&quot;}}\" target=\"_blank\">Mon Actu<\/a>.<\/p>\n","protected":false},"excerpt":{"rendered":"Par Mar\u00e9va Laville Publi\u00e9 le 12 oct. 2025 \u00e0 9h59 Peu avant minuit, samedi 11 octobre 2025, un&hellip;\n","protected":false},"author":2,"featured_media":24352,"comment_status":"","ping_status":"","sticky":false,"template":"","format":"standard","meta":{"footnotes":""},"categories":[2816],"tags":[1111,11,1777,674,118,1011,27,1310,12,2680,1311,25,2312],"class_list":{"0":"post-457104","1":"post","2":"type-post","3":"status-publish","4":"format-standard","5":"has-post-thumbnail","7":"category-toulouse","8":"tag-actu","9":"tag-actualites","10":"tag-eu","11":"tag-europe","12":"tag-faits-divers","13":"tag-fr","14":"tag-france","15":"tag-incendie","16":"tag-news","17":"tag-occitanie","18":"tag-pompiers","19":"tag-republique-francaise","20":"tag-toulouse"},"share_on_mastodon":{"url":"https:\/\/pubeurope.com\/@fr\/115360503537131897","error":""},"_links":{"self":[{"href":"https:\/\/www.europesays.com\/fr\/wp-json\/wp\/v2\/posts\/457104","targetHints":{"allow":["GET"]}}],"collection":[{"href":"https:\/\/www.europesays.com\/fr\/wp-json\/wp\/v2\/posts"}],"about":[{"href":"https:\/\/www.europesays.com\/fr\/wp-json\/wp\/v2\/types\/post"}],"author":[{"embeddable":true,"href":"https:\/\/www.europesays.com\/fr\/wp-json\/wp\/v2\/users\/2"}],"replies":[{"embeddable":true,"href":"https:\/\/www.europesays.com\/fr\/wp-json\/wp\/v2\/comments?post=457104"}],"version-history":[{"count":0,"href":"https:\/\/www.europesays.com\/fr\/wp-json\/wp\/v2\/posts\/457104\/revisions"}],"wp:featuredmedia":[{"embeddable":true,"href":"https:\/\/www.europesays.com\/fr\/wp-json\/wp\/v2\/media\/24352"}],"wp:attachment":[{"href":"https:\/\/www.europesays.com\/fr\/wp-json\/wp\/v2\/media?parent=457104"}],"wp:term":[{"taxonomy":"category","embeddable":true,"href":"https:\/\/www.europesays.com\/fr\/wp-json\/wp\/v2\/categories?post=457104"},{"taxonomy":"post_tag","embeddable":true,"href":"https:\/\/www.europesays.com\/fr\/wp-json\/wp\/v2\/tags?post=457104"}],"curies":[{"name":"wp","href":"https:\/\/api.w.org\/{rel}","templated":true}]}}