{"id":457113,"date":"2025-10-12T09:37:14","date_gmt":"2025-10-12T09:37:14","guid":{"rendered":"https:\/\/www.europesays.com\/fr\/457113\/"},"modified":"2025-10-12T09:37:14","modified_gmt":"2025-10-12T09:37:14","slug":"la-droite-toujours-remontee-a-la-buzine","status":"publish","type":"post","link":"https:\/\/www.europesays.com\/fr\/457113\/","title":{"rendered":"la droite toujours remont\u00e9e \u00e0 la Buzine"},"content":{"rendered":"<p>Alors que l&rsquo;adjoint au maire (PCF) en charge de la culture, Jean-Marc Coppola, inaugurait ce samedi 11 octobre 2025 <a href=\"https:\/\/www.laprovence.com\/article\/politique\/2277154903081514\/lexposition-du-chateau-de-la-buzine-inauguree-en-grande-pompe-sur-fond-de-tension-avec-le-petit-fils-de-marcel-pagnol\" target=\"_blank\" rel=\"noopener\">Marsiho e la Mar<\/a>, exposition accueillie jusqu&rsquo;au 8\u00a0mars \u00e0 la\u00a0Buzine, la droite marseillaise a une nouvelle fois critiqu\u00e9 la gestion municipale de l&rsquo;<a href=\"https:\/\/www.laprovence.com\/article\/region\/4277198900683614\/au-chateau-de-la-buzine-a-marseille-l-opposition-denonce-la-politique-patrimoniale-de-la-ville\" target=\"_blank\" rel=\"noopener\">ancien ch\u00e2teau de Marcel Pagnol<\/a>. \u00ab\u00a0Je suis l\u00e0 pour repr\u00e9senter le maire de secteur et Martine Vassal, qui ont une action forte pour la culture proven\u00e7ale et sont des partenaires financiers des associations qui portent l&rsquo;exposition. Mais la Ville refuse de me laisser la parole, a regrett\u00e9 la s\u00e9natrice (LR) <a href=\"https:\/\/www.laprovence.com\/article\/culture-loisirs\/64643087775035\/marseille-la-droite-denonce-l-abandon-du-chateau-de-la-buzine-un-an-apres-son-passage-en-regie-municipale\" target=\"_blank\" rel=\"noopener\">Val\u00e9rie Boyer<\/a>. On a chass\u00e9 Pagnol de la Buzine et \u00e0 cinq mois des municipales on fait revenir la culture proven\u00e7ale\u2026\u00a0\u00bb\u00a0<\/p>\n<p>Jean-Marc Coppola s&rsquo;est content\u00e9 de r\u00e9pondre avec les chiffres de la derni\u00e8re exposition participative, consacr\u00e9e au travail de <a href=\"https:\/\/www.laprovence.com\/article\/region\/1122705936411815\/pour-que-les-gens-creent-ensemble-lusine-de-films-amateurs-de-michel-gondry-a-seduit-pres-de-1-000-marseillais\" target=\"_blank\" rel=\"noopener\">Michel Gondry<\/a>\u00a0: \u00ab\u00a0700 films r\u00e9alis\u00e9s par 8\u00a0000 participants, 16\u00a0000 visiteurs pour \u00e9v\u00e9nement gratuit et ouvert \u00e0 tous.\u00a0\u00bb<\/p>\n","protected":false},"excerpt":{"rendered":"Alors que l&rsquo;adjoint au maire (PCF) en charge de la culture, Jean-Marc Coppola, inaugurait ce samedi 11 octobre&hellip;\n","protected":false},"author":2,"featured_media":457114,"comment_status":"","ping_status":"","sticky":false,"template":"","format":"standard","meta":{"footnotes":""},"categories":[2814],"tags":[17,1111,11,58177,6592,1777,674,1011,27,884,12,316,882,13079,25,1810],"class_list":{"0":"post-457113","1":"post","2":"type-post","3":"status-publish","4":"format-standard","5":"has-post-thumbnail","7":"category-marseille","8":"tag-17","9":"tag-actu","10":"tag-actualites","11":"tag-buzine","12":"tag-droite","13":"tag-eu","14":"tag-europe","15":"tag-fr","16":"tag-france","17":"tag-marseille","18":"tag-news","19":"tag-politique","20":"tag-provence-alpes-cote-dazur","21":"tag-remontee","22":"tag-republique-francaise","23":"tag-toujours"},"share_on_mastodon":{"url":"https:\/\/pubeurope.com\/@fr\/115360526802967823","error":""},"_links":{"self":[{"href":"https:\/\/www.europesays.com\/fr\/wp-json\/wp\/v2\/posts\/457113","targetHints":{"allow":["GET"]}}],"collection":[{"href":"https:\/\/www.europesays.com\/fr\/wp-json\/wp\/v2\/posts"}],"about":[{"href":"https:\/\/www.europesays.com\/fr\/wp-json\/wp\/v2\/types\/post"}],"author":[{"embeddable":true,"href":"https:\/\/www.europesays.com\/fr\/wp-json\/wp\/v2\/users\/2"}],"replies":[{"embeddable":true,"href":"https:\/\/www.europesays.com\/fr\/wp-json\/wp\/v2\/comments?post=457113"}],"version-history":[{"count":0,"href":"https:\/\/www.europesays.com\/fr\/wp-json\/wp\/v2\/posts\/457113\/revisions"}],"wp:featuredmedia":[{"embeddable":true,"href":"https:\/\/www.europesays.com\/fr\/wp-json\/wp\/v2\/media\/457114"}],"wp:attachment":[{"href":"https:\/\/www.europesays.com\/fr\/wp-json\/wp\/v2\/media?parent=457113"}],"wp:term":[{"taxonomy":"category","embeddable":true,"href":"https:\/\/www.europesays.com\/fr\/wp-json\/wp\/v2\/categories?post=457113"},{"taxonomy":"post_tag","embeddable":true,"href":"https:\/\/www.europesays.com\/fr\/wp-json\/wp\/v2\/tags?post=457113"}],"curies":[{"name":"wp","href":"https:\/\/api.w.org\/{rel}","templated":true}]}}