{"id":457115,"date":"2025-10-12T09:38:11","date_gmt":"2025-10-12T09:38:11","guid":{"rendered":"https:\/\/www.europesays.com\/fr\/457115\/"},"modified":"2025-10-12T09:38:11","modified_gmt":"2025-10-12T09:38:11","slug":"lyon-rodeos-circulation-bloquee-la-fete-des-albanais-vire-au-desordre-en-presquile","status":"publish","type":"post","link":"https:\/\/www.europesays.com\/fr\/457115\/","title":{"rendered":"Lyon. Rod\u00e9os, circulation bloqu\u00e9e&#8230; La f\u00eate des Albanais vire au d\u00e9sordre en Presqu&rsquo;\u00eele"},"content":{"rendered":"<p>            Par<br \/>\n        <strong><br \/>\n            <a href=\"https:\/\/actu.fr\/auteur\/nicolas-zaugra\" title=\"Consulter tous les articles de Nicolas Zaugra\" target=\"_blank\" rel=\"noopener\">Nicolas Zaugra<\/a><br \/>\n        <\/strong><\/p>\n<p>        Publi\u00e9 le<\/p>\n<p>            12 oct. 2025 \u00e0 11h27        <\/p>\n<p><strong>INFO ACTU LYON<\/strong>. La f\u00eate a vir\u00e9 aux d\u00e9bordements ce samedi et dans la nuit \u00e0 <a href=\"https:\/\/actu.fr\/auvergne-rhone-alpes\/lyon_69123\" target=\"_blank\" rel=\"noopener\">Lyon<\/a>, sur la Presqu\u2019\u00eele de Lyon. Apr\u00e8s la <strong>victoire de l\u2019Albanie face \u00e0 la Serbie (1-0)<\/strong> lors d\u2019un match de qualification pour la Coupe du monde 2026, de nombreuses voitures ont converg\u00e9 vers le centre et les quais du Rh\u00f4ne. Les <strong>supporters surexcit\u00e9s<\/strong> ont perturb\u00e9 et bloqu\u00e9 la circulation, entre rod\u00e9os urbains, jets de p\u00e9tards et conduite dangereuse.\u00a0<\/p>\n<p class=\" wall-content\">Apr\u00e8s 23h30, des dizaines de voitures se sont rendues sur les quais du Rh\u00f4ne pour rejoindre la place Bellecour. A leur bord, des supporters albanais f\u00eatant leur victoire et perturbant largement le trafic. Les automobilistes utilisent alors en continu leurs klaxons pour f\u00eater la victoire.\u00a0<\/p>\n<p class=\" wall-content\">\n<p>Circulation bloqu\u00e9e, supporters cagoul\u00e9s et conduite dangereuse<\/p>\n<p class=\" wall-content\">Le carrefour entre la rue de la Barre, le quai du Dr Gailleton et Jules Courmont a \u00e9t\u00e9 bloqu\u00e9 un long moment vers minuit. Celui entre la rue de la Barre et la place Bellecour \u00e9galement.\u00a0<\/p>\n<p>    <img   decoding=\"async\" loading=\"lazy\" src=\"https:\/\/www.europesays.com\/fr\/wp-content\/uploads\/2025\/10\/supporters-albanais-lyon-960x640.jpg\" alt=\"Des supporters albanais bloquent la circulation \u00e0 Lyon samedi pr\u00e8s de la place Bellecour.\" width=\"960\" height=\"640\"\/><br \/>\n    Des supporters albanais bloquent la circulation \u00e0 Lyon samedi pr\u00e8s de la place Bellecour. (\u00a9Nicolas Zaugra\/ actu Lyon)<\/p>\n<p class=\" wall-content\">Des supporters cagoul\u00e9s, pour certains, ont \u00e9galement profit\u00e9 de la joie ambiante pour conduire dangereusement au milieu de la circulation (d\u00e9rapages, moteurs qui vibrent, freinages dangereux\u2026). La police est finalement intervenue sur les quais apr\u00e8s 0h20 pour tenter de mettre fin au chaos ambiant.\u00a0<\/p>\n<p class=\" wall-content\">Personnalisez votre actualit\u00e9 en ajoutant vos villes et m\u00e9dias en favori avec <a href=\"https:\/\/moncompte.actu.fr\" title=\"D\u00e9couvez Mon Actu\" rel=\"nofollow noopener\" data-trk=\"{&quot;cta&quot;:{&quot;action&quot;:&quot;https:\\\/\\\/moncompte.actu.fr&quot;,&quot;category&quot;:&quot;mon compte&quot;,&quot;from&quot;:&quot;article footer&quot;,&quot;name&quot;:&quot;Mon actu&quot;,&quot;type&quot;:&quot;cta&quot;}}\" target=\"_blank\">Mon Actu<\/a>.<\/p>\n","protected":false},"excerpt":{"rendered":"Par Nicolas Zaugra Publi\u00e9 le 12 oct. 2025 \u00e0 11h27 INFO ACTU LYON. La f\u00eate a vir\u00e9 aux&hellip;\n","protected":false},"author":2,"featured_media":457116,"comment_status":"","ping_status":"","sticky":false,"template":"","format":"standard","meta":{"footnotes":""},"categories":[1889],"tags":[1111,11,2430,5272,1777,674,1011,27,2428,1272,12,1072,25,104],"class_list":{"0":"post-457115","1":"post","2":"type-post","3":"status-publish","4":"format-standard","5":"has-post-thumbnail","7":"category-lyon","8":"tag-actu","9":"tag-actualites","10":"tag-auvergne-rhone-alpes","11":"tag-bellecour","12":"tag-eu","13":"tag-europe","14":"tag-fr","15":"tag-france","16":"tag-lyon","17":"tag-manifestations","18":"tag-news","19":"tag-police","20":"tag-republique-francaise","21":"tag-societe"},"share_on_mastodon":{"url":"https:\/\/pubeurope.com\/@fr\/115360531420638694","error":""},"_links":{"self":[{"href":"https:\/\/www.europesays.com\/fr\/wp-json\/wp\/v2\/posts\/457115","targetHints":{"allow":["GET"]}}],"collection":[{"href":"https:\/\/www.europesays.com\/fr\/wp-json\/wp\/v2\/posts"}],"about":[{"href":"https:\/\/www.europesays.com\/fr\/wp-json\/wp\/v2\/types\/post"}],"author":[{"embeddable":true,"href":"https:\/\/www.europesays.com\/fr\/wp-json\/wp\/v2\/users\/2"}],"replies":[{"embeddable":true,"href":"https:\/\/www.europesays.com\/fr\/wp-json\/wp\/v2\/comments?post=457115"}],"version-history":[{"count":0,"href":"https:\/\/www.europesays.com\/fr\/wp-json\/wp\/v2\/posts\/457115\/revisions"}],"wp:featuredmedia":[{"embeddable":true,"href":"https:\/\/www.europesays.com\/fr\/wp-json\/wp\/v2\/media\/457116"}],"wp:attachment":[{"href":"https:\/\/www.europesays.com\/fr\/wp-json\/wp\/v2\/media?parent=457115"}],"wp:term":[{"taxonomy":"category","embeddable":true,"href":"https:\/\/www.europesays.com\/fr\/wp-json\/wp\/v2\/categories?post=457115"},{"taxonomy":"post_tag","embeddable":true,"href":"https:\/\/www.europesays.com\/fr\/wp-json\/wp\/v2\/tags?post=457115"}],"curies":[{"name":"wp","href":"https:\/\/api.w.org\/{rel}","templated":true}]}}