{"id":457123,"date":"2025-10-12T09:43:10","date_gmt":"2025-10-12T09:43:10","guid":{"rendered":"https:\/\/www.europesays.com\/fr\/457123\/"},"modified":"2025-10-12T09:43:10","modified_gmt":"2025-10-12T09:43:10","slug":"les-images-saisissantes-du-crash-dun-helicoptere-sur-un-parking-en-californie","status":"publish","type":"post","link":"https:\/\/www.europesays.com\/fr\/457123\/","title":{"rendered":"Les images saisissantes du crash d\u2019un h\u00e9licopt\u00e8re sur un parking en Californie"},"content":{"rendered":"<p class=\"intro\">VID\u00c9O ) Un h\u00e9licopt\u00e8re s\u2019est \u00e9cras\u00e9 samedi apr\u00e8s-midi sur un parking de Huntington Beach, au sud de Los Angeles. Cinq personnes ont \u00e9t\u00e9 hospitalis\u00e9es, dont deux membres d\u2019\u00e9quipage extraits de l\u2019appareil.<\/p>\n<p>Une sc\u00e8ne spectaculaire s\u2019est d\u00e9roul\u00e9e ce samedi 11 octobre \u00e0 Huntington Beach, en Californie, o\u00f9 un h\u00e9licopt\u00e8re s\u2019est \u00e9cras\u00e9 en plein jour sur un parking, \u00e0 quelques m\u00e8tres seulement d\u2019immeubles. Film\u00e9 par plusieurs t\u00e9moins, l\u2019appareil a tournoy\u00e9 sur lui-m\u00eame avant de s\u2019abattre brutalement au sol et de prendre feu \u00e0 l\u2019impact, rapporte <a href=\"https:\/\/www.foxnews.com\/us\/helicopter-crash-southern-california-beach-parking-lot-leaves-5-hospitalized-officials-say\" target=\"_blank\" rel=\"nofollow noopener\">Fox News<\/a>.<\/p>\n<p>Les secours ont rapidement \u00e9t\u00e9 d\u00e9p\u00each\u00e9s sur place. Selon le service d\u2019incendie de Huntington Beach, deux personnes \u00e0 bord ont \u00e9t\u00e9 extraites vivantes de la carcasse, tandis que trois passants ont \u00e9t\u00e9 bless\u00e9s sur le sol. Les cinq victimes ont \u00e9t\u00e9 hospitalis\u00e9es mais tir\u00e9es d&rsquo;affaire.<\/p>\n<p>    La suite apr\u00e8s cette publicit\u00e9<\/p>\n<blockquote class=\"twitter-tweet\">\n<p dir=\"ltr\" lang=\"en\">Shocking video shows the moment a Bell 222 helicopter crashes in Huntington Beach, California, on Saturday, leaving five people hospitalized.<\/p>\n<p>Law enforcement responded around 2 p.m. to reports of a helicopter going down in a beach parking lot between Twin Dolphins Drive and\u2026 <a href=\"https:\/\/t.co\/QLG6AuYGfv\" rel=\"nofollow\">pic.twitter.com\/QLG6AuYGfv<\/a><\/p>\n<p>\u2014 Breaking Aviation News &amp; Videos (@aviationbrk) <a href=\"https:\/\/twitter.com\/aviationbrk\/status\/1977257124242632726?ref_src=twsrc%5Etfw\" rel=\"nofollow noopener\" target=\"_blank\">October 12, 2025<\/a><\/p><\/blockquote>\n<p>Le Bureau national de la s\u00e9curit\u00e9 des transports (NTSB) et l\u2019Administration f\u00e9d\u00e9rale de l\u2019aviation (FAA) ont ouvert une enqu\u00eate pour d\u00e9terminer les causes de l\u2019accident.<\/p>\n<p>    La suite apr\u00e8s cette publicit\u00e9<\/p>\n<p>Un t\u00e9moin a affirm\u00e9 avoir d\u2019abord cru \u00e0 une cascade de cin\u00e9ma. \u00ab L\u2019h\u00e9licopt\u00e8re a commenc\u00e9 \u00e0 tourner sur lui-m\u00eame, puis une pi\u00e8ce s\u2019est d\u00e9tach\u00e9e avant qu\u2019il ne tombe \u00bb, a-t-il racont\u00e9. Les images du crash, largement diffus\u00e9es sur les r\u00e9seaux sociaux, ont choqu\u00e9 les internautes.<\/p>\n<p>                                    <script async src=\"https:\/\/platform.twitter.com\/widgets.js\" charset=\"utf-8\"><\/script><\/p>\n","protected":false},"excerpt":{"rendered":"VID\u00c9O ) Un h\u00e9licopt\u00e8re s\u2019est \u00e9cras\u00e9 samedi apr\u00e8s-midi sur un parking de Huntington Beach, au sud de Los&hellip;\n","protected":false},"author":2,"featured_media":457124,"comment_status":"","ping_status":"","sticky":false,"template":"","format":"standard","meta":{"footnotes":""},"categories":[1888],"tags":[1111,1928,11,1927,1777,674,1011,27,12,1926,626,1925,25],"class_list":{"0":"post-457123","1":"post","2":"type-post","3":"status-publish","4":"format-standard","5":"has-post-thumbnail","7":"category-paris","8":"tag-actu","9":"tag-actu-paris","10":"tag-actualites","11":"tag-actualites-paris","12":"tag-eu","13":"tag-europe","14":"tag-fr","15":"tag-france","16":"tag-news","17":"tag-news-paris","18":"tag-paris","19":"tag-paris-news","20":"tag-republique-francaise"},"share_on_mastodon":{"url":"https:\/\/pubeurope.com\/@fr\/115360550413277682","error":""},"_links":{"self":[{"href":"https:\/\/www.europesays.com\/fr\/wp-json\/wp\/v2\/posts\/457123","targetHints":{"allow":["GET"]}}],"collection":[{"href":"https:\/\/www.europesays.com\/fr\/wp-json\/wp\/v2\/posts"}],"about":[{"href":"https:\/\/www.europesays.com\/fr\/wp-json\/wp\/v2\/types\/post"}],"author":[{"embeddable":true,"href":"https:\/\/www.europesays.com\/fr\/wp-json\/wp\/v2\/users\/2"}],"replies":[{"embeddable":true,"href":"https:\/\/www.europesays.com\/fr\/wp-json\/wp\/v2\/comments?post=457123"}],"version-history":[{"count":0,"href":"https:\/\/www.europesays.com\/fr\/wp-json\/wp\/v2\/posts\/457123\/revisions"}],"wp:featuredmedia":[{"embeddable":true,"href":"https:\/\/www.europesays.com\/fr\/wp-json\/wp\/v2\/media\/457124"}],"wp:attachment":[{"href":"https:\/\/www.europesays.com\/fr\/wp-json\/wp\/v2\/media?parent=457123"}],"wp:term":[{"taxonomy":"category","embeddable":true,"href":"https:\/\/www.europesays.com\/fr\/wp-json\/wp\/v2\/categories?post=457123"},{"taxonomy":"post_tag","embeddable":true,"href":"https:\/\/www.europesays.com\/fr\/wp-json\/wp\/v2\/tags?post=457123"}],"curies":[{"name":"wp","href":"https:\/\/api.w.org\/{rel}","templated":true}]}}