{"id":457125,"date":"2025-10-12T09:44:11","date_gmt":"2025-10-12T09:44:11","guid":{"rendered":"https:\/\/www.europesays.com\/fr\/457125\/"},"modified":"2025-10-12T09:44:11","modified_gmt":"2025-10-12T09:44:11","slug":"paris-un-jeune-homme-meurt-apres-avoir-ete-poignarde-dans-le-parking-de-son-immeuble","status":"publish","type":"post","link":"https:\/\/www.europesays.com\/fr\/457125\/","title":{"rendered":"Paris\u00a0: un jeune homme meurt apr\u00e8s avoir \u00e9t\u00e9 poignard\u00e9 dans le parking de son immeuble"},"content":{"rendered":"<p class=\"paragraph text_align_left lp-f-body-02\">Que s\u2019est-il pass\u00e9 dans ce parking souterrain ? Ce vendredi soir, un jeune homme \u00e2g\u00e9 d\u2019une vingtaine d\u2019ann\u00e9es a \u00e9t\u00e9 victime d\u2019un coup de couteau. Alors qu\u2019il avait \u00e9t\u00e9 transport\u00e9 avec un pronostic vital engag\u00e9, il a finalement succomb\u00e9 \u00e0 ses blessures, a-t-on appris ce dimanche matin d\u2019une source proche du dossier.<\/p>\n<p class=\"paragraph text_align_left lp-f-body-02\">Le drame s\u2019est nou\u00e9 dans une r\u00e9sidence de la rue Mathis, <a href=\"https:\/\/www.leparisien.fr\/paris-75\/paris-75019\/\" target=\"_self\" rel=\"nofollow noopener\">dans le XIXe.<\/a> Selon une source polici\u00e8re, une altercation a \u00e9clat\u00e9 entre un groupe de riverains et un homme \u00e9tranger \u00e0 l\u2019immeuble. Alors que les r\u00e9sidents lui auraient demand\u00e9 de quitter les lieux, l\u2019homme aurait vu rouge et aurait assen\u00e9 un coup de poing \u00e0 l\u2019un des habitants avant de sortir un couteau et de poignarder le jeune homme au niveau de l\u2019abdomen.<\/p>\n<p>Un \u00ab squatteur \u00bb ?<\/p>\n<p class=\"paragraph text_align_left lp-f-body-02\">Malgr\u00e9 l\u2019intervention des secours, et son transport vers l\u2019h\u00f4pital de la Salp\u00eatri\u00e8re, les blessures se sont r\u00e9v\u00e9l\u00e9es trop importantes. Il est d\u00e9c\u00e9d\u00e9.<\/p>\n<p class=\"paragraph text_align_left lp-f-body-02\">Les circonstances de ce drame restent \u00e0 \u00e9claircir. Une enqu\u00eate a \u00e9t\u00e9 ouverte et confi\u00e9e au 3e district de Police judiciaire. Selon une source proche du dossier, le suspect pourrait \u00eatre un \u00ab squatteur \u00bb. Pour l\u2019heure, selon nos informations, aucun suspect n\u2019aurait encore \u00e9t\u00e9 interpell\u00e9. Le parquet de Paris n\u2019avait pas r\u00e9pondu \u00e0 nos sollicitations.<\/p>\n","protected":false},"excerpt":{"rendered":"Que s\u2019est-il pass\u00e9 dans ce parking souterrain ? Ce vendredi soir, un jeune homme \u00e2g\u00e9 d\u2019une vingtaine d\u2019ann\u00e9es&hellip;\n","protected":false},"author":2,"featured_media":101764,"comment_status":"","ping_status":"","sticky":false,"template":"","format":"standard","meta":{"footnotes":""},"categories":[1888],"tags":[11,1777,674,118,1011,27,12,626,25],"class_list":{"0":"post-457125","1":"post","2":"type-post","3":"status-publish","4":"format-standard","5":"has-post-thumbnail","7":"category-paris","8":"tag-actualites","9":"tag-eu","10":"tag-europe","11":"tag-faits-divers","12":"tag-fr","13":"tag-france","14":"tag-news","15":"tag-paris","16":"tag-republique-francaise"},"share_on_mastodon":{"url":"https:\/\/pubeurope.com\/@fr\/115360554414655607","error":""},"_links":{"self":[{"href":"https:\/\/www.europesays.com\/fr\/wp-json\/wp\/v2\/posts\/457125","targetHints":{"allow":["GET"]}}],"collection":[{"href":"https:\/\/www.europesays.com\/fr\/wp-json\/wp\/v2\/posts"}],"about":[{"href":"https:\/\/www.europesays.com\/fr\/wp-json\/wp\/v2\/types\/post"}],"author":[{"embeddable":true,"href":"https:\/\/www.europesays.com\/fr\/wp-json\/wp\/v2\/users\/2"}],"replies":[{"embeddable":true,"href":"https:\/\/www.europesays.com\/fr\/wp-json\/wp\/v2\/comments?post=457125"}],"version-history":[{"count":0,"href":"https:\/\/www.europesays.com\/fr\/wp-json\/wp\/v2\/posts\/457125\/revisions"}],"wp:featuredmedia":[{"embeddable":true,"href":"https:\/\/www.europesays.com\/fr\/wp-json\/wp\/v2\/media\/101764"}],"wp:attachment":[{"href":"https:\/\/www.europesays.com\/fr\/wp-json\/wp\/v2\/media?parent=457125"}],"wp:term":[{"taxonomy":"category","embeddable":true,"href":"https:\/\/www.europesays.com\/fr\/wp-json\/wp\/v2\/categories?post=457125"},{"taxonomy":"post_tag","embeddable":true,"href":"https:\/\/www.europesays.com\/fr\/wp-json\/wp\/v2\/tags?post=457125"}],"curies":[{"name":"wp","href":"https:\/\/api.w.org\/{rel}","templated":true}]}}