{"id":457126,"date":"2025-10-12T09:45:14","date_gmt":"2025-10-12T09:45:14","guid":{"rendered":"https:\/\/www.europesays.com\/fr\/457126\/"},"modified":"2025-10-12T09:45:14","modified_gmt":"2025-10-12T09:45:14","slug":"20-km-de-paris-tous-les-resultats-et-les-classements-complets-de-cette-edition-record","status":"publish","type":"post","link":"https:\/\/www.europesays.com\/fr\/457126\/","title":{"rendered":"20\u00a0km de Paris\u00a0: tous les r\u00e9sultats et les classements complets de cette \u00e9dition record"},"content":{"rendered":"<p class=\"paragraph text_align_left lp-f-body-02\">Pari r\u00e9ussi. La <a href=\"https:\/\/www.leparisien.fr\/sports\/20-km-de-paris-2025-parcours-fontaines-a-eau-favoris-tout-savoir-sur-la-course-de-dimanche-10-10-2025-7FMZOQTULNAZ5GPE7T4C5KTMYI.php\" target=\"_blank\" rel=\"noreferrer nofollow noopener\">47e \u00e9dition des 20 km de Paris<\/a> a \u00e9t\u00e9 celui des records battus. Avant m\u00eame le d\u00e9but de la course, les organisateurs \u00e9taient heureux de porter le record de participants \u00e0 33 000 coureurs, soit 3 000 de plus que les affluences des \u00e9ditions pass\u00e9es.<\/p>\n<p class=\"paragraph text_align_left lp-f-body-02\">Ce record est tomb\u00e9 gr\u00e2ce \u00e0 l\u2019innovation des organisateurs qui ont propos\u00e9 une ligne de d\u00e9part et d\u2019arriv\u00e9e \u00e0 deux points diff\u00e9rents pour obtenir une meilleure fluidit\u00e9.<\/p>\n<p class=\"paragraph text_align_left lp-f-body-02\">C\u00f4t\u00e9 course, <a href=\"https:\/\/www.leparisien.fr\/sports\/athletisme\/mondiaux-dathletisme-jimmy-gressier-enchaine-et-se-qualifie-pour-la-finale-du-5-000-m-avec-deux-autres-francais-19-09-2025-EPMZ5XFXCRAMPETYSNF4I3I2RM.php\" target=\"_blank\" rel=\"noreferrer nofollow noopener\">Etienne Daguinos<\/a> \u00e9tait venu pour la gagne et le record. Il atteint son objectif en s\u2019imposant en 56\u203218\u2032&rsquo; et en battant m\u00eame au passage le record de France. Il devance Emmanuel Roudolff-Levisse, qui conc\u00e8de 13 secondes sur le vainqueur. L\u2019Espagnol Said Mechaal compl\u00e8te le podium.<\/p>\n<blockquote class=\"twitter-tweet\">\n<p lang=\"fr\" dir=\"ltr\">\ud83d\udea8 \ud835\udc76\ud835\udc6d\ud835\udc6d\ud835\udc70\ud835\udc6a\ud835\udc70\ud835\udc6c\ud835\udc73 ! Le recordman de France \u00c9tienne Daguinos (\ud83c\uddeb\ud83c\uddf7) est le magnifique vainqueur des \u00ab \ud835\udfd0\ud835\udfce \ud835\udc72\ud835\udc8a\ud835\udc8d\ud835\udc90\ud835\udc8e\ud835\udc86\u0300\ud835\udc95\ud835\udc93\ud835\udc86\ud835\udc94 \ud835\udc85\ud835\udc86 \ud835\udc77\ud835\udc82\ud835\udc93\ud835\udc8a\ud835\udc94 \u00bb \u00e0 l\u2019instant en 56min18 \ud83d\ude46\u200d\u2642\ufe0f C\u2019est une allure moyenne supersonique \ud835\udc85\ud835\udc86 \u2026 2:48\/km (du 21,31 km\/h) ! \ud83d\ude80 Il explose le record de la\u2026 <a href=\"https:\/\/t.co\/KxiJPSc2nw\" rel=\"nofollow\">pic.twitter.com\/KxiJPSc2nw<\/a><\/p>\n<p>\u2014 RUN\u2019IX (@RUN_IX) <a href=\"https:\/\/twitter.com\/RUN_IX\/status\/1977289213046297030?ref_src=twsrc%5Etfw\" rel=\"nofollow noopener\" target=\"_blank\">October 12, 2025<\/a><\/p><\/blockquote>\n<p class=\"paragraph text_align_left lp-f-body-02\">Chez les femmes, la victoire et le record de l\u2019\u00e9preuve sont revenus \u00e0 la K\u00e9nyane Mercy Chepwogen en 1h04\u203258\u2032&rsquo; devant la Marocaine Kaoutar Farkoussi, arriv\u00e9e 57 secondes plus tard. Victorieuse l\u2019an pass\u00e9, Manon Trapp termine troisi\u00e8me en 1h06\u203215\u2032&rsquo;<\/p>\n<p class=\"paragraph text_align_left lp-f-body-02\">Retrouvez tous les <a href=\"https:\/\/vredestein.20kmparis.com\/\" target=\"_blank\" rel=\"noreferrer nofollow noopener\">r\u00e9sultats et les classements de la 47e \u00e9dition des 20 km de Paris <\/a>sur le site officiel de l\u2019\u00e9preuve.<\/p>\n<p><script async src=\"https:\/\/platform.twitter.com\/widgets.js\" charset=\"utf-8\"><\/script><\/p>\n","protected":false},"excerpt":{"rendered":"Pari r\u00e9ussi. La 47e \u00e9dition des 20 km de Paris a \u00e9t\u00e9 celui des records battus. Avant m\u00eame&hellip;\n","protected":false},"author":2,"featured_media":457127,"comment_status":"","ping_status":"","sticky":false,"template":"","format":"standard","meta":{"footnotes":""},"categories":[1888],"tags":[11,1777,674,1011,27,12,626,25,60],"class_list":{"0":"post-457126","1":"post","2":"type-post","3":"status-publish","4":"format-standard","5":"has-post-thumbnail","7":"category-paris","8":"tag-actualites","9":"tag-eu","10":"tag-europe","11":"tag-fr","12":"tag-france","13":"tag-news","14":"tag-paris","15":"tag-republique-francaise","16":"tag-sports"},"share_on_mastodon":{"url":"https:\/\/pubeurope.com\/@fr\/115360558223444393","error":""},"_links":{"self":[{"href":"https:\/\/www.europesays.com\/fr\/wp-json\/wp\/v2\/posts\/457126","targetHints":{"allow":["GET"]}}],"collection":[{"href":"https:\/\/www.europesays.com\/fr\/wp-json\/wp\/v2\/posts"}],"about":[{"href":"https:\/\/www.europesays.com\/fr\/wp-json\/wp\/v2\/types\/post"}],"author":[{"embeddable":true,"href":"https:\/\/www.europesays.com\/fr\/wp-json\/wp\/v2\/users\/2"}],"replies":[{"embeddable":true,"href":"https:\/\/www.europesays.com\/fr\/wp-json\/wp\/v2\/comments?post=457126"}],"version-history":[{"count":0,"href":"https:\/\/www.europesays.com\/fr\/wp-json\/wp\/v2\/posts\/457126\/revisions"}],"wp:featuredmedia":[{"embeddable":true,"href":"https:\/\/www.europesays.com\/fr\/wp-json\/wp\/v2\/media\/457127"}],"wp:attachment":[{"href":"https:\/\/www.europesays.com\/fr\/wp-json\/wp\/v2\/media?parent=457126"}],"wp:term":[{"taxonomy":"category","embeddable":true,"href":"https:\/\/www.europesays.com\/fr\/wp-json\/wp\/v2\/categories?post=457126"},{"taxonomy":"post_tag","embeddable":true,"href":"https:\/\/www.europesays.com\/fr\/wp-json\/wp\/v2\/tags?post=457126"}],"curies":[{"name":"wp","href":"https:\/\/api.w.org\/{rel}","templated":true}]}}