{"id":457148,"date":"2025-10-12T09:56:16","date_gmt":"2025-10-12T09:56:16","guid":{"rendered":"https:\/\/www.europesays.com\/fr\/457148\/"},"modified":"2025-10-12T09:56:16","modified_gmt":"2025-10-12T09:56:16","slug":"paul-franquet-qualifie-pour-la-finale-quentin-debove-sur-lhotelplanner-tour","status":"publish","type":"post","link":"https:\/\/www.europesays.com\/fr\/457148\/","title":{"rendered":"Paul Franquet qualifi\u00e9 pour la finale, Quentin Debove sur l\u2019HotelPlanner Tour\u00a0"},"content":{"rendered":"<p>\t\t\t\t\t\t<img width=\"770\" height=\"556\" src=\"https:\/\/www.europesays.com\/fr\/wp-content\/uploads\/2025\/10\/54782709949_a11e79f994_4k-770x556.jpg\" class=\"img-responsive wp-post-image\" alt=\"\" decoding=\"async\" fetchpriority=\"high\"  \/>\t\t\t\t\t<\/p>\n<p>\t\t\t\t\t\t Partager cet article <\/p>\n<p class=\"screen-reader-text juiz_sps_maybe_hidden_text\">Partager la publication \u00ab\u00a0Paul Franquet qualifi\u00e9 pour la finale, Quentin Debove sur l\u2019HotelPlanner Tour\u00a0\u00ab\u00a0<\/p>\n<p><strong>\u00c0 Parme, Paul Franquet (photo) s\u2019est offert un top 10, s\u2019assurant de justesse une place pour la finale. Quentin Debove a valid\u00e9 sa mont\u00e9e sur l\u2019\u00e9chelon sup\u00e9rieur.<\/strong><\/p>\n<p>\t\t\t\t\t<a id=\"188677\" href=\"https:\/\/www.mazaganbeachresort.com\/fr\/golfer-getaway\" target=\"_blank\" rel=\"sponsorised nofollow noopener\"><img decoding=\"async\" src=\"data:image\/svg+xml,%3Csvg%20xmlns=\" http:=\"\" class=\"img-responsive\" alt=\"\" data-lazy-src=\"https:\/\/www.europesays.com\/fr\/wp-content\/uploads\/2025\/10\/mazagan-e01-evasion-golfique-1170x275-1.jpeg\"\/><\/a><\/p>\n<p>Comme souvent sur l\u2019<strong>Alps Tour<\/strong>, le titre s\u2019est jou\u00e9 \u00e0 un rien. Malgr\u00e9 un bogey au 18, <strong>Jacopo Vecchi Fossa<\/strong> s\u2019est offert une deuxi\u00e8me victoire cette saison, apr\u00e8s l\u2019<strong>Open de La Mirabelle d\u2019Or<\/strong>. Un succ\u00e8s qui a permis \u00e0 l\u2019Italien de prendre la deuxi\u00e8me place du g\u00e9n\u00e9ral et d\u2019assurer son retour sur la deuxi\u00e8me division avant le dernier rendez-vous de la saison.<\/p>\n<p><a href=\"https:\/\/alpstourgolf.com\/reports?url=https%3A%2F%2Falps.ocs-ffg.com%2Ftic%2Ftmresult.cgi%3Ftourn%3DITA2~season%3D2025result%3DPF~%26&amp;id=2025&amp;code=ITA2&amp;title=Final%20Result\" target=\"_blank\" rel=\"noopener nofollow\">Le classement complet<\/a><\/p>\n<p>Celui qui avait fait forte impression lors de son open national avec une dixi\u00e8me place a devanc\u00e9 <strong>Javier Barcos <\/strong>et<strong> Asier Aguirre Izcue<\/strong> d\u2019une longueur. Ce dernier en a profit\u00e9 pour prendre la cinqui\u00e8me place de l\u2019ordre du m\u00e9rite.<\/p>\n<blockquote class=\"instagram-media\" style=\"background: #FFF; border: 0; border-radius: 3px; box-shadow: 0 0 1px 0 rgba(0,0,0,0.5),0 1px 10px 0 rgba(0,0,0,0.15); margin: 1px; max-width: 540px; min-width: 326px; padding: 0; width: calc(100% - 2px);\" data-instgrm-captioned=\"\" data-instgrm-permalink=\"https:\/\/www.instagram.com\/p\/DPrIjAyDEUX\/?utm_source=ig_embed&amp;utm_campaign=loading\" data-instgrm-version=\"14\"><p>&#13;<br \/>\n&#13;\n<\/p><\/blockquote>\n<p>Meilleure performance en carri\u00e8re pour Paul Franquet<\/p>\n<p>Pass\u00e9 pro \u00e0 la rentr\u00e9e, <strong>Paul Franquet<\/strong> a confirm\u00e9 ses tr\u00e8s bons d\u00e9buts avec son nouveau statut en signant une sixi\u00e8me place, sa meilleure performance en carri\u00e8re sur ce circuit. Co-leader apr\u00e8s deux tours, il a, comme il y a quelques jours \u00e0 l\u2019<strong>Open d\u2019Arcachon<\/strong>, accus\u00e9 le coup lors du dernier tour avec un 73 (+1). Il est ainsi remont\u00e9 \u00e0 la 42e place du g\u00e9n\u00e9ral, s\u2019assurant une place pour la finale la semaine prochaine \u00e0 Rome.<\/p>\n<p><a href=\"https:\/\/alpstourgolf.com\/stats\" target=\"_blank\" rel=\"noopener nofollow\">Le classement g\u00e9n\u00e9ral<\/a><\/p>\n<p><strong>Paul Margolis<\/strong> a termin\u00e9 un coup derri\u00e8re, au huiti\u00e8me rang. <strong>Quentin Debove<\/strong> a, quant \u00e0 lui, pris la 19e place. Le vainqueur du<strong> Hauts-de-France \u2013 Pas-de-Calais Open<\/strong>, troisi\u00e8me de l\u2019ordre du m\u00e9rite, est d\u00e9sormais assur\u00e9 de finir dans le top 5 du g\u00e9n\u00e9ral et d\u2019\u00e9voluer sur l\u2019<strong>HotelPlanner Tour<\/strong> l\u2019an prochain.<\/p>\n<p>\t\t\t\t\t<a id=\"180479\" href=\"https:\/\/www.swing.fr\/voyage\/35-14eme-edition-des-doubles-gosset-by-beachcomber\" target=\"_blank\" rel=\"sponsorised nofollow noopener\"><img decoding=\"async\" src=\"data:image\/svg+xml,%3Csvg%20xmlns=\" http:=\"\" class=\"img-responsive\" alt=\"\" data-lazy-src=\"https:\/\/www.europesays.com\/fr\/wp-content\/uploads\/2025\/07\/beachcomber-e01-doubles-gosset-26-1170x275-1.jpg\"\/><\/a><br \/>\nLe leaderboard<\/p>\n<p><img loading=\"lazy\" decoding=\"async\" class=\"alignnone wp-image-188939 size-large\" src=\"data:image\/svg+xml,%3Csvg%20xmlns=\" http:=\"\" alt=\"\" width=\"770\" height=\"313\" data-lazy- data-lazy- data-lazy-src=\"https:\/\/www.europesays.com\/fr\/wp-content\/uploads\/2025\/10\/capture-decran-2025-10-11-a-23.49.53-770x313.png\"\/><\/p>\n<p>\u00a9Alps Tour\/Raffaele Canepa<\/p>\n<p>\t\t\t<script async src=\"\/\/www.instagram.com\/embed.js\"><\/script><\/p>\n","protected":false},"excerpt":{"rendered":"Partager cet article Partager la publication \u00ab\u00a0Paul Franquet qualifi\u00e9 pour la finale, Quentin Debove sur l\u2019HotelPlanner Tour\u00a0\u00ab\u00a0 \u00c0&hellip;\n","protected":false},"author":2,"featured_media":457149,"comment_status":"","ping_status":"","sticky":false,"template":"","format":"standard","meta":{"footnotes":""},"categories":[1418],"tags":[1011,27,1472,60],"class_list":{"0":"post-457148","1":"post","2":"type-post","3":"status-publish","4":"format-standard","5":"has-post-thumbnail","7":"category-golf","8":"tag-fr","9":"tag-france","10":"tag-golf","11":"tag-sports"},"share_on_mastodon":{"url":"https:\/\/pubeurope.com\/@fr\/115360601527735286","error":""},"_links":{"self":[{"href":"https:\/\/www.europesays.com\/fr\/wp-json\/wp\/v2\/posts\/457148","targetHints":{"allow":["GET"]}}],"collection":[{"href":"https:\/\/www.europesays.com\/fr\/wp-json\/wp\/v2\/posts"}],"about":[{"href":"https:\/\/www.europesays.com\/fr\/wp-json\/wp\/v2\/types\/post"}],"author":[{"embeddable":true,"href":"https:\/\/www.europesays.com\/fr\/wp-json\/wp\/v2\/users\/2"}],"replies":[{"embeddable":true,"href":"https:\/\/www.europesays.com\/fr\/wp-json\/wp\/v2\/comments?post=457148"}],"version-history":[{"count":0,"href":"https:\/\/www.europesays.com\/fr\/wp-json\/wp\/v2\/posts\/457148\/revisions"}],"wp:featuredmedia":[{"embeddable":true,"href":"https:\/\/www.europesays.com\/fr\/wp-json\/wp\/v2\/media\/457149"}],"wp:attachment":[{"href":"https:\/\/www.europesays.com\/fr\/wp-json\/wp\/v2\/media?parent=457148"}],"wp:term":[{"taxonomy":"category","embeddable":true,"href":"https:\/\/www.europesays.com\/fr\/wp-json\/wp\/v2\/categories?post=457148"},{"taxonomy":"post_tag","embeddable":true,"href":"https:\/\/www.europesays.com\/fr\/wp-json\/wp\/v2\/tags?post=457148"}],"curies":[{"name":"wp","href":"https:\/\/api.w.org\/{rel}","templated":true}]}}