{"id":45715,"date":"2025-04-23T04:51:23","date_gmt":"2025-04-23T04:51:23","guid":{"rendered":"https:\/\/www.europesays.com\/fr\/45715\/"},"modified":"2025-04-23T04:51:23","modified_gmt":"2025-04-23T04:51:23","slug":"a-rennes-face-a-une-image-degradee-du-quartier-ces-habitants-de-villejean-veulent-recreer-du","status":"publish","type":"post","link":"https:\/\/www.europesays.com\/fr\/45715\/","title":{"rendered":"\u00c0 Rennes, face \u00e0 une image d\u00e9grad\u00e9e du quartier, ces habitants de Villejean veulent recr\u00e9er du"},"content":{"rendered":"<p>Des comit\u00e9s populaires d\u2019entraide et de solidarit\u00e9 (CPES) existent d\u00e9j\u00e0 \u00e0 Lyon, Toulouse, Saint-Denis. \u00c0 Rennes, la section du quartier de Villejean est n\u00e9e, officiellement, mercredi dernier 16 avril 2025. Aucun lien direct donc avec <a href=\"https:\/\/rennes.maville.com\/actu\/actudet_-fusillade-dans-un-subway-a-rennes-retour-en-quatre-actes-sur-une-scene-d-une-rare-violence-_7-6771397_actu.Htm\" target=\"_blank\" rel=\"noopener\">la fusillade, sur fond de narcotrafic, du lendemain jeudi au restaurant Subway,<\/a> \u00e0 l\u2019entr\u00e9e de la dalle Kennedy. M\u00eame si ces \u00e9pisodes de tirs \u00e0 r\u00e9p\u00e9tition, qui ternissent l\u2019image du quartier et cr\u00e9ent un climat d\u2019ins\u00e9curit\u00e9, concernent \u00e9videmment les membres du comit\u00e9. <strong>\u00ab\u00a0Renforcer la pr\u00e9sence polici\u00e8re, est-ce la solution\u00a0? <\/strong>s\u2019interrogent deux d\u2019entre eux, Lise et Oscar. <strong>Nous n\u2019en sommes pas convaincus.\u00a0\u00bb <\/strong>Ils doutent aussi de l\u2019efficacit\u00e9 de <a href=\"https:\/\/rennes.maville.com\/actu\/actudet_--preserver-le-bon-ordre-la-ville-de-rennes-interdit-les-regroupements-sur-la-dalle-de-kennedy-_7-6704520_actu.Htm\" rel=\"nofollow noopener\" target=\"_blank\">l\u2019interdiction de tout rassemblement sur la dalle,<\/a> d\u00e9cr\u00e9t\u00e9e par la Ville de Rennes. <strong>\u00ab\u00a0Faites le vide et les dealers le combleront, <\/strong>augurent-ils. <strong>Nous proposons, au contraire, d\u2019animer Kennedy, o\u00f9 le sentiment d\u2019ins\u00e9curit\u00e9 n\u2019est pas permanent, en organisant, par exemple, une permanence d\u2019entraide administrative \u00e0 l\u2019intention des habitants.\u00a0\u00bb<\/strong><\/p>\n<p>\t<img decoding=\"async\" src=\"https:\/\/www.europesays.com\/fr\/wp-content\/uploads\/2025\/04\/P35184844D6775681G_px_640_.jpg\" alt=\"photo oscar et lise, deux membres du comit\u00e9 populaire qui vient de se monter \u00e0 villejean.  \u00a9  ouest-france\" width=\"640\" title=\" Oscar et Lise, deux membres du comit\u00e9 populaire qui vient de se monter \u00e0 Villejean.   ouest-france \"\/><\/p>\n<p class=\"elmt-legende\"> Oscar et Lise, deux membres du comit\u00e9 populaire qui vient de se monter \u00e0 Villejean.   ouest-france <\/p>\n<p>Chauffages d\u00e9fectueux, coupures d\u2019eau<\/p>\n<p>Le comit\u00e9 populaire souhaite recr\u00e9er du lien social. <strong>\u00ab\u00a0Il s\u2019est perdu au fil du temps \u00bb, <\/strong>constatent Oscar et Lise qui alertent sur l\u2019\u00e9tat des logements du quartier aux chauffages d\u00e9fectueux, en proie \u00e0 <a href=\"http:\/\/www.rennes.maville.com\/actu\/actudet_-rennes.-murs-moisis-a-villejean-des-locataires-en-colere_52674-3234880_actu.Htm\" target=\"_blank\" rel=\"noopener\">des coupures d\u2019eau et \u00e0 des<strong> \u00ab\u00a0probl\u00e8mes de moisissure \u00bb.<\/strong>\u00a0<\/a>Un rendez-vous avec le bailleur social est pr\u00e9vu. <strong>\u00ab\u00a0Ces probl\u00e8mes d\u2019eau, de chauffage, existaient d\u00e9j\u00e0 dans les ann\u00e9es 1970. Mais, \u00e0 l\u2019\u00e9poque, l\u2019association des r\u00e9sidents de Villejean mettait 500\u00a0personnes dans la rue pour manifester\u00a0!\u00a0\u00bb <\/strong>Le comit\u00e9, qui revendique son ind\u00e9pendance, en appelle \u00e0 un sursaut des habitants afin qu\u2019ils <strong>\u00ab\u00a0reprennent en main\u00a0la vie de leur quartier\u00a0\u00bb <\/strong>en s\u2019unissant et en renouant avec des valeurs de solidarit\u00e9. Afin de se faire conna\u00eetre, ses membres tiendront un stand, vendredi matin 25 avril 2025, sur le march\u00e9, rue de Bourgogne.<\/p>\n<p>\u00a0<\/p>\n","protected":false},"excerpt":{"rendered":"Des comit\u00e9s populaires d\u2019entraide et de solidarit\u00e9 (CPES) existent d\u00e9j\u00e0 \u00e0 Lyon, Toulouse, Saint-Denis. \u00c0 Rennes, la section&hellip;\n","protected":false},"author":2,"featured_media":45716,"comment_status":"","ping_status":"","sticky":false,"template":"","format":"standard","meta":{"footnotes":""},"categories":[2821],"tags":[1111,11,829,13479,1777,674,2823,1011,27,4021,13478,4415,12,5775,13480,584,25,5375],"class_list":{"0":"post-45715","1":"post","2":"type-post","3":"status-publish","4":"format-standard","5":"has-post-thumbnail","7":"category-rennes","8":"tag-actu","9":"tag-actualites","10":"tag-bretagne","11":"tag-degradee","12":"tag-eu","13":"tag-europe","14":"tag-face","15":"tag-fr","16":"tag-france","17":"tag-habitants","18":"tag-image","19":"tag-lien","20":"tag-news","21":"tag-quartier","22":"tag-recreer","23":"tag-rennes","24":"tag-republique-francaise","25":"tag-villejean"},"share_on_mastodon":{"url":"https:\/\/pubeurope.com\/@fr\/114385484719441445","error":""},"_links":{"self":[{"href":"https:\/\/www.europesays.com\/fr\/wp-json\/wp\/v2\/posts\/45715","targetHints":{"allow":["GET"]}}],"collection":[{"href":"https:\/\/www.europesays.com\/fr\/wp-json\/wp\/v2\/posts"}],"about":[{"href":"https:\/\/www.europesays.com\/fr\/wp-json\/wp\/v2\/types\/post"}],"author":[{"embeddable":true,"href":"https:\/\/www.europesays.com\/fr\/wp-json\/wp\/v2\/users\/2"}],"replies":[{"embeddable":true,"href":"https:\/\/www.europesays.com\/fr\/wp-json\/wp\/v2\/comments?post=45715"}],"version-history":[{"count":0,"href":"https:\/\/www.europesays.com\/fr\/wp-json\/wp\/v2\/posts\/45715\/revisions"}],"wp:featuredmedia":[{"embeddable":true,"href":"https:\/\/www.europesays.com\/fr\/wp-json\/wp\/v2\/media\/45716"}],"wp:attachment":[{"href":"https:\/\/www.europesays.com\/fr\/wp-json\/wp\/v2\/media?parent=45715"}],"wp:term":[{"taxonomy":"category","embeddable":true,"href":"https:\/\/www.europesays.com\/fr\/wp-json\/wp\/v2\/categories?post=45715"},{"taxonomy":"post_tag","embeddable":true,"href":"https:\/\/www.europesays.com\/fr\/wp-json\/wp\/v2\/tags?post=45715"}],"curies":[{"name":"wp","href":"https:\/\/api.w.org\/{rel}","templated":true}]}}