{"id":457152,"date":"2025-10-12T09:59:11","date_gmt":"2025-10-12T09:59:11","guid":{"rendered":"https:\/\/www.europesays.com\/fr\/457152\/"},"modified":"2025-10-12T09:59:11","modified_gmt":"2025-10-12T09:59:11","slug":"le-blog-de-la-redac-atp-shanghai-pour-sa-fin-de-carriere-djokovic-peut-helas-nous-faire-une-nadal","status":"publish","type":"post","link":"https:\/\/www.europesays.com\/fr\/457152\/","title":{"rendered":"Le blog de la r\u00e9dac&rsquo;, ATP &#8211; Shanghai > Pour sa fin de carri\u00e8re, Djokovic peut h\u00e9las nous faire une Nadal&#8230;"},"content":{"rendered":"<p>Terminer une carri\u00e8re en beaut\u00e9 n\u2019est pas simple et le parcours du fameux Big 4 dans ce domaine nous donne quelques indications.<\/p>\n<p>Si Murray est parti, pour revenir, et r\u00e9aliser quelques \u00e9pop\u00e9es \u00e9piques, Rafael Nadal a bien jou\u00e9 des matches de trop. Tous les fans se souviennent du tournoi de Bastad o\u00f9 sa balle n\u2019avan\u00ad\u00e7ait pas comme son dernier duel offi\u00adciel en Coupe Davis face \u00e0 Botic Van de Zandschulp\u00a0o\u00f9 il \u00e9tait l\u2019ombre de lui\u00a0m\u00eame.<\/p>\n<p>Au final, seul Roger Federer n\u2019a pas \u00e9gra\u00adtign\u00e9 son\u00a0image.\u00a0<\/p>\n<p>Souffrant de son genou, il a tir\u00e9 sa r\u00e9f\u00e9\u00adrence face \u00e0 Hurkacz en 1\u20444 de finale de Wimbledon le temple du tennis. Mieux, personne ne se souvient du 6\u20130  lors de son dernier set offi\u00adciel jou\u00e9 sur le tour telle\u00adment son d\u00e9part d\u00e9fi\u00adnitif lors de sa Laver Cup a \u00e9t\u00e9 grandiose.<\/p>\n<p>Hier, voir le GOAT sur le sol, grima\u00ad\u00e7ant, trans\u00adpi\u00adrant, les traits tir\u00e9s sans \u00e9nergie, cela nous rappelle donc forc\u00e9\u00adment le Nadal de la fin, fatigu\u00e9, sans\u00a0punch.<\/p>\n<p>Il serait donc temps que Nole fasse un vrai point sur ce qui est possible et impos\u00adsible, qu\u2019il l\u2019an\u00adnonce et qu\u2019il s\u2019y tienne car pour ses fans et le tennis ce serait forc\u00e9\u00adment plus simple et moins stres\u00adsant, s\u2019obs\u00adtiner ne sert \u00e0\u00a0rien.\u00a0<\/p>\n<p>Il est le GOAT, il m\u00e9rite une sortie digne de son palmar\u00e8s stratosph\u00e9rique.<\/p>\n<p class=\"post-published-date\" style=\"color: silver; font-size: 75%; text-align: left;\">Publi\u00e9 le dimanche 12 octobre 2025 \u00e0 10:27<\/p>\n","protected":false},"excerpt":{"rendered":"Terminer une carri\u00e8re en beaut\u00e9 n\u2019est pas simple et le parcours du fameux Big 4 dans ce domaine&hellip;\n","protected":false},"author":2,"featured_media":457153,"comment_status":"","ping_status":"","sticky":false,"template":"","format":"standard","meta":{"footnotes":""},"categories":[1415],"tags":[4737,105,2199,1011,27,1960,60,1467],"class_list":{"0":"post-457152","1":"post","2":"type-post","3":"status-publish","4":"format-standard","5":"has-post-thumbnail","7":"category-tennis","8":"tag-andy-murray","9":"tag-djokovic","10":"tag-federer","11":"tag-fr","12":"tag-france","13":"tag-nadal","14":"tag-sports","15":"tag-tennis"},"share_on_mastodon":{"url":"https:\/\/pubeurope.com\/@fr\/115360613239974245","error":""},"_links":{"self":[{"href":"https:\/\/www.europesays.com\/fr\/wp-json\/wp\/v2\/posts\/457152","targetHints":{"allow":["GET"]}}],"collection":[{"href":"https:\/\/www.europesays.com\/fr\/wp-json\/wp\/v2\/posts"}],"about":[{"href":"https:\/\/www.europesays.com\/fr\/wp-json\/wp\/v2\/types\/post"}],"author":[{"embeddable":true,"href":"https:\/\/www.europesays.com\/fr\/wp-json\/wp\/v2\/users\/2"}],"replies":[{"embeddable":true,"href":"https:\/\/www.europesays.com\/fr\/wp-json\/wp\/v2\/comments?post=457152"}],"version-history":[{"count":0,"href":"https:\/\/www.europesays.com\/fr\/wp-json\/wp\/v2\/posts\/457152\/revisions"}],"wp:featuredmedia":[{"embeddable":true,"href":"https:\/\/www.europesays.com\/fr\/wp-json\/wp\/v2\/media\/457153"}],"wp:attachment":[{"href":"https:\/\/www.europesays.com\/fr\/wp-json\/wp\/v2\/media?parent=457152"}],"wp:term":[{"taxonomy":"category","embeddable":true,"href":"https:\/\/www.europesays.com\/fr\/wp-json\/wp\/v2\/categories?post=457152"},{"taxonomy":"post_tag","embeddable":true,"href":"https:\/\/www.europesays.com\/fr\/wp-json\/wp\/v2\/tags?post=457152"}],"curies":[{"name":"wp","href":"https:\/\/api.w.org\/{rel}","templated":true}]}}