{"id":457154,"date":"2025-10-12T10:01:16","date_gmt":"2025-10-12T10:01:16","guid":{"rendered":"https:\/\/www.europesays.com\/fr\/457154\/"},"modified":"2025-10-12T10:01:16","modified_gmt":"2025-10-12T10:01:16","slug":"le-motogp-ne-prevoit-pas-de-depasser-22-grands-prix-par-an","status":"publish","type":"post","link":"https:\/\/www.europesays.com\/fr\/457154\/","title":{"rendered":"Le MotoGP ne pr\u00e9voit pas de d\u00e9passer 22 Grands Prix par an"},"content":{"rendered":"<p>De plus en plus populaire et faisant face \u00e0 une demande croissante de la part de diff\u00e9rentes r\u00e9gions du monde, notamment l&rsquo;Asie, le MotoGP a int\u00e9gr\u00e9 plusieurs nouveaux circuits \u00e0 son calendrier ces derni\u00e8res ann\u00e9es.\u00a0Cette expansion vers de nouveaux territoires a fait passer le championnat de 19 courses par an avant le Covid, en 2019, \u00e0 un record de 22 Grands Prix cette ann\u00e9e, soit seulement deux de moins que la <a href=\"https:\/\/fr.motorsport.com\/f1\/\" target=\"_self\" rel=\"noopener nofollow\">Formule 1<\/a> qui bat elle-m\u00eame ses records avec 24 manches d\u00e9sormais au programme.<\/p>\n<p>La diff\u00e9rence entre les deux championnats tient notamment dans la tenue des courses sprints, qui font partie du programme immuable des week-ends en MotoGP depuis trois ans alors qu&rsquo;elles sont limit\u00e9es \u00e0 quelques rendez-vous par an en F1. Cela fait dont un total de 44 d\u00e9parts \u00e0 prendre au cours de la saison pour les pilotes des Grands Prix moto, avec un impact non n\u00e9gligeable sur l&rsquo;intensit\u00e9 de leur ann\u00e9e et leur fatigue g\u00e9n\u00e9rale, tant physique que mentale.<\/p>\n<p>Lire aussi :<\/p>\n<p>Le championnat a cherch\u00e9 \u00e0 r\u00e9pondre \u00e0 ce constat en supprimant les s\u00e9ries de trois \u00e9preuves sans pause. Carlos Ezpeleta est all\u00e9 plus loin, en d\u00e9clarant en marge du GP d&rsquo;Indon\u00e9sie, le week-end dernier, que le MotoGP n&rsquo;alourdirait pas son calendrier dans les ann\u00e9es \u00e0 venir. Le nombre de 22 Grands Prix par an est, selon le directeur sportif de Dorna Sports, le bon \u00e9quilibre autour duquel le championnat va d\u00e9sormais op\u00e9rer.<\/p>\n<p>\u00ab\u00a0Nous n&rsquo;avons absolument aucune intention d&rsquo;aller au-del\u00e0 de 22 courses\u00a0\u00bb, a-t-il en effet confi\u00e9 \u00e0 TNT Sport.<\/p>\n<p>Le\u00a0<a href=\"https:\/\/fr.motorsport.com\/motogp\/news\/calendrier-2026-motogp-dates-circuits\/10744459\/\" target=\"_self\" rel=\"noopener nofollow\">calendrier MotoGP 2026<\/a> s&rsquo;est inscrit dans la continuit\u00e9 et a \u00e9t\u00e9 salu\u00e9 lors de son annonce, cet \u00e9t\u00e9, bien qu&rsquo;il s&rsquo;\u00e9tende de fin f\u00e9vrier \u00e0 fin novembre et r\u00e9duise la plage d\u00e9di\u00e9e aux essais d&rsquo;avant-saison. Il ne comporte donc pas plus de deux Grands Prix sans pause. Et si le championnat fait certes la part belle au continent europ\u00e9en, lequel accueille 14 Grands Prix, il touche aussi l&rsquo;Am\u00e9rique et l&rsquo;Asie, en passant par l&rsquo;Oc\u00e9anie et le Moyen-Orient, avec un m\u00e9lange d&rsquo;\u00e9preuves historiques et de territoires plus r\u00e9cents.<\/p>\n<p>Moto2 et Moto3 seront l\u00e0 tous les week-ends<\/p>\n<p>Par ailleurs, apr\u00e8s avoir d\u00e9j\u00e0 r\u00e9pondu <a href=\"https:\/\/fr.motorsport.com\/motogp\/news\/ezpeleta-dement-rumeurs-infondees-moto2-moto3\/10763961\/\" target=\"_self\" rel=\"noopener nofollow\">fermement aux rumeurs circulant sur l&rsquo;avenir des championnats Moto2 et Moto3<\/a>, en r\u00e9action aux changements initi\u00e9s par Liberty Media, Carlos Ezpeleta a r\u00e9it\u00e9r\u00e9 que ces deux s\u00e9ries demeureront une partie int\u00e9grante de l&rsquo;\u00e9cosyst\u00e8me des Grands Prix moto.<\/p>\n<p>Il affirme que les Grands Prix continueront d&rsquo;inclure les trois cat\u00e9gories chaque week-end, entretenant donc une diff\u00e9rence notable avec la mani\u00e8re dont fonctionnent les championnats de F2 et de F3 par rapport \u00e0 la F1.<\/p>\n<p>   <img decoding=\"async\" draggable=\"false\" src=\"https:\/\/www.europesays.com\/fr\/wp-content\/uploads\/2025\/10\/1760263276_230_diogo-moreira-italtrans-racing.jpg\" alt=\"Il n'est pas envisag\u00e9 de faire des week-ends sans les championnats Moto2 et Moto3.\" width=\"1200\" height=\"800\" loading=\"lazy\"\/> <\/p>\n<p class=\"title\">Il n&rsquo;est pas envisag\u00e9 de faire des week-ends sans les championnats Moto2 et Moto3.<\/p>\n<p class=\"photographer\">Photo de: Gold and Goose Photography \/ LAT Images \/ via Getty Images<\/p>\n<p>\u00ab\u00a0Dans toutes les discussions que nous avons eues avec elles, les \u00e9quipes de Moto2 et Moto3 ont toujours dit qu&rsquo;il \u00e9tait essentiel pour elles d&rsquo;\u00eatre pr\u00e9sentes \u00e0 chaque \u00e9v\u00e9nement, et nous n&rsquo;aurons jamais de volont\u00e9 proactive de ne pas les inclure lors d&rsquo;un \u00e9v\u00e9nement\u00a0\u00bb, a d\u00e9clar\u00e9 Carlos Ezpeleta.<\/p>\n<p>\u00ab\u00a0Ce serait une autre histoire si les \u00e9quipes Moto3 et Moto2 venaient nous dire : &lsquo;Nous ne pouvons plus faire 22 courses&rsquo;. Alors la discussion changerait, mais nous essaierions malgr\u00e9 tout de les aider \u00e0 rester \u00e0 tous les \u00e9v\u00e9nements.\u00a0Mais en aucun cas, ce n&rsquo;est notre objectif qu&rsquo;elles ne soient pas avec nous \u00e0 chaque \u00e9v\u00e9nement.\u00a0\u00bb<\/p>\n<p>La derni\u00e8re ann\u00e9e o\u00f9 le calendrier MotoGP a int\u00e9gr\u00e9 volontairement une \u00e9preuve n&rsquo;accueillant que la cat\u00e9gorie MotoGP est 2013, avant la sortie de Laguna Seca du programme. Ce sont des questions de s\u00e9curit\u00e9 qui justifiaient \u00e0 l&rsquo;\u00e9poque que les petites cylindr\u00e9es ne roulent pas sur le circuit californien. Depuis, un seul Grand Prix n&rsquo;a pas \u00e9t\u00e9 en mesure de r\u00e9unir les trois cat\u00e9gories, et ce fut celui du Qatar en 2020, lorsque l&rsquo;explosion du Covid a emp\u00each\u00e9 les \u00e9quipes MotoGP de rejoindre celles des championnat Moto2 et Moto3, d\u00e9j\u00e0 sur place et en capacit\u00e9 de maintenir leur Grand Prix.<\/p>\n<p>Lire aussi :<\/p>\n<p>            Votre avis nous int\u00e9resse !<\/p>\n<p class=\"mt-auto\">Qu&rsquo;aimeriez-vous voir sur Motorsport.com ?<\/p>\n<p>            <a href=\"#\" class=\"ms-link text-link font-bold\">R\u00e9pondez \u00e0 notre enqu\u00eate de 5 minutes.<\/a><\/p>\n<p class=\"mt-1 font-info text-body\">&#8211; L&rsquo;\u00e9quipe Motorsport.com<\/p>\n","protected":false},"excerpt":{"rendered":"De plus en plus populaire et faisant face \u00e0 une demande croissante de la part de diff\u00e9rentes r\u00e9gions&hellip;\n","protected":false},"author":2,"featured_media":457155,"comment_status":"","ping_status":"","sticky":false,"template":"","format":"standard","meta":{"footnotes":""},"categories":[1413],"tags":[1011,27,58226,1457,1456,1458,60],"class_list":{"0":"post-457154","1":"post","2":"type-post","3":"status-publish","4":"format-standard","5":"has-post-thumbnail","7":"category-moto","8":"tag-fr","9":"tag-france","10":"tag-le-motogp-ne-pru00e9voit-pas-de-du00e9passer-22-grands-prix-par-an","11":"tag-moto","12":"tag-motocycle","13":"tag-motogp","14":"tag-sports"},"share_on_mastodon":{"url":"https:\/\/pubeurope.com\/@fr\/115360621561519856","error":""},"_links":{"self":[{"href":"https:\/\/www.europesays.com\/fr\/wp-json\/wp\/v2\/posts\/457154","targetHints":{"allow":["GET"]}}],"collection":[{"href":"https:\/\/www.europesays.com\/fr\/wp-json\/wp\/v2\/posts"}],"about":[{"href":"https:\/\/www.europesays.com\/fr\/wp-json\/wp\/v2\/types\/post"}],"author":[{"embeddable":true,"href":"https:\/\/www.europesays.com\/fr\/wp-json\/wp\/v2\/users\/2"}],"replies":[{"embeddable":true,"href":"https:\/\/www.europesays.com\/fr\/wp-json\/wp\/v2\/comments?post=457154"}],"version-history":[{"count":0,"href":"https:\/\/www.europesays.com\/fr\/wp-json\/wp\/v2\/posts\/457154\/revisions"}],"wp:featuredmedia":[{"embeddable":true,"href":"https:\/\/www.europesays.com\/fr\/wp-json\/wp\/v2\/media\/457155"}],"wp:attachment":[{"href":"https:\/\/www.europesays.com\/fr\/wp-json\/wp\/v2\/media?parent=457154"}],"wp:term":[{"taxonomy":"category","embeddable":true,"href":"https:\/\/www.europesays.com\/fr\/wp-json\/wp\/v2\/categories?post=457154"},{"taxonomy":"post_tag","embeddable":true,"href":"https:\/\/www.europesays.com\/fr\/wp-json\/wp\/v2\/tags?post=457154"}],"curies":[{"name":"wp","href":"https:\/\/api.w.org\/{rel}","templated":true}]}}