{"id":457158,"date":"2025-10-12T10:03:11","date_gmt":"2025-10-12T10:03:11","guid":{"rendered":"https:\/\/www.europesays.com\/fr\/457158\/"},"modified":"2025-10-12T10:03:11","modified_gmt":"2025-10-12T10:03:11","slug":"evenepoel-fier-davoir-tout-donne-pour-sa-derniere","status":"publish","type":"post","link":"https:\/\/www.europesays.com\/fr\/457158\/","title":{"rendered":"Evenepoel fier d&rsquo;avoir tout donn\u00e9 pour sa derni\u00e8re"},"content":{"rendered":"<p class=\"date\">\n                                                            Aur\u00e9lie Sacchelli, Media365, publi\u00e9 le dimanche 12 octobre 2025 \u00e0 11h22\n                                                    <\/p>\n<p>Pour sa toute derni\u00e8re course avec Soudal-Quick Step, Remco Evenepoel a termin\u00e9 deuxi\u00e8me du Tour de Lombardie derri\u00e8re l&rsquo;ogre Tadej Pogacar. Le Belge est fier du devoir accompli et a d\u00e9sormais h\u00e2te de se lancer dans un nouveau chapitre de sa carri\u00e8re.<\/p>\n<p>Remco Evenepoel a tourn\u00e9 une grande page de sa carri\u00e8re, et m\u00eame de sa vie, samedi soir. Le coureur belge de 25 ans a disput\u00e9 sa toute derni\u00e8re course sous les couleurs de Soudal-Quick Step, son \u00e9quipe de presque toujours, qu&rsquo;il avait rejointe en 2019 lorsqu&rsquo;il est pass\u00e9 professionnel. Le double champion olympique a termin\u00e9, pour la deuxi\u00e8me ann\u00e9e cons\u00e9cutive, <a href=\"https:\/\/sports.orange.fr\/cyclisme\/classiques\/article\/tour-de-lombardie-pogacar-s-offre-un-cinquieme-succes-de-rang-CNT000002la3Sm.html\" rel=\"nofollow noopener\" target=\"_blank\">deuxi\u00e8me du Tour de Lombardie derri\u00e8re Tadej Pogacar<\/a>, d\u00e9sormais quintuple vainqueur de l&rsquo;\u00e9preuve. Apr\u00e8s la course, Remco Evenepoel, d\u00e9j\u00e0 deuxi\u00e8me des championnats du monde et deuxi\u00e8me des championnats d&rsquo;Europe derri\u00e8re le Slov\u00e8ne ces deux derni\u00e8res semaines, n&rsquo;avait pas de regrets. \u00ab\u00a0J&rsquo;ai tout donn\u00e9, le m\u00eame gars \u00e9tait encore meilleur. Au final, j&rsquo;ai encore termin\u00e9 deuxi\u00e8me, mais je suis content de ma performance. Je peux \u00eatre fier de la fa\u00e7on dont j&rsquo;ai termin\u00e9 la saison, a-t-il confi\u00e9 en descendant du podium. C&rsquo;\u00e9tait comme \u00e7a ces derni\u00e8res courses. Quand le rythme est \u00e9lev\u00e9, Pogacar peut acc\u00e9l\u00e9rer un peu. Les autres doivent faire leur propre chemin. Tout s&rsquo;est parfaitement d\u00e9roul\u00e9 jusqu&rsquo;\u00e0 ce que UAE Emirates prenne l&rsquo;avantage. Nous n&rsquo;\u00e9tions plus que quatre derri\u00e8re Pogacar. <strong>Il \u00e9tait clair qu&rsquo;il \u00e9tait meilleur. Je le trouve exceptionnel. Je ne peux pas me plaindre, c&rsquo;est juste dommage d&rsquo;avoir termin\u00e9 deuxi\u00e8me trois semaines de suite.\u00a0\u00bb<\/strong><\/p>\n<p>Evenepoel : \u00ab\u00a0Il est temps maintenant de commencer quelque chose de nouveau\u00a0\u00bb<\/p>\n<p>Remco Evenepoel a donc conclu samedi une saison \u00e0 45 jours de course, commenc\u00e9e seulement mi-avril en raison de sa lourde chute de d\u00e9cembre dernier \u00e0 l&rsquo;entra\u00eenement. Il a remport\u00e9 huit victoires, dont six en contre-la-montre. Mais c&rsquo;est d\u00e9sormais une aventure du c\u00f4t\u00e9 de Red Bull-Bora Hansgrohe qui l&rsquo;attend \u00e0 partir de l&rsquo;ann\u00e9e prochain. Le Belge est fier d&rsquo;avoir tout donn\u00e9 pour sa derni\u00e8re course avec Soudal-Quick Step et a d\u00e9sormais h\u00e2te d&rsquo;ouvrir un nouveau chapitre. \u00ab Je suis tr\u00e8s heureux et fier d&rsquo;avoir \u00e9t\u00e9 le leader de cette \u00e9quipe, d&rsquo;avoir remport\u00e9 beaucoup de victoires pour cette \u00e9quipe (67 succ\u00e8s, ndlr).<strong> Je voulais me donner \u00e0 fond une derni\u00e8re fois, et je crois que j&rsquo;y suis parvenu. Je suis le genre de gars qui se bat toujours jusqu&rsquo;au bout, et c&rsquo;est ce que j&rsquo;ai fait.<\/strong> Les sept derni\u00e8res ann\u00e9es sont quelque chose que je garderai en m\u00e9moire pour le reste de ma vie, mais je pense qu&rsquo;il est temps maintenant de commencer quelque chose de nouveau. \u00bb Porter le maillot de Red Bull-Bora Hansgrohe lui permettra-t-il de trouver enfin la cl\u00e9 pour battre Tadej Pogacar ?<\/p>\n","protected":false},"excerpt":{"rendered":"Aur\u00e9lie Sacchelli, Media365, publi\u00e9 le dimanche 12 octobre 2025 \u00e0 11h22 Pour sa toute derni\u00e8re course avec Soudal-Quick&hellip;\n","protected":false},"author":2,"featured_media":457159,"comment_status":"","ping_status":"","sticky":false,"template":"","format":"standard","meta":{"footnotes":""},"categories":[1411],"tags":[1154,207,1011,27,60],"class_list":{"0":"post-457158","1":"post","2":"type-post","3":"status-publish","4":"format-standard","5":"has-post-thumbnail","7":"category-cyclisme","8":"tag-cycling","9":"tag-cyclisme","10":"tag-fr","11":"tag-france","12":"tag-sports"},"share_on_mastodon":{"url":"https:\/\/pubeurope.com\/@fr\/115360628998799497","error":""},"_links":{"self":[{"href":"https:\/\/www.europesays.com\/fr\/wp-json\/wp\/v2\/posts\/457158","targetHints":{"allow":["GET"]}}],"collection":[{"href":"https:\/\/www.europesays.com\/fr\/wp-json\/wp\/v2\/posts"}],"about":[{"href":"https:\/\/www.europesays.com\/fr\/wp-json\/wp\/v2\/types\/post"}],"author":[{"embeddable":true,"href":"https:\/\/www.europesays.com\/fr\/wp-json\/wp\/v2\/users\/2"}],"replies":[{"embeddable":true,"href":"https:\/\/www.europesays.com\/fr\/wp-json\/wp\/v2\/comments?post=457158"}],"version-history":[{"count":0,"href":"https:\/\/www.europesays.com\/fr\/wp-json\/wp\/v2\/posts\/457158\/revisions"}],"wp:featuredmedia":[{"embeddable":true,"href":"https:\/\/www.europesays.com\/fr\/wp-json\/wp\/v2\/media\/457159"}],"wp:attachment":[{"href":"https:\/\/www.europesays.com\/fr\/wp-json\/wp\/v2\/media?parent=457158"}],"wp:term":[{"taxonomy":"category","embeddable":true,"href":"https:\/\/www.europesays.com\/fr\/wp-json\/wp\/v2\/categories?post=457158"},{"taxonomy":"post_tag","embeddable":true,"href":"https:\/\/www.europesays.com\/fr\/wp-json\/wp\/v2\/tags?post=457158"}],"curies":[{"name":"wp","href":"https:\/\/api.w.org\/{rel}","templated":true}]}}