{"id":457160,"date":"2025-10-12T10:04:11","date_gmt":"2025-10-12T10:04:11","guid":{"rendered":"https:\/\/www.europesays.com\/fr\/457160\/"},"modified":"2025-10-12T10:04:11","modified_gmt":"2025-10-12T10:04:11","slug":"sans-kylian-mbappe-ca-change-quoi-pour-les-bleus","status":"publish","type":"post","link":"https:\/\/www.europesays.com\/fr\/457160\/","title":{"rendered":"Sans Kylian Mbapp\u00e9, \u00e7a change quoi pour les Bleus ?"},"content":{"rendered":"<p>\n    Le capitaine de l\u2019\u00e9quipe de France sera absent lundi soir pour le d\u00e9placement en Islande. Un forfait qui laisse un vide cons\u00e9quent en s\u00e9lection.<\/p>\n<p class=\"fig-paragraph\">Envoy\u00e9 sp\u00e9cial \u00e0 Reykjavik<\/p>\n<p class=\"fig-paragraph\">Un seul \u00eatre vous manque\u2026 Vous connaissez la suite. Vendredi soir, Kylian Mbapp\u00e9 est sorti\u00a0<a href=\"http:\/\/www.lefigaro.fr\/sports\/football\/coupe-du-monde\/bleus-kylian-mbappe-blesse-et-deja-forfait-contre-l-islande-20251011\" data-fig-type=\"NewsFlash\" data-gtm-custom-categorie=\"navigation\" data-gtm-custom-action=\"crossclick\" data-gtm-custom-label=\"Contextuel\" data-gtm-event=\"customEventSPE\" data-fig-domain=\"LEFIGARO\" target=\"_blank\" rel=\"noopener\">bless\u00e9 \u00e0 la cheville droite<\/a>, remplac\u00e9 par Florian Thauvin buteur (83e), et a d\u00fb renoncer quelques heures plus tard \u00e0 poursuivre le rassemblement de l\u2019\u00e9quipe de France.\u00a0<a href=\"http:\/\/www.lefigaro.fr\/sports\/football\/coupe-du-monde\/mbappe-le-taulier-thauvin-l-emotion-des-sifflets-inutiles-coups-de-coeur-et-coup-de-griffe-apres-france-azerbaidjan-20251011\" data-fig-type=\"NewsFlash\" data-gtm-custom-categorie=\"navigation\" data-gtm-custom-action=\"crossclick\" data-gtm-custom-label=\"Contextuel\" data-gtm-event=\"customEventSPE\" data-fig-domain=\"LEFIGARO\" target=\"_blank\" rel=\"noopener\">Ses co\u00e9quipiers<\/a>\u00a0ont rejoint Reykjavik samedi en fin de journ\u00e9e pour le match de lundi soir (20h45, TF1, en direct comment\u00e9 sur le Figaro.fr), lui est reparti \u00e0 Madrid, passant des examens qui n\u2019ont rien r\u00e9v\u00e9l\u00e9 de grave. Une pol\u00e9mique de moins. Mais un probl\u00e8me de plus pour Didier Deschamps, d\u00e9j\u00e0 priv\u00e9 de nombreux \u00e9l\u00e9ments (Demb\u00e9l\u00e9, Dou\u00e9, Thuram, Kolo Muani, Cherki\u2026) dans le secteur offensif. Les Bleus doivent montrer qu\u2019il peut y avoir une vie sans Kylian Mbapp\u00e9. Ils l\u2019ont d\u00e9j\u00e0 fait. Mais les interrogations sont l\u00e0.<\/p>\n<p>                                    <a class=\"fig-a11y-skip a11y-hidden\" href=\"#fig-a11y-skip-main-inarticle\"><br \/>\n        Passer la publicit\u00e9<br \/>\n    <\/a><\/p>\n<p>Un rempla\u00e7ant \u00e0 trouver<\/p>\n<p class=\"fig-paragraph\">Buteur sur ses 5 derniers matches en Bleu, apr\u00e8s une disette de juillet 2024 \u00e0 mars 2025, Kylian Mbapp\u00e9, meilleur joueur fran\u00e7ais vendredi soir face \u00e0 l\u2019Azerba\u00efdjan (3-0, note de 7,5\/10 au Figaro), laisse un trou b\u00e9ant derri\u00e8re lui. Encore un peu plus au regard des forfaits d\u00e9j\u00e0 act\u00e9s. Le s\u00e9lectionneur a plusieurs options qui s\u2019offrent \u00e0 lui. Hugo Ekitik\u00e9, qui a f\u00eat\u00e9 sa premi\u00e8re titularisation vendredi au Parc, avec une r\u00e9ussite incertaine, m\u00eame si ce fut mieux en seconde p\u00e9riode, avec notamment une frappe sur le poteau (47e). A 23 ans, l\u2019attaquant de Liverpool, en l\u2019absence de Demb\u00e9l\u00e9, Thuram et Kolo Muani, doit montrer qu\u2019il a la carrure pour \u00eatre une solution plus que cr\u00e9dible \u00e0 ce poste de num\u00e9ro 9. Derri\u00e8re lui, Jean-Philippe Mateta peut \u00eatre une alternative. Petit nouveau de la s\u00e9quence d\u2019octobre, le buteur de Crystal Palace part de plus loin.<\/p>\n<p>Une animation offensive \u00e0 repenser<\/p>\n<p class=\"fig-paragraph\">Vivre sans Kylian Mbapp\u00e9, l\u2019\u00e9quipe de France l\u2019a d\u00e9j\u00e0 fait la saison pass\u00e9e, au c\u0153ur d\u2019une rentr\u00e9e et d\u2019un automne o\u00f9 le deuxi\u00e8me meilleur buteur de l\u2019histoire de la s\u00e9lection n\u2019\u00e9tait plus le m\u00eame. Pour quels r\u00e9sultats\u00a0? Trois victoires (Belgique 1-2, Isra\u00ebl 1-4, Italie 1-3) et un nul contre Isra\u00ebl (0-0, 14 novembre), dans un contexte lunaire au Stade de France. Dans ces rendez-vous, Randal Kolo Muani et Marcus Thuram avaient \u00e9t\u00e9 choisis, accompagn\u00e9s notamment de Bradley Barcola et Ousmane Demb\u00e9l\u00e9. Ces quatre \u00e9l\u00e9ments cit\u00e9s ne sont pas l\u00e0 en octobre.<\/p>\n<p class=\"fig-paragraph\">Si les Bleus repassent en 4-2-3-1, Michael Olise, qui devrait \u00eatre bon apr\u00e8s avoir rat\u00e9 son match vendredi, aura un r\u00f4le central et a montr\u00e9 qu\u2019il pouvait marquer aussi. Sur les c\u00f4t\u00e9s, les profils d\u2019Akliouche, Thauvin ou encore Nkunku sont des solutions cr\u00e9dibles. Kingsley Coman, trop neutre au Parc des Princes, ne devrait pas d\u00e9buter. L\u2019absence de Mbapp\u00e9 doit permettre \u00e0 certains \u00e9l\u00e9ments de marquer des points dans la course \u00e0 la coupe du monde o\u00f9 les places devant seront tr\u00e8s ch\u00e8res avec le retour des absents. Certains pourraient m\u00eame jouer un strapontin\u00a0<a href=\"http:\/\/www.lefigaro.fr\/sports\/football\/coupe-du-monde\/coupe-du-monde-2026-la-france-qualifiee-lundi-si-20251011\" data-fig-type=\"NewsFlash\" data-gtm-custom-categorie=\"navigation\" data-gtm-custom-action=\"crossclick\" data-gtm-custom-label=\"Contextuel\" data-gtm-event=\"customEventSPE\" data-fig-domain=\"LEFIGARO\" target=\"_blank\" rel=\"noopener\">lundi soir \u00e0 Reykjavik.<\/a><\/p>\n<p>Un leadership \u00e0 redistribuer<\/p>\n<p class=\"fig-paragraph\">Capitaine de la s\u00e9lection depuis la retraite de Hugo Lloris et Rapha\u00ebl Varane, Kylian Mbapp\u00e9 remplit ce r\u00f4le avec de plus en plus d\u2019aisance en 2025. Bien dans sa t\u00eate, bien dans ses jambes, il se montre plus altruiste sur et en dehors du terrain. Une attitude remarqu\u00e9e et appr\u00e9ci\u00e9e par le staff. Qui pour le remplacer dans cette fonction lundi\u00a0? Aur\u00e9lien Tchouam\u00e9ni, suspendu et absent, avait port\u00e9 le brassard en octobre 2024 et Ibrahima Konat\u00e9, forfait samedi et remplac\u00e9 par Benjamin Pavard, en avait fait de m\u00eame en novembre dernier, avec N\u2019Golo Kant\u00e9. D\u2019autres internationaux, sans vraiment le vouloir, postulent. C\u2019est le cas de Mike Maignan, ou encore de Dayot Upamecano, voire Adrien Rabiot. El\u00e9ment de r\u00e9ponse dimanche soir en conf\u00e9rence de presse. L\u2019heureux \u00e9lu devrait se pr\u00e9senter face aux m\u00e9dias en veille de match.<\/p>\n","protected":false},"excerpt":{"rendered":"Le capitaine de l\u2019\u00e9quipe de France sera absent lundi soir pour le d\u00e9placement en Islande. Un forfait qui&hellip;\n","protected":false},"author":2,"featured_media":457161,"comment_status":"","ping_status":"","sticky":false,"template":"","format":"standard","meta":{"footnotes":""},"categories":[1410],"tags":[20532,6713,63,1011,27,6477,60],"class_list":{"0":"post-457160","1":"post","2":"type-post","3":"status-publish","4":"format-standard","5":"has-post-thumbnail","7":"category-football","8":"tag-didier-deschamps","9":"tag-equipe-de-france-de-football","10":"tag-football","11":"tag-fr","12":"tag-france","13":"tag-kylian-mbappe","14":"tag-sports"},"share_on_mastodon":{"url":"https:\/\/pubeurope.com\/@fr\/115360632978556223","error":""},"_links":{"self":[{"href":"https:\/\/www.europesays.com\/fr\/wp-json\/wp\/v2\/posts\/457160","targetHints":{"allow":["GET"]}}],"collection":[{"href":"https:\/\/www.europesays.com\/fr\/wp-json\/wp\/v2\/posts"}],"about":[{"href":"https:\/\/www.europesays.com\/fr\/wp-json\/wp\/v2\/types\/post"}],"author":[{"embeddable":true,"href":"https:\/\/www.europesays.com\/fr\/wp-json\/wp\/v2\/users\/2"}],"replies":[{"embeddable":true,"href":"https:\/\/www.europesays.com\/fr\/wp-json\/wp\/v2\/comments?post=457160"}],"version-history":[{"count":0,"href":"https:\/\/www.europesays.com\/fr\/wp-json\/wp\/v2\/posts\/457160\/revisions"}],"wp:featuredmedia":[{"embeddable":true,"href":"https:\/\/www.europesays.com\/fr\/wp-json\/wp\/v2\/media\/457161"}],"wp:attachment":[{"href":"https:\/\/www.europesays.com\/fr\/wp-json\/wp\/v2\/media?parent=457160"}],"wp:term":[{"taxonomy":"category","embeddable":true,"href":"https:\/\/www.europesays.com\/fr\/wp-json\/wp\/v2\/categories?post=457160"},{"taxonomy":"post_tag","embeddable":true,"href":"https:\/\/www.europesays.com\/fr\/wp-json\/wp\/v2\/tags?post=457160"}],"curies":[{"name":"wp","href":"https:\/\/api.w.org\/{rel}","templated":true}]}}