{"id":457162,"date":"2025-10-12T10:05:11","date_gmt":"2025-10-12T10:05:11","guid":{"rendered":"https:\/\/www.europesays.com\/fr\/457162\/"},"modified":"2025-10-12T10:05:11","modified_gmt":"2025-10-12T10:05:11","slug":"george-clooney-julia-roberts-et-brad-pitt-devraient-se-retrouver-sur-le-tournage-doceans-14","status":"publish","type":"post","link":"https:\/\/www.europesays.com\/fr\/457162\/","title":{"rendered":"George Clooney, Julia Roberts et Brad Pitt devraient se retrouver sur le tournage d\u2019Ocean\u2019s 14"},"content":{"rendered":"<p>\n    L\u2019acteur sexag\u00e9naire a r\u00e9v\u00e9l\u00e9 dans une interview que le budget du film a \u00e9t\u00e9 \u00ab\u00a0approuv\u00e9\u00a0\u00bb. Il ne reste plus qu\u2019\u00e0 trouver une date pour le lancement du tournage.<\/p>\n<p class=\"fig-paragraph\">Pr\u00e8s de vingt ans apr\u00e8s le dernier casse, Danny Ocean et sa bande devraient reprendre du service. Dans une r\u00e9cente interview vid\u00e9o publi\u00e9e sur le compte Instagram du m\u00e9dia E! News,\u00a0<a href=\"http:\/\/www.lefigaro.fr\/cinema\/mostra-de-venise-emma-stone-et-george-clooney-maltraitent-un-peu-leur-image-20250828\" target=\"_blank\" data-fig-type=\"Article\" rel=\"noopener\" data-gtm-custom-categorie=\"navigation\" data-gtm-custom-action=\"crossclick\" data-gtm-custom-label=\"Contextuel\" data-gtm-event=\"customEventSPE\" data-fig-domain=\"LEFIGARO\">George Clooney<\/a>\u00a0a r\u00e9v\u00e9l\u00e9 que le tournage du prochain volet de la franchise Ocean\u2019s devrait d\u00e9buter en 2026.<\/p>\n<p class=\"fig-paragraph\">\u00ab\u00a0Nous venons de faire approuver le budget par Warner Bros. et nous essayons de tout mettre en place\u00a0\u00bb, a r\u00e9v\u00e9l\u00e9 George Clooney. \u00ab\u00a0C\u2019est juste une question de planification, donc il s\u2019agit simplement de fixer une date de d\u00e9but. Le tournage pourrait probablement commencer dans environ neuf ou dix mois\u00a0\u00bb, a pr\u00e9cis\u00e9 l\u2019acteur oscaris\u00e9.<\/p>\n<p>                                    <a class=\"fig-a11y-skip a11y-hidden\" href=\"#fig-a11y-skip-main-inarticle\"><br \/>\n        Passer la publicit\u00e9<br \/>\n    <\/a><\/p>\n<p class=\"fig-paragraph\">Depuis 2023, l\u2019acteur et r\u00e9alisateur confirme l\u2019existence d\u2019un \u00ab\u00a0tr\u00e8s bon sc\u00e9nario\u00a0\u00bb pour une nouvelle aventure de Danny Ocean et sa bande. Si le casting n\u2019a pas \u00e9t\u00e9 officiellement d\u00e9voil\u00e9, George Clooney a cit\u00e9 les acteurs\u00a0<a href=\"https:\/\/video.lefigaro.fr\/figaro\/la-french-riviera-nouvel-amour-de-brad-pitt-20250715\" target=\"_blank\" data-fig-type=\"Video\" rel=\"noopener\" data-gtm-custom-categorie=\"navigation\" data-gtm-custom-action=\"crossclick\" data-gtm-custom-label=\"Contextuel\" data-gtm-event=\"customEventSPE\" data-fig-domain=\"LEFIGARO\">Brad Pitt<\/a>,\u00a0<a href=\"http:\/\/www.lefigaro.fr\/cinema\/matt-damon-et-ben-affleck-l-irreductible-duo-de-hollywood-de-retour-sur-les-ecrans-en-2026-20250910\" target=\"_blank\" data-fig-type=\"Article\" rel=\"noopener\" data-gtm-custom-categorie=\"navigation\" data-gtm-custom-action=\"crossclick\" data-gtm-custom-label=\"Contextuel\" data-gtm-event=\"customEventSPE\" data-fig-domain=\"LEFIGARO\">Matt Damon<\/a>\u00a0et\u00a0<a href=\"http:\/\/www.lefigaro.fr\/cinema\/mostra-feministe-ou-pas-julia-roberts-defend-son-film-apres-la-chasse-20250901\" target=\"_blank\" data-fig-type=\"NewsFlash\" rel=\"noopener\" data-gtm-custom-categorie=\"navigation\" data-gtm-custom-action=\"crossclick\" data-gtm-custom-label=\"Contextuel\" data-gtm-event=\"customEventSPE\" data-fig-domain=\"LEFIGARO\">Julia Roberts<\/a>. Alors que les films originaux \u00e9taient r\u00e9alis\u00e9s par Steven Soderbergh, ce nouveau volet sera dirig\u00e9 par David Leitch.<\/p>\n<p class=\"fig-paragraph\">La trilogie originale Ocean\u2019s, r\u00e9alis\u00e9e par Steven Soderbergh, a \u00e9t\u00e9 lanc\u00e9e en 2001 avec Ocean\u2019s Eleven, un premier succ\u00e8s commercial avec un peu plus de 450 millions de dollars au box-office mondial selon\u00a0<a href=\"https:\/\/variety.com\/2025\/film\/news\/george-clooney-oceans-14-cast-budget-approved-1236543090\/\" target=\"_blank\" rel=\"sponsored noopener\" data-gtm-custom-categorie=\"navigation\" data-gtm-custom-action=\"crossclick\" data-gtm-custom-label=\"Contextuel\" data-gtm-event=\"customEventSPE\">Variety<\/a> . La franchise s\u2019est poursuivie avec Ocean\u2019s Twelve en 2004 (362 millions de dollars) et Ocean\u2019s Thirteen en 2007 (311 millions de dollars).<\/p>\n<p class=\"fig-paragraph\">Le quatri\u00e8me film de la franchise est bien distinct du pr\u00e9quel d\u2019Ocean\u2019s Eleven actuellement dans les tuyaux des studios Warner Bros., qui devrait \u00eatre port\u00e9 par\u00a0<a href=\"http:\/\/www.lefigaro.fr\/cinema\/notre-critique-de-a-big-bold-beautiful-journey-margot-robbie-et-colin-farrell-naufrages-d-un-road-trip-sans-etincelle-20250930\" target=\"_blank\" data-fig-type=\"Article\" rel=\"noopener\" data-gtm-custom-categorie=\"navigation\" data-gtm-custom-action=\"crossclick\" data-gtm-custom-label=\"Contextuel\" data-gtm-event=\"customEventSPE\" data-fig-domain=\"LEFIGARO\">Margot Robbie<\/a>\u00a0et\u00a0<a href=\"https:\/\/video.lefigaro.fr\/figaro\/cinema\/natalie-portman-jane-fonda-bradley-cooper-ces-stars-internationales-qui-parlent-bien-francais-20250221\" target=\"_blank\" data-fig-type=\"Video\" rel=\"noopener\" data-gtm-custom-categorie=\"navigation\" data-gtm-custom-action=\"crossclick\" data-gtm-custom-label=\"Contextuel\" data-gtm-event=\"customEventSPE\" data-fig-domain=\"LEFIGARO\">Bradley Cooper\u00a0<\/a>sous la direction de Lee Isaac Chung. Situ\u00e9 dans les ann\u00e9es 1960, il racontera la gen\u00e8se de la mythique bande avant le premier film.<\/p>\n","protected":false},"excerpt":{"rendered":"L\u2019acteur sexag\u00e9naire a r\u00e9v\u00e9l\u00e9 dans une interview que le budget du film a \u00e9t\u00e9 \u00ab\u00a0approuv\u00e9\u00a0\u00bb. Il ne reste&hellip;\n","protected":false},"author":2,"featured_media":457163,"comment_status":"","ping_status":"","sticky":false,"template":"","format":"standard","meta":{"footnotes":""},"categories":[1359],"tags":[2134,58,59,1011,27,6054,21334,973],"class_list":{"0":"post-457162","1":"post","2":"type-post","3":"status-publish","4":"format-standard","5":"has-post-thumbnail","7":"category-people","8":"tag-brad-pitt","9":"tag-divertissement","10":"tag-entertainment","11":"tag-fr","12":"tag-france","13":"tag-george-clooney","14":"tag-julia-roberts","15":"tag-people"},"share_on_mastodon":{"url":"https:\/\/pubeurope.com\/@fr\/115360636899796608","error":""},"_links":{"self":[{"href":"https:\/\/www.europesays.com\/fr\/wp-json\/wp\/v2\/posts\/457162","targetHints":{"allow":["GET"]}}],"collection":[{"href":"https:\/\/www.europesays.com\/fr\/wp-json\/wp\/v2\/posts"}],"about":[{"href":"https:\/\/www.europesays.com\/fr\/wp-json\/wp\/v2\/types\/post"}],"author":[{"embeddable":true,"href":"https:\/\/www.europesays.com\/fr\/wp-json\/wp\/v2\/users\/2"}],"replies":[{"embeddable":true,"href":"https:\/\/www.europesays.com\/fr\/wp-json\/wp\/v2\/comments?post=457162"}],"version-history":[{"count":0,"href":"https:\/\/www.europesays.com\/fr\/wp-json\/wp\/v2\/posts\/457162\/revisions"}],"wp:featuredmedia":[{"embeddable":true,"href":"https:\/\/www.europesays.com\/fr\/wp-json\/wp\/v2\/media\/457163"}],"wp:attachment":[{"href":"https:\/\/www.europesays.com\/fr\/wp-json\/wp\/v2\/media?parent=457162"}],"wp:term":[{"taxonomy":"category","embeddable":true,"href":"https:\/\/www.europesays.com\/fr\/wp-json\/wp\/v2\/categories?post=457162"},{"taxonomy":"post_tag","embeddable":true,"href":"https:\/\/www.europesays.com\/fr\/wp-json\/wp\/v2\/tags?post=457162"}],"curies":[{"name":"wp","href":"https:\/\/api.w.org\/{rel}","templated":true}]}}