{"id":457164,"date":"2025-10-12T10:06:11","date_gmt":"2025-10-12T10:06:11","guid":{"rendered":"https:\/\/www.europesays.com\/fr\/457164\/"},"modified":"2025-10-12T10:06:11","modified_gmt":"2025-10-12T10:06:11","slug":"pourquoi-la-generation-alpha-floute-ses-photos-sur-les-reseaux-sociaux","status":"publish","type":"post","link":"https:\/\/www.europesays.com\/fr\/457164\/","title":{"rendered":"Pourquoi la g\u00e9n\u00e9ration Alpha floute ses photos sur les r\u00e9seaux sociaux\u00a0?"},"content":{"rendered":"<p>Ces jeunes, en qu\u00eate de leur propre identit\u00e9 sur les r\u00e9seaux sociaux, n\u2019h\u00e9sitent pas<a href=\"https:\/\/www.leparisien.fr\/societe\/video-ils-floutent-tout-pourquoi-la-jeune-generation-cache-autant-son-visage-sur-les-reseaux-sociaux-25-08-2025-JISVH3NSUFAMNGB6YX4AJPYFOY.php\" target=\"_blank\" class=\"c-link c-link--is-underlined\" rel=\"nofollow noopener\"> \u00e0 flouter leurs selfies<\/a>. \u00catre anonyme sur Internet, c\u2019est l\u2019enjeu de cette tendance\u00a0: cacher son visage, cacher ses amis. Elle peut faire r\u00e9f\u00e9rence aux V-tubers, qui sont carr\u00e9ment <a href=\"https:\/\/www.lefigaro.fr\/secteur\/high-tech\/mon-avatar-est-une-sorte-de-protection-qui-sont-les-vtubers-ces-influenceurs-masques-par-une-identite-virtuelle-20250614\" target=\"_blank\" class=\"c-link c-link--is-underlined\" rel=\"nofollow noopener\">des avatars fictifs <\/a>sur les r\u00e9seaux sociaux.<\/p>\n<p>Plus qu\u2019une simple tendance\u00a0?<\/p>\n<p>Selon Marion Zilio, autrice du livre Faceworld\u00a0: le visage du XXIe\u00a0si\u00e8cle, chaque g\u00e9n\u00e9ration trouve sa strat\u00e9gie pour modifier son corps \u00e0 sa guise. Au final, pour la g\u00e9n\u00e9ration Alpha, se flouter ne serait-elle pas une r\u00e9action face \u00e0 la (trop) r\u00e9cente conscientisation de sa trace ind\u00e9l\u00e9bile sur Internet\u00a0?<\/p>\n<p>Retrouvez la vid\u00e9o en int\u00e9gralit\u00e9 en haut de cet article, et sur 20minutes.fr<\/p>\n","protected":false},"excerpt":{"rendered":"Ces jeunes, en qu\u00eate de leur propre identit\u00e9 sur les r\u00e9seaux sociaux, n\u2019h\u00e9sitent pas \u00e0 flouter leurs selfies.&hellip;\n","protected":false},"author":2,"featured_media":457165,"comment_status":"","ping_status":"","sticky":false,"template":"","format":"standard","meta":{"footnotes":""},"categories":[1358],"tags":[1348,1384,1385,7904,1386,58,59,1011,27,2440,938,1748,58228,2439],"class_list":{"0":"post-457164","1":"post","2":"type-post","3":"status-publish","4":"format-standard","5":"has-post-thumbnail","7":"category-arts-et-design","8":"tag-arts","9":"tag-arts-and-design","10":"tag-arts-et-design","11":"tag-by-the-web","12":"tag-design","13":"tag-divertissement","14":"tag-entertainment","15":"tag-fr","16":"tag-france","17":"tag-instagram","18":"tag-reseaux-sociaux","19":"tag-snapchat","20":"tag-tant-decrans","21":"tag-tiktok"},"share_on_mastodon":{"url":"https:\/\/pubeurope.com\/@fr\/115360641012336751","error":""},"_links":{"self":[{"href":"https:\/\/www.europesays.com\/fr\/wp-json\/wp\/v2\/posts\/457164","targetHints":{"allow":["GET"]}}],"collection":[{"href":"https:\/\/www.europesays.com\/fr\/wp-json\/wp\/v2\/posts"}],"about":[{"href":"https:\/\/www.europesays.com\/fr\/wp-json\/wp\/v2\/types\/post"}],"author":[{"embeddable":true,"href":"https:\/\/www.europesays.com\/fr\/wp-json\/wp\/v2\/users\/2"}],"replies":[{"embeddable":true,"href":"https:\/\/www.europesays.com\/fr\/wp-json\/wp\/v2\/comments?post=457164"}],"version-history":[{"count":0,"href":"https:\/\/www.europesays.com\/fr\/wp-json\/wp\/v2\/posts\/457164\/revisions"}],"wp:featuredmedia":[{"embeddable":true,"href":"https:\/\/www.europesays.com\/fr\/wp-json\/wp\/v2\/media\/457165"}],"wp:attachment":[{"href":"https:\/\/www.europesays.com\/fr\/wp-json\/wp\/v2\/media?parent=457164"}],"wp:term":[{"taxonomy":"category","embeddable":true,"href":"https:\/\/www.europesays.com\/fr\/wp-json\/wp\/v2\/categories?post=457164"},{"taxonomy":"post_tag","embeddable":true,"href":"https:\/\/www.europesays.com\/fr\/wp-json\/wp\/v2\/tags?post=457164"}],"curies":[{"name":"wp","href":"https:\/\/api.w.org\/{rel}","templated":true}]}}